{"id":298591,"date":"2025-08-05T17:40:14","date_gmt":"2025-08-05T17:40:14","guid":{"rendered":"https:\/\/www.europesays.com\/fr\/298591\/"},"modified":"2025-08-05T17:40:14","modified_gmt":"2025-08-05T17:40:14","slug":"alerte-baine-a-risque-maximal-pour-les-deux-prochains-jours-le-prefet-appelle-a-la-vigilance","status":"publish","type":"post","link":"https:\/\/www.europesays.com\/fr\/298591\/","title":{"rendered":"alerte ba\u00efne \u00ab\u00e0 risque maximal\u00bb pour les deux prochains jours, le pr\u00e9fet appelle \u00e0 la vigilance"},"content":{"rendered":"<p>En Gironde, les journ\u00e9es du mercredi 6 et jeudi 7 ao\u00fbt ont \u00e9t\u00e9 class\u00e9es \u00e0 risque maximal en raison des courants marins particuli\u00e8rement puissants.<\/p>\n<p class=\"fig-paragraph\">Via un communiqu\u00e9,\u00a0<a href=\"https:\/\/www.lefigaro.fr\/bordeaux\/bordeaux-qui-est-etienne-guyot-le-nouveau-prefet-de-la-gironde-20230112?msockid=258c4318a154643d05395665a0ed65f9\" target=\"_blank\" data-fig-type=\"Article\" rel=\"sponsored noopener nofollow\" data-gtm-custom-categorie=\"navigation\" data-gtm-custom-action=\"crossclick\" data-gtm-custom-label=\"Contextuel\" data-gtm-event=\"customEventSPE\" data-fig-domain=\"LEFIGARO\">\u00c9tienne Guyot<\/a>, pr\u00e9fet de la r\u00e9gion Nouvelle-Aquitaine, appelle les personnes qui fr\u00e9quentent les\u00a0<a href=\"https:\/\/www.lefigaro.fr\/voyages\/dossier\/vacances-plage?msockid=258c4318a154643d05395665a0ed65f9\" target=\"_blank\" data-fig-type=\"Topic\" rel=\"sponsored noopener nofollow\" data-gtm-custom-categorie=\"navigation\" data-gtm-custom-action=\"crossclick\" data-gtm-custom-label=\"Contextuel\" data-gtm-event=\"customEventSPE\" data-fig-domain=\"LEFIGARO\">plages<\/a>\u00a0girondines \u00e0 la plus grande vigilance ces deux prochains jours. Les journ\u00e9es du mercredi 6 et jeudi 7 ao\u00fbt sont class\u00e9es \u00ab\u00e0 risque maximal\u00bb pour les\u00a0<a href=\"https:\/\/figaronautisme.meteoconsult.fr\/actus-nautisme-lifestyle\/2025-08-02\/33672-cet-ete-attention-aux-courants-de-baines\" target=\"_blank\" rel=\"sponsored noopener nofollow\" data-gtm-custom-categorie=\"navigation\" data-gtm-custom-action=\"crossclick\" data-gtm-custom-label=\"Contextuel\" data-gtm-event=\"customEventSPE\">ba\u00efnes<\/a>\u00a0sur le littoral dans le d\u00e9partement. Ces courants puissants, difficiles \u00e0 percevoir depuis la plage, peuvent emporter en quelques secondes m\u00eame les nageurs les plus aguerris vers le large.<\/p>\n<p>Des courants particuli\u00e8rement actifs<\/p>\n<p class=\"fig-paragraph\">Le danger est r\u00e9el\u00a0: chaque \u00e9t\u00e9, ils sont \u00e0 l\u2019origine de nombreuses noyades, parfois mortelles. \u00abLes conditions de mer attendues ces deux jours rendent les courants de ba\u00efnes particuli\u00e8rement actifs. La plus grande prudence est donc requise\u00bb, insiste la pr\u00e9fecture.<\/p>\n<p>                                    <a class=\"fig-a11y-skip a11y-hidden\" href=\"#fig-a11y-skip-main-inarticle\"><br \/>\n        Passer la publicit\u00e9<br \/>\n    <\/a><\/p>\n<p class=\"fig-paragraph\">Pour limiter les risques, les autorit\u00e9s rappellent quelques r\u00e8gles de s\u00e9curit\u00e9 comme privil\u00e9gier les zones surveill\u00e9es pour la baignade, surveiller les enfants en permanence, ne pas se baigner si l\u2019on se sent fatigu\u00e9, \u00e9viter la baignade apr\u00e8s consommation d\u2019alcool et surtout respecter les consignes de s\u00e9curit\u00e9 signal\u00e9es par les drapeaux de baignade.<\/p>\n<p class=\"fig-paragraph\">En cas d\u2019urgence, la pr\u00e9fecture rappelle qu\u2019il faut appeler le 112.<\/p>\n","protected":false},"excerpt":{"rendered":"En Gironde, les journ\u00e9es du mercredi 6 et jeudi 7 ao\u00fbt ont \u00e9t\u00e9 class\u00e9es \u00e0 risque maximal en&hellip;\n","protected":false},"author":2,"featured_media":298592,"comment_status":"","ping_status":"","sticky":false,"template":"","format":"standard","meta":{"footnotes":""},"categories":[2817],"tags":[1111,11,1997,1777,674,1011,27,6127,12,2219,12687,25],"class_list":{"0":"post-298591","1":"post","2":"type-post","3":"status-publish","4":"format-standard","5":"has-post-thumbnail","7":"category-bordeaux","8":"tag-actu","9":"tag-actualites","10":"tag-bordeaux","11":"tag-eu","12":"tag-europe","13":"tag-fr","14":"tag-france","15":"tag-mer","16":"tag-news","17":"tag-nouvelle-aquitaine","18":"tag-oceans","19":"tag-republique-francaise"},"share_on_mastodon":{"url":"https:\/\/pubeurope.com\/@fr\/114977388864797065","error":""},"_links":{"self":[{"href":"https:\/\/www.europesays.com\/fr\/wp-json\/wp\/v2\/posts\/298591","targetHints":{"allow":["GET"]}}],"collection":[{"href":"https:\/\/www.europesays.com\/fr\/wp-json\/wp\/v2\/posts"}],"about":[{"href":"https:\/\/www.europesays.com\/fr\/wp-json\/wp\/v2\/types\/post"}],"author":[{"embeddable":true,"href":"https:\/\/www.europesays.com\/fr\/wp-json\/wp\/v2\/users\/2"}],"replies":[{"embeddable":true,"href":"https:\/\/www.europesays.com\/fr\/wp-json\/wp\/v2\/comments?post=298591"}],"version-history":[{"count":0,"href":"https:\/\/www.europesays.com\/fr\/wp-json\/wp\/v2\/posts\/298591\/revisions"}],"wp:featuredmedia":[{"embeddable":true,"href":"https:\/\/www.europesays.com\/fr\/wp-json\/wp\/v2\/media\/298592"}],"wp:attachment":[{"href":"https:\/\/www.europesays.com\/fr\/wp-json\/wp\/v2\/media?parent=298591"}],"wp:term":[{"taxonomy":"category","embeddable":true,"href":"https:\/\/www.europesays.com\/fr\/wp-json\/wp\/v2\/categories?post=298591"},{"taxonomy":"post_tag","embeddable":true,"href":"https:\/\/www.europesays.com\/fr\/wp-json\/wp\/v2\/tags?post=298591"}],"curies":[{"name":"wp","href":"https:\/\/api.w.org\/{rel}","templated":true}]}}