{"id":298597,"date":"2025-08-05T17:44:10","date_gmt":"2025-08-05T17:44:10","guid":{"rendered":"https:\/\/www.europesays.com\/fr\/298597\/"},"modified":"2025-08-05T17:44:10","modified_gmt":"2025-08-05T17:44:10","slug":"quand-edon-zhegrova-snobait-lom-video","status":"publish","type":"post","link":"https:\/\/www.europesays.com\/fr\/298597\/","title":{"rendered":"quand Edon Zhegrova snobait l\u2019OM (vid\u00e9o)"},"content":{"rendered":"<p>Courtis\u00e9 par le club phoc\u00e9en cet \u00e9t\u00e9 selon diverses sources, l\u2019ailier international kosovar de 26 ans avait \u00e9conduit l\u2019Olympique de Marseille pour signer au Losc en 2023.<\/p>\n<p class=\"fig-paragraph\">Edon Zhegrova dans les petits papiers de l\u2019OM\u00a0?\u00a0<a href=\"http:\/\/www.lefigaro.fr\/sports\/football\/transferts\/le-paris-fc-reve-d-haidara-city-veut-blinder-rodri-transfert-annule-a-nice-les-6-infos-mercato-de-ce-mardi-20250805\" data-fig-type=\"NewsFlash\" data-gtm-custom-categorie=\"navigation\" data-gtm-custom-action=\"crossclick\" data-gtm-custom-label=\"Contextuel\" data-gtm-event=\"customEventSPE\" data-fig-domain=\"LEFIGARO\" target=\"_blank\" rel=\"noopener\">C\u2019est la derni\u00e8re rumeur en date du c\u00f4t\u00e9 de la Canebi\u00e8re<\/a>. Retour vers le futur. En effet, ce n\u2019est pas la premi\u00e8re fois que le club phoc\u00e9en se penche sur le cas de l\u2019ailier international kosovar (34 s\u00e9lections, 4 buts) de 26 ans. En janvier 2023, le natif de Herford, en Allemagne, \u00e9tait en effet courtis\u00e9 par un certain nombre de clubs. \u00c0 en croire les informations qui avaient circul\u00e9 \u00e0 l\u2019\u00e9poque, Lille, Wolverhampton et\u2026 l\u2019OM \u00e9taient venus aux renseignements pour tenter de l\u2019arracher \u00e0 B\u00e2le, o\u00f9 il jouait depuis f\u00e9vrier 2019. La suite, on la conna\u00eet, c\u2019est le Losc qui avait eu gain de cause pour un montant estim\u00e9 \u00e0 7 M\u20ac.<\/p>\n<p class=\"fig-paragraph\">\u00c0 l\u2019\u00e9poque, Zhegrova avait \u00e9t\u00e9 interrog\u00e9 sur l\u2019OM en conf\u00e9rence de presse. Voil\u00e0 ce qu\u2019il avait r\u00e9pondu\u00a0: \u00abJ\u2019aime plus Lille que Marseille, c\u2019est pour cela que j\u2019ai fait ce choix. C\u2019est une grande opportunit\u00e9, un grand club. J\u2019aime leur fa\u00e7on de jouer, le jeu de Lille est plus adapt\u00e9 pour moi que celui de l\u2019OM. Donc j\u2019aime davantage Lille, je suis venu et j\u2019en suis tr\u00e8s heureux\u00bb. Le genre de propos dont l\u2019int\u00e9ress\u00e9 devrait sans doute s\u2019expliquer s\u2019il devait finalement rejoindre l\u2019OM cet \u00e9t\u00e9\u2026 Edon Zhegrova a disput\u00e9 106 matchs avec le club lillois (26 buts, 18 passes d\u00e9cisives). Il est sous contrat jusqu\u2019en juin 2026.<\/p>\n","protected":false},"excerpt":{"rendered":"Courtis\u00e9 par le club phoc\u00e9en cet \u00e9t\u00e9 selon diverses sources, l\u2019ailier international kosovar de 26 ans avait \u00e9conduit&hellip;\n","protected":false},"author":2,"featured_media":298598,"comment_status":"","ping_status":"","sticky":false,"template":"","format":"standard","meta":{"footnotes":""},"categories":[2815],"tags":[1111,11,1777,674,1011,27,811,1307,2267,12,149,25],"class_list":{"0":"post-298597","1":"post","2":"type-post","3":"status-publish","4":"format-standard","5":"has-post-thumbnail","7":"category-lille","8":"tag-actu","9":"tag-actualites","10":"tag-eu","11":"tag-europe","12":"tag-fr","13":"tag-france","14":"tag-hauts-de-france","15":"tag-lille","16":"tag-losc","17":"tag-news","18":"tag-om","19":"tag-republique-francaise"},"share_on_mastodon":{"url":"https:\/\/pubeurope.com\/@fr\/114977404604835056","error":""},"_links":{"self":[{"href":"https:\/\/www.europesays.com\/fr\/wp-json\/wp\/v2\/posts\/298597","targetHints":{"allow":["GET"]}}],"collection":[{"href":"https:\/\/www.europesays.com\/fr\/wp-json\/wp\/v2\/posts"}],"about":[{"href":"https:\/\/www.europesays.com\/fr\/wp-json\/wp\/v2\/types\/post"}],"author":[{"embeddable":true,"href":"https:\/\/www.europesays.com\/fr\/wp-json\/wp\/v2\/users\/2"}],"replies":[{"embeddable":true,"href":"https:\/\/www.europesays.com\/fr\/wp-json\/wp\/v2\/comments?post=298597"}],"version-history":[{"count":0,"href":"https:\/\/www.europesays.com\/fr\/wp-json\/wp\/v2\/posts\/298597\/revisions"}],"wp:featuredmedia":[{"embeddable":true,"href":"https:\/\/www.europesays.com\/fr\/wp-json\/wp\/v2\/media\/298598"}],"wp:attachment":[{"href":"https:\/\/www.europesays.com\/fr\/wp-json\/wp\/v2\/media?parent=298597"}],"wp:term":[{"taxonomy":"category","embeddable":true,"href":"https:\/\/www.europesays.com\/fr\/wp-json\/wp\/v2\/categories?post=298597"},{"taxonomy":"post_tag","embeddable":true,"href":"https:\/\/www.europesays.com\/fr\/wp-json\/wp\/v2\/tags?post=298597"}],"curies":[{"name":"wp","href":"https:\/\/api.w.org\/{rel}","templated":true}]}}