{"id":298603,"date":"2025-08-05T17:47:14","date_gmt":"2025-08-05T17:47:14","guid":{"rendered":"https:\/\/www.europesays.com\/fr\/298603\/"},"modified":"2025-08-05T17:47:14","modified_gmt":"2025-08-05T17:47:14","slug":"quand-les-lyonnais-faisaient-la-foire-le-long-du-rhone-sur-un-site-sauve-des-eaux","status":"publish","type":"post","link":"https:\/\/www.europesays.com\/fr\/298603\/","title":{"rendered":"quand les Lyonnais faisaient la foire le long du Rh\u00f4ne sur un site \u00ab sauv\u00e9 des eaux \u00bb"},"content":{"rendered":"<p>Le Palais de la Foire. Pour la premi\u00e8re fois, un b\u00e2timent vient \u00e9pouser les formes de l\u2019imp\u00e9tueux Rh\u00f4ne qui ne cessait d\u2019afficher sa col\u00e8re en d\u00e9bordant de son lit, souvent. Ce palais \u00ab monumental \u00bb est con\u00e7u par l\u2019architecte en chef de la Ville de Lyon, Charles Meysson entre 1918 et 1935 pour accueillir la Foire de Lyon. \u00c0 l\u2019endroit m\u00eame o\u00f9 se d\u00e9ploie aujourd\u2019hui la Cit\u00e9 Internationale.<\/p>\n<p>\u00c0 bien y regarder, ces deux ensembles plus longs que larges ont quelques points de ressemblance. Tous deux, en tout cas et chacun \u00e0 leur mani\u00e8re, composent l\u2019un des nombreux chapitres de l\u2019histoire lyonnaise.<\/p>\n<p><strong>&gt;&gt;\u00a0<a href=\"https:\/\/www.leprogres.fr\/loisirs\/2011\/07\/31\/charles-meysson-l-inlassable-batisseur-d-edouard-herriot\" target=\"_blank\" rel=\"nofollow noopener\">Charles Meysson, l\u2019inlassable b\u00e2tisseur d\u2019\u00c9douard Herriot<\/a><\/strong><\/p>\n<p>Des terres mar\u00e9cageuses<\/p>\n<p>Ici, tout commence par des inondations, des drames et des baignades. Sorte de d\u00e9laiss\u00e9 tout au bout&#8230;<\/p>\n","protected":false},"excerpt":{"rendered":"Le Palais de la Foire. Pour la premi\u00e8re fois, un b\u00e2timent vient \u00e9pouser les formes de l\u2019imp\u00e9tueux Rh\u00f4ne&hellip;\n","protected":false},"author":2,"featured_media":298604,"comment_status":"","ping_status":"","sticky":false,"template":"","format":"standard","meta":{"footnotes":""},"categories":[1889],"tags":[1111,11,2430,33,2757,1777,674,107,1011,27,937,1116,2428,2756,12,25,2429,104],"class_list":{"0":"post-298603","1":"post","2":"type-post","3":"status-publish","4":"format-standard","5":"has-post-thumbnail","7":"category-lyon","8":"tag-actu","9":"tag-actualites","10":"tag-auvergne-rhone-alpes","11":"tag-economie","12":"tag-edition-lyon-villeurbanne","13":"tag-eu","14":"tag-europe","15":"tag-fil-info","16":"tag-fr","17":"tag-france","18":"tag-histoire","19":"tag-immobilier","20":"tag-lyon","21":"tag-lyon-bassin","22":"tag-news","23":"tag-republique-francaise","24":"tag-rhone","25":"tag-societe"},"share_on_mastodon":{"url":"https:\/\/pubeurope.com\/@fr\/114977416342407833","error":""},"_links":{"self":[{"href":"https:\/\/www.europesays.com\/fr\/wp-json\/wp\/v2\/posts\/298603","targetHints":{"allow":["GET"]}}],"collection":[{"href":"https:\/\/www.europesays.com\/fr\/wp-json\/wp\/v2\/posts"}],"about":[{"href":"https:\/\/www.europesays.com\/fr\/wp-json\/wp\/v2\/types\/post"}],"author":[{"embeddable":true,"href":"https:\/\/www.europesays.com\/fr\/wp-json\/wp\/v2\/users\/2"}],"replies":[{"embeddable":true,"href":"https:\/\/www.europesays.com\/fr\/wp-json\/wp\/v2\/comments?post=298603"}],"version-history":[{"count":0,"href":"https:\/\/www.europesays.com\/fr\/wp-json\/wp\/v2\/posts\/298603\/revisions"}],"wp:featuredmedia":[{"embeddable":true,"href":"https:\/\/www.europesays.com\/fr\/wp-json\/wp\/v2\/media\/298604"}],"wp:attachment":[{"href":"https:\/\/www.europesays.com\/fr\/wp-json\/wp\/v2\/media?parent=298603"}],"wp:term":[{"taxonomy":"category","embeddable":true,"href":"https:\/\/www.europesays.com\/fr\/wp-json\/wp\/v2\/categories?post=298603"},{"taxonomy":"post_tag","embeddable":true,"href":"https:\/\/www.europesays.com\/fr\/wp-json\/wp\/v2\/tags?post=298603"}],"curies":[{"name":"wp","href":"https:\/\/api.w.org\/{rel}","templated":true}]}}