{"id":298607,"date":"2025-08-05T17:51:11","date_gmt":"2025-08-05T17:51:11","guid":{"rendered":"https:\/\/www.europesays.com\/fr\/298607\/"},"modified":"2025-08-05T17:51:11","modified_gmt":"2025-08-05T17:51:11","slug":"larracheur-de-colliers-de-la-rue-pelleport-sest-il-fait-trahir-par-sa-veste-de-sport","status":"publish","type":"post","link":"https:\/\/www.europesays.com\/fr\/298607\/","title":{"rendered":"l&rsquo;arracheur de colliers de la rue Pelleport s&rsquo;est-il fait trahir par sa veste de sport\u00a0?"},"content":{"rendered":"<p>            Par<br \/>\n        <strong><br \/>\n            <a href=\"https:\/\/actu.fr\/auteur\/antoine-blanchet\" title=\"Consulter tous les articles de Antoine Blanchet\" rel=\"nofollow noopener\" target=\"_blank\">Antoine Blanchet<\/a><br \/>\n        <\/strong><\/p>\n<p>        Publi\u00e9 le<\/p>\n<p>            5 ao\u00fbt 2025 \u00e0 18h56        <\/p>\n<p>Elle a le dos vo\u00fbt\u00e9 et le corps fragile. Lui se tient droit et impose sa silhouette athl\u00e9tique. Elle entend mal et porte sa main \u00e0 son oreille pour comprendre les questions des juges du <a href=\"https:\/\/actu.fr\/tag\/tribunal-de-paris\" rel=\"nofollow noopener\" target=\"_blank\">tribunal de Paris<\/a>. Lui marmonne et mange les mots. Elle a 89 ans. Il en a 24. Elle est assise sur le strapontin d\u00e9di\u00e9 aux victimes. Il est debout dans le box des pr\u00e9venus. Elle s\u2019est fait arracher son collier dans l\u2019entr\u00e9e de son immeuble. Il est suspect\u00e9 d\u2019\u00eatre l\u2019auteur du vol.\u00a0<\/p>\n<p>Des vols commis avec violence\u00a0<\/p>\n<p class=\" wall-content\">Ce face-\u00e0-face interg\u00e9n\u00e9rationnel se tient ce mardi 5 ao\u00fbt 2025. Samba B., aurait commis <strong>trois vols avec violences contre des personnes \u00e2g\u00e9es<\/strong> <a href=\"https:\/\/actu.fr\/paris\/\" rel=\"nofollow noopener\" target=\"_blank\">dans la capitale<\/a>. \u00c0 chaque fois, le modus operandi est le m\u00eame. Les victimes, \u00e2g\u00e9es de 75 \u00e0 89 ans, sont suivies dans la rue. Arriv\u00e9es \u00e0 leur domicile, elles sont attaqu\u00e9es par un homme v\u00eatu de sombre et affubl\u00e9 d\u2019une cagoule. Les <a href=\"https:\/\/actu.fr\/ile-de-france\/paris_75056\/paris-en-famille-ils-aspergeaient-leurs-victimes-agees-de-mayonnaise-pour-les-depouiller_62943828.html\" rel=\"nofollow noopener\" target=\"_blank\">colliers ou les bracelets<\/a> sont arrach\u00e9s. Le larcin se d\u00e9roule parfois de mani\u00e8re brutale. Une victime est \u00e9trangl\u00e9e. Une autre re\u00e7oit des coups de pied au visage et perd trois dents. Physique, la violence est aussi verbale. \u00ab\u00a0Je te tue\u00a0\u00bb, crie-t-il \u00e0 celle qu\u2019il \u00e9trangle. \u00ab\u00a0Pourriture\u00a0\u00bb, lance-t-il \u00e0 celui qu\u2019il \u00e9dente.\u00a0<\/p>\n<p>Une interpellation muscl\u00e9e<\/p>\n<p class=\" wall-content\">La g\u00e9ographie de ces faits, qui se sont d\u00e9roul\u00e9s en milieu de journ\u00e9e le 18 avril, le 2 et le 29 mai, est tr\u00e8s resserr\u00e9e. Tous se sont d\u00e9roul\u00e9s <strong>aux alentours de la rue Pelleport<\/strong> dans le 20\u1d49 arrondissement. Le lendemain de la troisi\u00e8me attaque, les policiers de la brigade anticriminalit\u00e9 patrouillent et tombent sur un profil tr\u00e8s correspondant. Un homme affubl\u00e9 d\u2019une veste sombre. Son visage est dissimul\u00e9 par un cache-cou Selon les policiers, il semble regarder les passants les plus \u00e2g\u00e9s. Les agents d\u00e9cident de l\u2019interpeller. L\u2019affaire tourne \u00e0 l\u2019\u00e9chauffour\u00e9e. L\u2019individu se d\u00e9bat. Il tord le doigt d\u2019une polici\u00e8re. Il faut se mettre \u00e0 cinq pour l\u2019embarquer dans le panier \u00e0 salade.\u00a0<\/p>\n<p class=\" wall-content\">Ce mardi, le pr\u00e9venu maintient ses propos tenus en d\u00e9tention. Il n\u2019est pas l\u2019auteur des arrachages de bijoux en s\u00e9rie. Au moment de sa rencontre muscl\u00e9e avec les policiers, il faisait son jogging quotidien. Pour justifier de son accoutrement tr\u00e8s couvert pour un mois de mai, il invoque les exigences musculaires.\u00a0<\/p>\n<p class=\" wall-content\">\u00ab\u00a0J\u2019\u00e9tais en p\u00e9riode de s\u00e8che. C\u2019est-\u00e0-dire que je devais me faire transpirer pour perdre de la masse. C\u2019est interdit maintenant, de s\u2019habiller comme on veut ?\u00a0\u00bb, s\u2019\u00e9nerve-t-il.\u00a0<\/p>\n<p class=\" wall-content\">Pour les <strong>violences contre les policiers<\/strong>, il explique avoir \u00e9t\u00e9 surpris par les agents : \u00ab\u00a0Une femme s\u2019est approch\u00e9e moi et s\u2019est mise \u00e0 m\u2019agripper. Plusieurs policiers me sont ensuite tomb\u00e9s dessus\u00a0\u00bb.\u00a0<\/p>\n<p>Une attitude troublante<\/p>\n<p class=\" wall-content\">Mis \u00e0 part ces actes de r\u00e9bellions, d\u2019autres actions du pr\u00e9venu ont rajout\u00e9 \u00e0 la suspicion des enqu\u00eateurs. Tout d\u2019abord, Samba S. a refus\u00e9 de donner ses empreintes et les codes de son t\u00e9l\u00e9phone. Plus surprenant encore, le jeune homme, lors de sa garde \u00e0 vue, a d\u00e9chir\u00e9 en petits morceaux sa veste \u2013 similaire \u00e0 celle de l\u2019arracheur de colliers \u2013 et l\u2019a jet\u00e9e dans les toilettes de sa cellule. Voulait-il supprimer d\u2019\u00e9ventuelles traces accablantes ? Ou alors a-t-il agi par simple col\u00e8re, comme il le maintient \u00e0 la barre.\u00a0<\/p>\n<p class=\" wall-content\">Autre \u00e9l\u00e9ment, <strong>un appel pass\u00e9 par le pr\u00e9venu \u00e0 une bijouterie<\/strong> une dizaine de minutes apr\u00e8s le vol commis le 29 mai. \u00ab\u00a0C\u2019\u00e9tait pour le mariage d\u2019un ami. J\u2019\u00e9tais cens\u00e9 r\u00e9cup\u00e9rer les alliances. C\u2019est pour \u00e7a que j\u2019ai pass\u00e9 cet appel\u00a0\u00bb, rembobine Samba B. Mais tel un hoquet dans ce r\u00e9cit, deux hic. Le premier : aucun ami n\u2019est venu t\u00e9moigner de la v\u00e9racit\u00e9 de ce mariage. Le second : l\u2019appel est pass\u00e9 en plein jour f\u00e9ri\u00e9. N\u00e9anmoins, les policiers n\u2019ont pas cherch\u00e9 \u00e0 contacter le fameux bijoutier.\u00a0<\/p>\n<p>\u00ab\u00a0Il \u00e9tait plus mince dans mon souvenir\u00a0\u00bb<\/p>\n<p class=\" wall-content\">Lorsqu\u2019il s\u2019agit d\u2019aborder le parcours de Samba B., l\u00e0 encore, la balance judiciaire ne penche pas de son c\u00f4t\u00e9. <a href=\"https:\/\/actu.fr\/ile-de-france\/versailles_78646\/justice-des-mineurs-avocats-magistrats-et-greffiers-de-versailles-unis-contre-la-loi-attal_62596845.html\" rel=\"nofollow noopener\" target=\"_blank\">Tribunal pour enfants<\/a>, tribunal correctionnel, cour d\u2019appel\u2026 Le pr\u00e9venu encha\u00eene les comparutions depuis ses 13 ans.\u00a0 Au total, six condamnations, dont plusieurs pour\u2026 vol avec violences. Une affaire en question est similaire \u00e0 celle jug\u00e9e aujourd\u2019hui. N\u2019ayant jamais travaill\u00e9, le jeune homme affirme vouloir se lancer dans la p\u00e2tisserie.\u00a0<\/p>\n<p class=\" wall-content\">Le regard un peu perdu, la seule victime pr\u00e9sente dans la salle s\u2019est bri\u00e8vement exprim\u00e9e. D\u2019une petite voix, elle d\u00e9plore la perte d\u2019un collier ayant valeur sentimentale : \u00ab\u00a0C\u2019\u00e9tait la cha\u00eene de bapt\u00eame que mes parents m\u2019ont offerte. Depuis cette agression, j\u2019ai peur de sortir\u00a0\u00bb. Venue pour \u00ab\u00a0voir \u00e0 quoi ressemblait son agresseur\u00a0\u00bb, elle reconna\u00eet ne pas bien le reconna\u00eetre : \u00ab\u00a0Il \u00e9tait plus mince dans mon souvenir\u00a0\u00bb. Elle demande <strong>1 500 euros de dommages et int\u00e9r\u00eats<\/strong>. Les autres victimes, non pr\u00e9sentes, r\u00e9clament plusieurs milliers d\u2019euros au pr\u00e9venu.\u00a0<\/p>\n<p>Faisceau d\u2019indices ou enqu\u00eate mal men\u00e9e ?\u00a0<\/p>\n<p class=\" wall-content\">\u00c0 l\u2019issue de ces d\u00e9bats, le tribunal n\u2019a aucune preuve irr\u00e9futable entre les mains. Pour le procureur, il y a un faisceau d\u2019indices, et celui-ci permet sans probl\u00e8me de condamner. \u00ab\u00a0Il y a un mode op\u00e9ratoire. Pour ne pas dire une signature\u00a0\u00bb, affirme le magistrat. Pour le minist\u00e8re public, Samba B. est m\u00eame un \u00ab\u00a0professionnel\u00a0\u00bb. Si son t\u00e9l\u00e9phone borne \u00e0 son domicile au moment de plusieurs faits, c\u2019est une technique pour brouiller les pistes. \u00ab\u00a0Il commet des vols pr\u00e8s de chez lui pour que le t\u00e9l\u00e9phone y borne. C\u2019est pas b\u00eate\u00a0\u00bb, assure le procureur. Il demande<strong> trois ans de prison contre le pr\u00e9venu<\/strong>. Avec maintien en d\u00e9tention.\u00a0<\/p>\n<p class=\" wall-content\">Ce faisceau \u00e9rig\u00e9 en orf\u00e8vrerie p\u00e9nale, l\u2019avocate de la d\u00e9fense en fait de la quincaillerie. Dans sa plaidoirie, elle fustige une enqu\u00eate faible. \u00ab\u00a0Sur la vid\u00e9osurveillance, on voit seulement un homme v\u00eatu de sombre. Combien de personnes porte ce m\u00eame type de vestes ? Aucune victime n\u2019a reconnu mon client !\u00a0\u00bb, d\u00e9nonce <strong>Me Manon Pailler<\/strong>. Elle demande la relaxe pure et simple du pr\u00e9venu.\u00a0<\/p>\n<p class=\" wall-content\">Finalement, le tribunal relax\u00e9 le pr\u00e9venu pour deux des trois vols. La peine reste lourde, puisque Samba B. est condamn\u00e9 \u00e0 trois ans de prison avec maintien en d\u00e9tention. Il a aussi \u00e9t\u00e9 reconnu coupable de r\u00e9bellion \u00e0 l\u2019encontre des policiers lors de son interpellation.\u00a0<\/p>\n<p class=\" wall-content\">Suivez toute l\u2019actualit\u00e9 de vos villes et m\u00e9dias favoris en vous inscrivant \u00e0 <a href=\"https:\/\/moncompte.actu.fr\" title=\"D\u00e9couvez Mon Actu\" rel=\"nofollow noopener\" data-trk=\"{&quot;cta&quot;:{&quot;action&quot;:&quot;https:\\\/\\\/moncompte.actu.fr&quot;,&quot;category&quot;:&quot;mon compte&quot;,&quot;from&quot;:&quot;article footer&quot;,&quot;name&quot;:&quot;Mon actu&quot;,&quot;type&quot;:&quot;cta&quot;}}\" target=\"_blank\">Mon Actu<\/a>.<\/p>\n","protected":false},"excerpt":{"rendered":"Par Antoine Blanchet Publi\u00e9 le 5 ao\u00fbt 2025 \u00e0 18h56 Elle a le dos vo\u00fbt\u00e9 et le corps&hellip;\n","protected":false},"author":2,"featured_media":298608,"comment_status":"","ping_status":"","sticky":false,"template":"","format":"standard","meta":{"footnotes":""},"categories":[1888],"tags":[1111,1928,11,1927,1777,674,118,1011,27,303,12,1926,626,1925,25],"class_list":{"0":"post-298607","1":"post","2":"type-post","3":"status-publish","4":"format-standard","5":"has-post-thumbnail","7":"category-paris","8":"tag-actu","9":"tag-actu-paris","10":"tag-actualites","11":"tag-actualites-paris","12":"tag-eu","13":"tag-europe","14":"tag-faits-divers","15":"tag-fr","16":"tag-france","17":"tag-justice","18":"tag-news","19":"tag-news-paris","20":"tag-paris","21":"tag-paris-news","22":"tag-republique-francaise"},"share_on_mastodon":{"url":"https:\/\/pubeurope.com\/@fr\/114977432113231921","error":""},"_links":{"self":[{"href":"https:\/\/www.europesays.com\/fr\/wp-json\/wp\/v2\/posts\/298607","targetHints":{"allow":["GET"]}}],"collection":[{"href":"https:\/\/www.europesays.com\/fr\/wp-json\/wp\/v2\/posts"}],"about":[{"href":"https:\/\/www.europesays.com\/fr\/wp-json\/wp\/v2\/types\/post"}],"author":[{"embeddable":true,"href":"https:\/\/www.europesays.com\/fr\/wp-json\/wp\/v2\/users\/2"}],"replies":[{"embeddable":true,"href":"https:\/\/www.europesays.com\/fr\/wp-json\/wp\/v2\/comments?post=298607"}],"version-history":[{"count":0,"href":"https:\/\/www.europesays.com\/fr\/wp-json\/wp\/v2\/posts\/298607\/revisions"}],"wp:featuredmedia":[{"embeddable":true,"href":"https:\/\/www.europesays.com\/fr\/wp-json\/wp\/v2\/media\/298608"}],"wp:attachment":[{"href":"https:\/\/www.europesays.com\/fr\/wp-json\/wp\/v2\/media?parent=298607"}],"wp:term":[{"taxonomy":"category","embeddable":true,"href":"https:\/\/www.europesays.com\/fr\/wp-json\/wp\/v2\/categories?post=298607"},{"taxonomy":"post_tag","embeddable":true,"href":"https:\/\/www.europesays.com\/fr\/wp-json\/wp\/v2\/tags?post=298607"}],"curies":[{"name":"wp","href":"https:\/\/api.w.org\/{rel}","templated":true}]}}