{"id":298609,"date":"2025-08-05T17:52:11","date_gmt":"2025-08-05T17:52:11","guid":{"rendered":"https:\/\/www.europesays.com\/fr\/298609\/"},"modified":"2025-08-05T17:52:11","modified_gmt":"2025-08-05T17:52:11","slug":"news-une-nouvelle-date-a-paris-pour-laura-mary-carter","status":"publish","type":"post","link":"https:\/\/www.europesays.com\/fr\/298609\/","title":{"rendered":"News : Une nouvelle date \u00e0 Paris pour Laura-Mary Carter"},"content":{"rendered":"<p>       Dans l&rsquo;attente de la sortie prochaine de son premier album solo, <strong>Bye Bye Jackie<\/strong>, Laura-Mary Carter (Blood Red Shoes) a annonc\u00e9 aujourd&rsquo;hui la tenue d&rsquo;une tourn\u00e9e en Europe en d\u00e9but d&rsquo;ann\u00e9e prochaine.<\/p>\n<p>A cette occasion, la musicienne se produira notamment sur la sc\u00e8ne du POPUP! \u00e0 Paris le 16 f\u00e9vrier 2026, l&rsquo;ouverture de la billetterie \u00e9tant pr\u00e9vue ce vendredi 8 ao\u00fbt \u00e0 11h. <\/p>\n","protected":false},"excerpt":{"rendered":"Dans l&rsquo;attente de la sortie prochaine de son premier album solo, Bye Bye Jackie, Laura-Mary Carter (Blood Red&hellip;\n","protected":false},"author":2,"featured_media":298610,"comment_status":"","ping_status":"","sticky":false,"template":"","format":"standard","meta":{"footnotes":""},"categories":[1888],"tags":[1111,1928,11,1927,1777,674,1011,27,12,1926,626,1925,25],"class_list":{"0":"post-298609","1":"post","2":"type-post","3":"status-publish","4":"format-standard","5":"has-post-thumbnail","7":"category-paris","8":"tag-actu","9":"tag-actu-paris","10":"tag-actualites","11":"tag-actualites-paris","12":"tag-eu","13":"tag-europe","14":"tag-fr","15":"tag-france","16":"tag-news","17":"tag-news-paris","18":"tag-paris","19":"tag-paris-news","20":"tag-republique-francaise"},"share_on_mastodon":{"url":"https:\/\/pubeurope.com\/@fr\/114977436171793270","error":""},"_links":{"self":[{"href":"https:\/\/www.europesays.com\/fr\/wp-json\/wp\/v2\/posts\/298609","targetHints":{"allow":["GET"]}}],"collection":[{"href":"https:\/\/www.europesays.com\/fr\/wp-json\/wp\/v2\/posts"}],"about":[{"href":"https:\/\/www.europesays.com\/fr\/wp-json\/wp\/v2\/types\/post"}],"author":[{"embeddable":true,"href":"https:\/\/www.europesays.com\/fr\/wp-json\/wp\/v2\/users\/2"}],"replies":[{"embeddable":true,"href":"https:\/\/www.europesays.com\/fr\/wp-json\/wp\/v2\/comments?post=298609"}],"version-history":[{"count":0,"href":"https:\/\/www.europesays.com\/fr\/wp-json\/wp\/v2\/posts\/298609\/revisions"}],"wp:featuredmedia":[{"embeddable":true,"href":"https:\/\/www.europesays.com\/fr\/wp-json\/wp\/v2\/media\/298610"}],"wp:attachment":[{"href":"https:\/\/www.europesays.com\/fr\/wp-json\/wp\/v2\/media?parent=298609"}],"wp:term":[{"taxonomy":"category","embeddable":true,"href":"https:\/\/www.europesays.com\/fr\/wp-json\/wp\/v2\/categories?post=298609"},{"taxonomy":"post_tag","embeddable":true,"href":"https:\/\/www.europesays.com\/fr\/wp-json\/wp\/v2\/tags?post=298609"}],"curies":[{"name":"wp","href":"https:\/\/api.w.org\/{rel}","templated":true}]}}