{"id":298619,"date":"2025-08-05T17:57:14","date_gmt":"2025-08-05T17:57:14","guid":{"rendered":"https:\/\/www.europesays.com\/fr\/298619\/"},"modified":"2025-08-05T17:57:14","modified_gmt":"2025-08-05T17:57:14","slug":"witsel-a-ludinese-avec-les-usa-dans-le-viseur","status":"publish","type":"post","link":"https:\/\/www.europesays.com\/fr\/298619\/","title":{"rendered":"Witsel \u00e0 l&rsquo;Udinese avec les USA dans le viseur"},"content":{"rendered":"<p class=\"ap-StoryElement ap-StoryElement--mb js-paywall-target ap-StoryText\">Witsel pr\u00e9sente en effet l&rsquo;avantage d&rsquo;\u00eatre exp\u00e9riment\u00e9, ce qui n&rsquo;est pas de trop pour l&rsquo;\u00e9quipe actuelle, et il a d\u00e9velopp\u00e9 une certaine polyvalence puisqu&rsquo;il peut jouer en d\u00e9fense centrale. C&rsquo;\u00e9tait d&rsquo;ailleurs avec cette option en t\u00eate que Domenico Tedesco l&rsquo;avait int\u00e9gr\u00e9 au groupe pour l&rsquo;Euro 2024. Bless\u00e9, il avait suivi la comp\u00e9tition, et l&rsquo;\u00e9limination en huiti\u00e8mes de finale contre la France (0-1), depuis les tribunes.<\/p>\n<p>Il a \u00e9t\u00e9 proche du Betis S\u00e9ville<\/p>\n<p class=\"ap-StoryElement ap-StoryElement--mb ap-StoryText\">Un tournoi qu&rsquo;il a mal v\u00e9cu et lui a laiss\u00e9 le go\u00fbt amer de ne pouvoir boucler la boucle avec la s\u00e9lection en \u00e9tant au moins sur le terrain. La saison qui s&rsquo;ouvre lui offre une possibilit\u00e9, \u00e0 condition donc d&rsquo;\u00eatre \u00e0 un bon niveau dans une \u00e9quipe moyenne de Serie A, qui a fini la saison pass\u00e9e \u00e0 la douzi\u00e8me place.<\/p>\n<p class=\"ap-StoryElement ap-StoryElement--mb ap-StoryText\">Dans une interview qu&rsquo;il avait accord\u00e9e \u00e0 la Gazzetta dello Sport fin juillet, Witsel avait expliqu\u00e9 son envie de d\u00e9couvrir la Serie A apr\u00e8s qu&rsquo;il a jou\u00e9 en Bundesliga (Borussia Dortmund) et en Liga, parmi les grands championnats europ\u00e9ens. La perche tendue n&rsquo;\u00e9tait pas anodine, forc\u00e9ment, et les premiers contacts ont \u00e9t\u00e9 nou\u00e9s assez vite avec le club italien.<\/p>\n<p class=\"ap-StoryElement ap-StoryElement--mb ap-StoryText\">Dans un premier temps, Witsel a esp\u00e9r\u00e9 rester en Espagne, proche de sa famille, \u00e0 Madrid. Des touches avaient \u00e9t\u00e9 envisag\u00e9es avec le Rayo Vallecano et Getafe, clubs situ\u00e9s dans la p\u00e9riph\u00e9rie madril\u00e8ne, sans plus. Les discussions ont \u00e9t\u00e9 plus avanc\u00e9es avec le Betis S\u00e9ville, au point que Witsel a pens\u00e9 que cela pourrait se faire. Mais le club espagnol lui a pr\u00e9f\u00e9r\u00e9 un autre \u00e9l\u00e9ment, plus jeune.<\/p>\n<p>Le Standard n&rsquo;\u00e9tait pas une option<\/p>\n<p class=\"ap-StoryElement ap-StoryElement--mb ap-StoryText\">Ce sera finalement l&rsquo;Udinese, pour une derni\u00e8re danse, puisqu&rsquo;il avait \u00e9t\u00e9 \u00e9cart\u00e9 des approches du Moyen-Orient pour des raisons autant familiales que sportives. Il avait aussi \u00e9cart\u00e9 le Standard, rapidement, c&rsquo;est-\u00e0-dire apr\u00e8s une rencontre avec Marc Wilmots, qui s&rsquo;\u00e9tait d\u00e9plac\u00e9 \u00e0 Madrid pour essayer de le convaincre par les sentiments : <a href=\"https:\/\/www.dhnet.be\/sports\/football\/division-1a\/standard\/2025\/05\/30\/axel-witsel-avec-latletico-de-madrid-a-la-coupe-du-monde-des-clubs-pas-encore-de-decision-pour-le-standard-AY7UMVUMMNEUDCRVUACNJNVEGI\/\" target=\"_self\" rel=\"noopener\">revenir o\u00f9 tout a d\u00e9but\u00e9, pour boucler la boucle et pr\u00e9parer son apr\u00e8s-carri\u00e8re dans un contexte qu&rsquo;il conna\u00eet bien<\/a>.<\/p>\n<p class=\"ap-StoryElement ap-StoryElement--mb ap-StoryText\">Mais derri\u00e8re les effets d&rsquo;annonce, et la volont\u00e9 de Wilmots, il y avait un s\u00e9rieux \u00e9cueil, en plus du sportif. Quel \u00e9tait exactement le projet du Standard, pour les prochaines ann\u00e9es ? La r\u00e9ponse n&rsquo;a pas pu \u00eatre donn\u00e9e puisque la vue sur les prochains investisseurs n&rsquo;\u00e9tait (et n&rsquo;est pas encore) connue. Axel Witsel a poliment d\u00e9clin\u00e9, sachant sans doute aussi qu&rsquo;un retour en Belgique pouvait \u00eatre un danger plus important pour sa fin de carri\u00e8re qu&rsquo;une r\u00e9elle aubaine.<\/p>\n<p class=\"ap-StoryElement ap-StoryElement--mb ap-StoryText\">\u00c0 Udinese, il esp\u00e8re pouvoir bien conclure et s&rsquo;offrir un ticket pour la Coupe du monde.<\/p>\n","protected":false},"excerpt":{"rendered":"Witsel pr\u00e9sente en effet l&rsquo;avantage d&rsquo;\u00eatre exp\u00e9riment\u00e9, ce qui n&rsquo;est pas de trop pour l&rsquo;\u00e9quipe actuelle, et il&hellip;\n","protected":false},"author":2,"featured_media":298620,"comment_status":"","ping_status":"","sticky":false,"template":"","format":"standard","meta":{"footnotes":""},"categories":[1589],"tags":[11,43853,43856,43854,43855,73,1866,12,1864,1865,1863,308],"class_list":{"0":"post-298619","1":"post","2":"type-post","3":"status-publish","4":"format-standard","5":"has-post-thumbnail","7":"category-etats-unis","8":"tag-actualites","9":"tag-axel-witsel","10":"tag-championnat-deurope-de-football-euro","11":"tag-diables-rouges","12":"tag-domenico-tedesco","13":"tag-etats-unis","14":"tag-etats-unis-damerique","15":"tag-news","16":"tag-united-states","17":"tag-united-states-of-america","18":"tag-us","19":"tag-usa"},"share_on_mastodon":{"url":"https:\/\/pubeurope.com\/@fr\/114977455686132640","error":""},"_links":{"self":[{"href":"https:\/\/www.europesays.com\/fr\/wp-json\/wp\/v2\/posts\/298619","targetHints":{"allow":["GET"]}}],"collection":[{"href":"https:\/\/www.europesays.com\/fr\/wp-json\/wp\/v2\/posts"}],"about":[{"href":"https:\/\/www.europesays.com\/fr\/wp-json\/wp\/v2\/types\/post"}],"author":[{"embeddable":true,"href":"https:\/\/www.europesays.com\/fr\/wp-json\/wp\/v2\/users\/2"}],"replies":[{"embeddable":true,"href":"https:\/\/www.europesays.com\/fr\/wp-json\/wp\/v2\/comments?post=298619"}],"version-history":[{"count":0,"href":"https:\/\/www.europesays.com\/fr\/wp-json\/wp\/v2\/posts\/298619\/revisions"}],"wp:featuredmedia":[{"embeddable":true,"href":"https:\/\/www.europesays.com\/fr\/wp-json\/wp\/v2\/media\/298620"}],"wp:attachment":[{"href":"https:\/\/www.europesays.com\/fr\/wp-json\/wp\/v2\/media?parent=298619"}],"wp:term":[{"taxonomy":"category","embeddable":true,"href":"https:\/\/www.europesays.com\/fr\/wp-json\/wp\/v2\/categories?post=298619"},{"taxonomy":"post_tag","embeddable":true,"href":"https:\/\/www.europesays.com\/fr\/wp-json\/wp\/v2\/tags?post=298619"}],"curies":[{"name":"wp","href":"https:\/\/api.w.org\/{rel}","templated":true}]}}