{"id":298621,"date":"2025-08-05T17:58:09","date_gmt":"2025-08-05T17:58:09","guid":{"rendered":"https:\/\/www.europesays.com\/fr\/298621\/"},"modified":"2025-08-05T17:58:09","modified_gmt":"2025-08-05T17:58:09","slug":"le-pari-risque-du-nouvel-accord-entre-la-france-et-la-grande-bretagne","status":"publish","type":"post","link":"https:\/\/www.europesays.com\/fr\/298621\/","title":{"rendered":"le pari risqu\u00e9 du nouvel accord entre la France et la Grande-Bretagne"},"content":{"rendered":"<p><strong>D\u00c9CRYPTAGE &#8211;<\/strong> \u00c0 compter de ce mercredi, Paris reprendra certains des migrants que Londres refuse. Les Anglais, une partie de ceux qui se pressent \u00e0 Calais. March\u00e9 de dupe\u00a0?<\/p>\n<p class=\"fig-paragraph\">\u00ab\u00a0Casser les fili\u00e8res.\u00a0\u00bb Tel est l\u2019objectif affich\u00e9 par\u00a0<a href=\"http:\/\/www.lefigaro.fr\/actualite-france\/migrants-bruno-retailleau-au-touquet-avec-son-homologue-britannique-20250227\" data-fig-type=\"NewsFlash\" data-gtm-custom-categorie=\"navigation\" data-gtm-custom-action=\"crossclick\" data-gtm-custom-label=\"Contextuel\" data-gtm-event=\"customEventSPE\" data-fig-domain=\"LEFIGARO\" rel=\"nofollow noopener\" target=\"_blank\">le ministre de l\u2019Int\u00e9rieur, Bruno Retailleau<\/a>, quand il salue sur le r\u00e9seau social\u00a0X l\u2019entr\u00e9e en vigueur ce 6\u00a0ao\u00fbt de\u00a0<a href=\"http:\/\/www.lefigaro.fr\/international\/immigration-l-accord-franco-britannique-sur-l-echange-de-migrants-entre-en-vigueur-aujourd-hui-20250805\" target=\"_blank\" data-fig-type=\"NewsFlash\" rel=\"noopener nofollow\" data-gtm-custom-categorie=\"navigation\" data-gtm-custom-action=\"crossclick\" data-gtm-custom-label=\"Contextuel\" data-gtm-event=\"customEventSPE\" data-fig-domain=\"LEFIGARO\">l\u2019accord franco-britannique<\/a>\u00a0pr\u00e9voyant le retour en France de migrants arriv\u00e9s \u00e0 bord de petites embarcations au Royaume-Uni en \u00e9change de l\u2019envoi outre-Manche de migrants se trouvant en France. Et ce, selon le principe du \u00ab\u00a0un pour un\u00a0\u00bb\u00a0: un migrant repris pour un renvoy\u00e9.<\/p>\n<p class=\"fig-paragraph\">Combien, dans les faits\u00a0? Officiellement, personne ne peut le dire. Cela ira piano piano, si le deal fonctionne. Une d\u00e9marche \u00ab\u00a0exp\u00e9rimentale\u00a0\u00bb, pour un an, avec promesse d\u2019\u00e9valuer chaque situation, de prendre un maximum de garanties pour ne pas voir revenir des ind\u00e9sirables. Surtout s\u2019ils devaient pr\u00e9senter un risque pour la s\u00e9curit\u00e9.<\/p>\n<p class=\"fig-paragraph\">La France ne gardera pas tous ces migrants qui, soit dit en passant, se trouvaient d\u00e9j\u00e0 sur son sol avant la travers\u00e9e. Soit les r\u00e9admis obtiendront l\u2019asile ou une autre protection, soit ils feront\u2026<\/p>\n<p class=\"fig-premium-paywall__infos\">\n        Cet article est r\u00e9serv\u00e9 aux abonn\u00e9s.        Il vous reste 81% \u00e0 d\u00e9couvrir.\n    <\/p>\n<p>                <img  data- alt=\"Le Figaro\" class=\"fig-img--complete fig-img\"\/><\/p>\n<p class=\"fig-premium-paywall__title\">Vous avez envie de lire la suite ?<\/p>\n<p class=\"fig-premium-paywall__subtitle\">D\u00e9bloquez tous les articles imm\u00e9diatement.<\/p>\n<p class=\"fig-premium-paywall__connect\">\n                D\u00e9j\u00e0 abonn\u00e9\u00a0?                <a class=\"fig-premium-paywall__connect-link\" href=\"https:\/\/connect.lefigaro.fr\/login?client=horizon_web&amp;type=main&amp;redirect_uri=https%3A%2F%2Fwww.lefigaro.fr%2Factualite-france%2Fimmigration-le-pari-risque-du-nouvel-accord-entre-la-france-et-la-grande-bretagne-20250805\" data-js-gtm=\"{&quot;customCategorie&quot;: &quot;conversion&quot;, &quot;customAction&quot;: &quot;before_Landing_Connexion_paywall_auto&quot;, &quot;customLabel&quot;: &quot;bGVmaWdhcm8uZnJfXzFmMDcxZWEzLTg5ZDgtNjU3NC1hYmUzLTA3ZDJiNTUyYWJkOF9fQXJ0aWNsZQ==_Immigration\u00a0: le pari risqu\u00e9 du nouvel accord entre la France et la Grande-Bretagne_192&quot;, &quot;customIDSPE&quot;: &quot;bGVmaWdhcm8uZnJfXzFmMDcxZWEzLTg5ZDgtNjU3NC1hYmUzLTA3ZDJiNTUyYWJkOF9fQXJ0aWNsZQ==&quot;, &quot;event&quot;: &quot;customEventSPE&quot;}\" rel=\"nofollow noopener\" target=\"_blank\"><br \/>\n                    Connectez-vous<br \/>\n                <\/a>\n            <\/p>\n","protected":false},"excerpt":{"rendered":"D\u00c9CRYPTAGE &#8211; \u00c0 compter de ce mercredi, Paris reprendra certains des migrants que Londres refuse. Les Anglais, une&hellip;\n","protected":false},"author":2,"featured_media":298622,"comment_status":"","ping_status":"","sticky":false,"template":"","format":"standard","meta":{"footnotes":""},"categories":[1588],"tags":[11,1013,1777,674,1061,12,473,1853,1851,1850,1852],"class_list":{"0":"post-298621","1":"post","2":"type-post","3":"status-publish","4":"format-standard","5":"has-post-thumbnail","7":"category-royaume-uni","8":"tag-actualites","9":"tag-bruno-retailleau","10":"tag-eu","11":"tag-europe","12":"tag-immigration","13":"tag-news","14":"tag-royaume-uni","15":"tag-royaume-uni-de-grande-bretagne-et-dirlande-du-nord","16":"tag-uk","17":"tag-united-kingdom","18":"tag-united-kingdom-of-great-britain-and-northern-ireland"},"share_on_mastodon":{"url":"https:\/\/pubeurope.com\/@fr\/114977459584164387","error":""},"_links":{"self":[{"href":"https:\/\/www.europesays.com\/fr\/wp-json\/wp\/v2\/posts\/298621","targetHints":{"allow":["GET"]}}],"collection":[{"href":"https:\/\/www.europesays.com\/fr\/wp-json\/wp\/v2\/posts"}],"about":[{"href":"https:\/\/www.europesays.com\/fr\/wp-json\/wp\/v2\/types\/post"}],"author":[{"embeddable":true,"href":"https:\/\/www.europesays.com\/fr\/wp-json\/wp\/v2\/users\/2"}],"replies":[{"embeddable":true,"href":"https:\/\/www.europesays.com\/fr\/wp-json\/wp\/v2\/comments?post=298621"}],"version-history":[{"count":0,"href":"https:\/\/www.europesays.com\/fr\/wp-json\/wp\/v2\/posts\/298621\/revisions"}],"wp:featuredmedia":[{"embeddable":true,"href":"https:\/\/www.europesays.com\/fr\/wp-json\/wp\/v2\/media\/298622"}],"wp:attachment":[{"href":"https:\/\/www.europesays.com\/fr\/wp-json\/wp\/v2\/media?parent=298621"}],"wp:term":[{"taxonomy":"category","embeddable":true,"href":"https:\/\/www.europesays.com\/fr\/wp-json\/wp\/v2\/categories?post=298621"},{"taxonomy":"post_tag","embeddable":true,"href":"https:\/\/www.europesays.com\/fr\/wp-json\/wp\/v2\/tags?post=298621"}],"curies":[{"name":"wp","href":"https:\/\/api.w.org\/{rel}","templated":true}]}}