{"id":298638,"date":"2025-08-05T18:08:13","date_gmt":"2025-08-05T18:08:13","guid":{"rendered":"https:\/\/www.europesays.com\/fr\/298638\/"},"modified":"2025-08-05T18:08:13","modified_gmt":"2025-08-05T18:08:13","slug":"atp-toronto-rennae-stubbs-apres-lechange-tendu-entre-cobolli-et-shelton-ca-me-rend-folle","status":"publish","type":"post","link":"https:\/\/www.europesays.com\/fr\/298638\/","title":{"rendered":"ATP &#8211; Toronto > Rennae Stubbs apr\u00e8s l&rsquo;\u00e9change tendu entre Cobolli et Shelton : \u00ab\u00a0\u00c7a me rend folle\u00a0\u00bb"},"content":{"rendered":"<p>Un jour apr\u00e8s <a href=\"https:\/\/www.welovetennis.fr\/atp\/atp-toronto\/lechange-tendu-entre-cobolli-et-shelton-au-filet\" data-wpel-link=\"internal\" rel=\"nofollow noopener\" target=\"_blank\">l\u2019\u00e9change tendu entre Flavio Cobolli et Ben Shelton<\/a>, qui se sont longue\u00adment expli\u00adqu\u00e9s \u00e0 la fin du match remport\u00e9 par l\u2019Am\u00e9ricain sur le Masters 1000 de Toronto, l\u2019an\u00adcienne num\u00e9ro 1 mondiale en double, Rennae Stubbs, a tenu \u00e0 pousser un petit gueule concer\u00adnant la r\u00e9ali\u00adsa\u00adtion t\u00e9l\u00e9\u00advi\u00adsuel des matchs de tennis en g\u00e9n\u00e9ral.\u00a0<\/p>\n<p>Et il est diffi\u00adcile de lui donner tort tant les nombreux plans de cam\u00e9ra sur le public sont tota\u00adle\u00adment inutiles pour la t\u00e9l\u00e9spectateur.\u00a0<\/p>\n<blockquote class=\"twitter-tweet\">\n<p lang=\"en\" dir=\"ltr\">Also while I\u2019m here for a second can i PLEASE BEG every producer working in tennis to STOP SHOWING THE BLOODY CROWD every single point\u202f! Like we missed the little exchange and didn\u2019t have a replay last night of what Cobolli did, because we had a crowd shot AGAIN\u202f! drives me\u00a0nuts.<\/p>\n<p>\u2014 Rennae Stubbs \u2648\ufe0f (@rennaestubbs) <a href=\"https:\/\/twitter.com\/rennaestubbs\/status\/1952398485099086028?ref_src=twsrc%5Etfw\" data-wpel-link=\"external\" target=\"_blank\" rel=\"nofollow external noopener\">August 4,\u00a02025<\/a><\/p><\/blockquote>\n<p><strong>\u00ab\u202fEt pendant que j\u2019y suis, je peux supplier tous les r\u00e9ali\u00adsa\u00adteurs de tennis d\u2019ar\u00adr\u00eater de filmer cette foutue foule \u00e0 chaque point de match\u202f! Par exemple, nous avons rat\u00e9 le petit \u00e9change et nous n\u2019avons pas eu de replay de ce que Cobolli a fait, parce que nous avions encore une fois une image de la foule\u202f! \u00c7a me rend folle\u202f\u00bb<\/strong>, a \u00e9crit l\u2019Australienne qui \u00e9voque ici le fameux geste de l\u2019Italien \u00e0 l\u2019ori\u00adgine de l\u2019explication.\u00a0<\/p>\n<p class=\"post-published-date\" style=\"color: silver; font-size: 75%; text-align: left;\">Publi\u00e9 le mardi 5 ao\u00fbt 2025 \u00e0 18:08<\/p>\n<p><script async src=\"https:\/\/platform.twitter.com\/widgets.js\" charset=\"utf-8\"><\/script><\/p>\n","protected":false},"excerpt":{"rendered":"Un jour apr\u00e8s l\u2019\u00e9change tendu entre Flavio Cobolli et Ben Shelton, qui se sont longue\u00adment expli\u00adqu\u00e9s \u00e0 la&hellip;\n","protected":false},"author":2,"featured_media":298639,"comment_status":"","ping_status":"","sticky":false,"template":"","format":"standard","meta":{"footnotes":""},"categories":[1415],"tags":[1011,27,60,1467],"class_list":{"0":"post-298638","1":"post","2":"type-post","3":"status-publish","4":"format-standard","5":"has-post-thumbnail","7":"category-tennis","8":"tag-fr","9":"tag-france","10":"tag-sports","11":"tag-tennis"},"share_on_mastodon":{"url":"https:\/\/pubeurope.com\/@fr\/114977498924459670","error":""},"_links":{"self":[{"href":"https:\/\/www.europesays.com\/fr\/wp-json\/wp\/v2\/posts\/298638","targetHints":{"allow":["GET"]}}],"collection":[{"href":"https:\/\/www.europesays.com\/fr\/wp-json\/wp\/v2\/posts"}],"about":[{"href":"https:\/\/www.europesays.com\/fr\/wp-json\/wp\/v2\/types\/post"}],"author":[{"embeddable":true,"href":"https:\/\/www.europesays.com\/fr\/wp-json\/wp\/v2\/users\/2"}],"replies":[{"embeddable":true,"href":"https:\/\/www.europesays.com\/fr\/wp-json\/wp\/v2\/comments?post=298638"}],"version-history":[{"count":0,"href":"https:\/\/www.europesays.com\/fr\/wp-json\/wp\/v2\/posts\/298638\/revisions"}],"wp:featuredmedia":[{"embeddable":true,"href":"https:\/\/www.europesays.com\/fr\/wp-json\/wp\/v2\/media\/298639"}],"wp:attachment":[{"href":"https:\/\/www.europesays.com\/fr\/wp-json\/wp\/v2\/media?parent=298638"}],"wp:term":[{"taxonomy":"category","embeddable":true,"href":"https:\/\/www.europesays.com\/fr\/wp-json\/wp\/v2\/categories?post=298638"},{"taxonomy":"post_tag","embeddable":true,"href":"https:\/\/www.europesays.com\/fr\/wp-json\/wp\/v2\/tags?post=298638"}],"curies":[{"name":"wp","href":"https:\/\/api.w.org\/{rel}","templated":true}]}}