{"id":298642,"date":"2025-08-05T18:11:07","date_gmt":"2025-08-05T18:11:07","guid":{"rendered":"https:\/\/www.europesays.com\/fr\/298642\/"},"modified":"2025-08-05T18:11:07","modified_gmt":"2025-08-05T18:11:07","slug":"le-fortuna-dusseldorf-renonce-a-weissman-apres-des-messages-sur-gaza-eurosport","status":"publish","type":"post","link":"https:\/\/www.europesays.com\/fr\/298642\/","title":{"rendered":"Le Fortuna D\u00fcsseldorf renonce \u00e0 Weissman apr\u00e8s des messages sur Gaza &#8211; Eurosport"},"content":{"rendered":"<ol>\n<li><a href=\"https:\/\/news.google.com\/rss\/articles\/CBMi_gFBVV95cUxPVHVYOEM5Y3MzeEFDU1F5bU9UWWpRSGxVMDhIWXpYREZXRDlfT2JCYUpZblRzdkhRdDN5VmszYVUyYkI2b0w4aVJQYkdxX1F0b1YwUHhHMjNmb1BKcndCXzVqdlFETE9BXzdndHR6cWZ3MXF4Y01HV3ZLOUh2TkdaMzZYNi1pa3A4MXNMd0ljekhGZFJhVk1Rc3lqRHZXTEVnX0paZXlhcnk3clZ5RjY0cy1WZjZ0YjJ4aVRWZXFTMU9YN0ZsSVpnUVhKOU0wM3BsUFUxaHNfTkJhUFVNb3RvWVZQN01uT3BCTG5pSF9XM2dNZEFicDZ5NjhXa3I0Zw?oc=5\" target=\"_blank\" rel=\"nofollow noopener\">Le Fortuna D\u00fcsseldorf renonce \u00e0 Weissman apr\u00e8s des messages sur Gaza<\/a>&nbsp;&nbsp;Eurosport<\/li>\n<li><a href=\"https:\/\/news.google.com\/rss\/articles\/CBMi4wFBVV95cUxNY1FkSTRibGg3a1d3emNBaDk0TDBCVEV2eTJOT2R0aEFCeURqOENqNUFWWEtmZEVOcDJUNS1SbDMtNDNJZndaOFRxMWd5TmdoUWNHTWwzajhXd1NiSzhlamdSNW9NM0tmMjFjMGJ1NXhpQkpYWUJ1bml4SFZrYW9zcXRzZ2hYUG0tZzVhaElQTnFxRVJsZkNfWDF6NE1mZUo0RmxNTzFpcVhSWVRTdDJVNmxuQVdhSUhoUFVmc3pBajBnbmpwYXF4b3dGQUNXMVlmQTJUeXNDcDh2RGdnc2IzYklUVQ?oc=5\" target=\"_blank\" rel=\"nofollow noopener\">Le Fortuna D\u00fcsseldorf renonce \u00e0 l&rsquo;arriv\u00e9e d&rsquo;un joueur isra\u00e9lien auteur de propos anti-palestiniens<\/a>&nbsp;&nbsp;L&rsquo;\u00c9quipe<\/li>\n<li><a href=\"https:\/\/news.google.com\/rss\/articles\/CBMiiwJBVV95cUxPbGlkdjczYU9tQ1lkTjkwNUp1Skh1cDgxZC1pdmhWX0dsNlNaalN5QUFHN2ZjM2p5ejJnUlRTSUl6S0tHczF4amNsemFoOVZqTVN6QkwwREdqSzJCSEtqUUtYSUJGbF9CN1NLYWJtSTFoS2dpUW9SX3IxWUpIR00zTzVYcWg3MFctaTlvMUx6VTZpd2xlVFI2cXJ0bEluRi1iMndFOGI5UTVIUEFqQl9qV3psVkRoMVFKVnpnRlViNTBGcld1bG11YWtmVEdZQU9NR3UtRFFobkUxWmxmeTM3ZEU0cTBtLTlERUhCVG1wN3h0bW9JYlpsMENkZ0pqdnJVblllOVpLbG9kREE?oc=5\" target=\"_blank\" rel=\"nofollow noopener\">Un club allemand renonce \u00e0 recruter un international isra\u00e9lien soutenant la guerre \u00e0 Gaza<\/a>&nbsp;&nbsp;Ouest-France<\/li>\n<li><a href=\"https:\/\/news.google.com\/rss\/articles\/CBMi8gFBVV95cUxQZ2dWMzJoTW44Y2tYdjFzX1E2ZUw4VXNyVUR2clg1dm00V0V0cS10bHlVTUI1dHcwa1RmMU1TTzhaY0ozYTIyNnRQblpRMjcxOHRqa2F5N2RwTHkzak1iVWNCLW93eXMwWV9fWW92TlcyT1FxVHZmZDFnTVNZUTFia002RVFXQS1mT0xGZVBXWWQ1Z0EwTVlVelZnMzNZSkVfM0ZqbzYwWmNoV1k2dy1ERVVENTdwLWdSUEtDUmF6dy11bzFreGJRSWtRbGluRExvc0RFLWhOdGtoYTlEN3J0UlNhSHBYVFJxd1c3NXYyY3hSUQ?oc=5\" target=\"_blank\" rel=\"nofollow noopener\">Football : sous pression de ses supporters, le Fortuna D\u00fcsseldorf renonce \u00e0 recruter l\u2019attaquant isra\u00e9lien Shon Weissman<\/a>&nbsp;&nbsp;i24NEWS<\/li>\n<li><a href=\"https:\/\/news.google.com\/rss\/articles\/CBMipAJBVV95cUxORGlTbmZCSDJ1cWQwN09WUEFTa0ItUEVkbk40MDhOZER3UkNCV2xjOHpQbW92TmMwcWYzTllBYmJ5VmVNRGstYUdXVF8zQ2xDM3RqUXVyby0zZjNjM3lhLXpHbEdwbVY3S3B3eXJQQU9KWjRYdExuQ3QwZGxNRVFDeDNvRlJWcDV3VWNVYjZvVm03RWpuVFJyTWxXTndiR0RLYVItbDU5S3Zpb2pWVU90ZlhNTXNCRDdnckR0MWJaamNwaWZrZ1pzcnJzb0RmeV9CSmFRT1dXdTQ1RXdQcjFBWVpQeER1UDNvU0NtOTdHMnlOVFluWnBSSFVjWXRubFBSLVNGcXFtZ1FuRzNhR3llZDkyZGRLRmpfc3FDZTRfN0d3Y2pl?oc=5\" target=\"_blank\" rel=\"nofollow noopener\">Football : un club allemand renonce \u00e0 recruter un joueur isra\u00e9lien connu pour des propos virulents anti-palestiniens<\/a>&nbsp;&nbsp;Le Parisien<\/li>\n<\/ol>\n","protected":false},"excerpt":{"rendered":"Le Fortuna D\u00fcsseldorf renonce \u00e0 Weissman apr\u00e8s des messages sur Gaza&nbsp;&nbsp;Eurosport Le Fortuna D\u00fcsseldorf renonce \u00e0 l&rsquo;arriv\u00e9e d&rsquo;un&hellip;\n","protected":false},"author":2,"featured_media":1445,"comment_status":"","ping_status":"","sticky":false,"template":"","format":"standard","meta":{"footnotes":""},"categories":[1412],"tags":[1451,1452,1453,1454,1455,1011,27,60],"class_list":{"0":"post-298642","1":"post","2":"type-post","3":"status-publish","4":"format-standard","5":"has-post-thumbnail","7":"category-f1","8":"tag-f1","9":"tag-formula-1","10":"tag-formula1","11":"tag-formule-1","12":"tag-formule1","13":"tag-fr","14":"tag-france","15":"tag-sports"},"share_on_mastodon":{"url":"https:\/\/pubeurope.com\/@fr\/114977510693494436","error":""},"_links":{"self":[{"href":"https:\/\/www.europesays.com\/fr\/wp-json\/wp\/v2\/posts\/298642","targetHints":{"allow":["GET"]}}],"collection":[{"href":"https:\/\/www.europesays.com\/fr\/wp-json\/wp\/v2\/posts"}],"about":[{"href":"https:\/\/www.europesays.com\/fr\/wp-json\/wp\/v2\/types\/post"}],"author":[{"embeddable":true,"href":"https:\/\/www.europesays.com\/fr\/wp-json\/wp\/v2\/users\/2"}],"replies":[{"embeddable":true,"href":"https:\/\/www.europesays.com\/fr\/wp-json\/wp\/v2\/comments?post=298642"}],"version-history":[{"count":0,"href":"https:\/\/www.europesays.com\/fr\/wp-json\/wp\/v2\/posts\/298642\/revisions"}],"wp:featuredmedia":[{"embeddable":true,"href":"https:\/\/www.europesays.com\/fr\/wp-json\/wp\/v2\/media\/1445"}],"wp:attachment":[{"href":"https:\/\/www.europesays.com\/fr\/wp-json\/wp\/v2\/media?parent=298642"}],"wp:term":[{"taxonomy":"category","embeddable":true,"href":"https:\/\/www.europesays.com\/fr\/wp-json\/wp\/v2\/categories?post=298642"},{"taxonomy":"post_tag","embeddable":true,"href":"https:\/\/www.europesays.com\/fr\/wp-json\/wp\/v2\/tags?post=298642"}],"curies":[{"name":"wp","href":"https:\/\/api.w.org\/{rel}","templated":true}]}}