{"id":298649,"date":"2025-08-05T18:15:11","date_gmt":"2025-08-05T18:15:11","guid":{"rendered":"https:\/\/www.europesays.com\/fr\/298649\/"},"modified":"2025-08-05T18:15:11","modified_gmt":"2025-08-05T18:15:11","slug":"le-danemark-veut-retirer-une-statue-de-sirene-jugee-laide-et-pornographique","status":"publish","type":"post","link":"https:\/\/www.europesays.com\/fr\/298649\/","title":{"rendered":"Le Danemark veut retirer une statue de sir\u00e8ne jug\u00e9e \u00ab laide et pornographique \u00bb"},"content":{"rendered":"<p><strong>Art &#8211; La Grande Sir\u00e8ne, une statue de quatre m\u00e8tres de haut qui a accompagn\u00e9 un temps la fameuse Petite Sir\u00e8ne de Copenhague (Danemark), devrait \u00eatre d\u00e9finitivement retir\u00e9e de l\u2019espace public apr\u00e8s avoir \u00e9t\u00e9 vivement critiqu\u00e9e<\/strong><\/p>\n<p>Une <a href=\"https:\/\/www.20minutes.fr\/dossier\/statue?at_medium=RSS%20feed&amp;at_campaign=ynews&amp;utm_source=yahoo&amp;utm_medium=rss&amp;utm_campaign=news_feed&amp;utm_content=in_article_link\" rel=\"nofollow noopener\" target=\"_blank\" data-ylk=\"slk:statue;elm:context_link;itc:0;sec:content-canvas\" class=\"link \">statue<\/a> et un contraste qui choquent. En 2006, la fameuse Petite Sir\u00e8ne de la jet\u00e9e Langelinie de <a href=\"https:\/\/www.20minutes.fr\/dossier\/copenhague?at_medium=RSS%20feed&amp;at_campaign=ynews&amp;utm_source=yahoo&amp;utm_medium=rss&amp;utm_campaign=news_feed&amp;utm_content=in_article_link\" rel=\"nofollow noopener\" target=\"_blank\" data-ylk=\"slk:Copenhague;elm:context_link;itc:0;sec:content-canvas\" class=\"link \">Copenhague<\/a> (Danemark) a \u00e9t\u00e9 rejointe par une sculpture en granit de 14 tonnes et quatre m\u00e8tres de haut r\u00e9alis\u00e9e par Peter Bech : la Grande Sir\u00e8ne. Vivement critiqu\u00e9e pour sa repr\u00e9sentation du <a href=\"https:\/\/www.20minutes.fr\/dossier\/corps?at_medium=RSS%20feed&amp;at_campaign=ynews&amp;utm_source=yahoo&amp;utm_medium=rss&amp;utm_campaign=news_feed&amp;utm_content=in_article_link\" rel=\"nofollow noopener\" target=\"_blank\" data-ylk=\"slk:corps;elm:context_link;itc:0;sec:content-canvas\" class=\"link \">corps<\/a> f\u00e9minin, elle a \u00e9t\u00e9 d\u00e9plac\u00e9e en 2018 au fort de Drag\u00f8r, sur l\u2019\u00eele d\u2019Amager. L\u2019agence danoise charg\u00e9e des palais et de la culture a finalement demand\u00e9 son retrait en mars dernier, rapporte <a href=\"https:\/\/www.theguardian.com\/world\/2025\/aug\/04\/denmark-mermaid-statue-pornographic-removal?at_medium=RSS%20feed&amp;at_campaign=ynews&amp;utm_source=yahoo&amp;utm_medium=rss&amp;utm_campaign=news_feed&amp;utm_content=in_article_link\" rel=\"nofollow noopener\" target=\"_blank\" data-ylk=\"slk:The Guardian;elm:context_link;itc:0;sec:content-canvas\" class=\"link \">The Guardian<\/a>.<\/p>\n<p>Sous le feu des critiques<\/p>\n<p>D\u00e8s sa premi\u00e8re installation aux c\u00f4t\u00e9s de sa petite s\u0153ur de bronze et de granit, la Grande Sir\u00e8ne a fait d\u00e9bat parmi les habitants et les <a href=\"https:\/\/www.20minutes.fr\/dossier\/critique?at_medium=RSS%20feed&amp;at_campaign=ynews&amp;utm_source=yahoo&amp;utm_medium=rss&amp;utm_campaign=news_feed&amp;utm_content=in_article_link\" rel=\"nofollow noopener\" target=\"_blank\" data-ylk=\"slk:critiques;elm:context_link;itc:0;sec:content-canvas\" class=\"link \">critiques<\/a> d\u2019art. Les locaux l\u2019ont d\u00e9nonc\u00e9e comme \u00ab fausse et vulgaire \u00bb tandis que Mathias Kryger, critique d\u2019art du Politiken, l\u2019a qualifi\u00e9e de \u00ab laide et pornographique \u00bb. Les critiques semblent en particulier viser la taille des seins de la statue, qui seraient trop gros et \u00e9voqueraient des standards de beaut\u00e9 inatteignables.<\/p>\n<blockquote placeholder=\"\" data-theme=\"light\" class=\"twitter-tweet\">\n<p>Denmark to remove \u2018pornographic\u2019 mermaid statue, reports say<\/p>\n<p>A debate has erupted in Denmark over the fate of a mermaid statue that is to be removed from public view after being decried as \u201cugly and pornographic\u201d and \u201ca man\u2019s hot dream of what a woman should look like\u201d.<br \/>(via\u2026 <a href=\"https:\/\/t.co\/o35xuf1PoG\" rel=\"nofollow noopener\" target=\"_blank\" data-ylk=\"slk:pic.twitter.com\/o35xuf1PoG;elm:context_link;itc:0;sec:content-canvas\" class=\"link \">pic.twitter.com\/o35xuf1PoG<\/a><\/p>\n<p>\u2014 Mike Alderson FRSA (@OpenEyeComms) <a href=\"https:\/\/twitter.com\/OpenEyeComms\/status\/1952602990365348154?ref_src=twsrc%5Etfw\" rel=\"nofollow noopener\" target=\"_blank\" data-ylk=\"slk:August 5, 2025;elm:context_link;itc:0;sec:content-canvas\" class=\"link \">August 5, 2025<\/a><\/p>\n<\/blockquote>\n<p>Le jugement de la pasteure et journaliste Sorine Gotfredsen dans le journal Berlingske est ainsi sans appel. \u00ab \u00c9riger une statue repr\u00e9sentant le fantasme masculin de ce \u00e0 quoi une femme devrait ressembler n\u2019est pas susceptible d\u2019encourager les femmes \u00e0 accepter leur propre corps \u00bb, a-t-elle affirm\u00e9. En retour, Aminata Corr Thrane, r\u00e9dactrice en chef du d\u00e9bat chez Berlingske, a estim\u00e9 que cette focalisation sur les seins de la statue \u00e9tait contreproductive. \u00ab Les seins nus des femmes doivent-ils av(&#8230;)<\/p>\n<p><a href=\"https:\/\/www.20minutes.fr\/monde\/4166776-20250805-danemark-veut-retirer-statue-sirene-jugee-laide-pornographique?at_medium=RSS%20feed&amp;at_campaign=ynews&amp;utm_source=yahoo&amp;utm_medium=rss&amp;utm_campaign=news_feed&amp;utm_content=read_more_link\" rel=\"nofollow noopener\" target=\"_blank\" data-ylk=\"slk:Lire la suite sur 20minutes;elm:context_link;itc:0;sec:content-canvas\" class=\"link \">Lire la suite sur 20minutes<\/a><\/p>\n<p>\u00c0 lire aussi :<br \/><a href=\"https:\/\/www.20minutes.fr\/societe\/4156658-20250603-statue-cire-vie-dangereuse-personnalites-politiques?at_medium=RSS%20feed&amp;at_campaign=ynews&amp;utm_source=yahoo&amp;utm_medium=rss&amp;utm_campaign=news_feed&amp;utm_content=related_content_link\" rel=\"nofollow noopener\" target=\"_blank\" data-ylk=\"slk:Statue de cire : Une vie dangereuse pour les personnalit\u00e9s politiques ?;elm:context_link;itc:0;sec:content-canvas\" class=\"link \">Statue de cire : Une vie dangereuse pour les personnalit\u00e9s politiques ?<\/a><br \/><a href=\"https:\/\/www.20minutes.fr\/faits_divers\/4153714-20250515-statue-melania-trump-volatilise-mysterieusement-slovenie-pays-natal?at_medium=RSS%20feed&amp;at_campaign=ynews&amp;utm_source=yahoo&amp;utm_medium=rss&amp;utm_campaign=news_feed&amp;utm_content=related_content_link\" rel=\"nofollow noopener\" target=\"_blank\" data-ylk=\"slk:Une statue de Melania Trump se volatilise myst\u00e9rieusement en Slov\u00e9nie, son pays natal;elm:context_link;itc:0;sec:content-canvas\" class=\"link \">Une statue de Melania Trump se volatilise myst\u00e9rieusement en Slov\u00e9nie, son pays natal<\/a><\/p>\n<p><script async src=\"https:\/\/platform.twitter.com\/widgets.js\" charset=\"utf-8\"><\/script><\/p>\n","protected":false},"excerpt":{"rendered":"Art &#8211; La Grande Sir\u00e8ne, une statue de quatre m\u00e8tres de haut qui a accompagn\u00e9 un temps la&hellip;\n","protected":false},"author":2,"featured_media":298650,"comment_status":"","ping_status":"","sticky":false,"template":"","format":"standard","meta":{"footnotes":""},"categories":[1358],"tags":[1348,1384,1385,1386,58,59,1011,27,43864,43863],"class_list":{"0":"post-298649","1":"post","2":"type-post","3":"status-publish","4":"format-standard","5":"has-post-thumbnail","7":"category-arts-et-design","8":"tag-arts","9":"tag-arts-and-design","10":"tag-arts-et-design","11":"tag-design","12":"tag-divertissement","13":"tag-entertainment","14":"tag-fr","15":"tag-france","16":"tag-jetee-langelinie-de-copenhague","17":"tag-petite-sirene"},"share_on_mastodon":{"url":"https:\/\/pubeurope.com\/@fr\/114977526483165188","error":""},"_links":{"self":[{"href":"https:\/\/www.europesays.com\/fr\/wp-json\/wp\/v2\/posts\/298649","targetHints":{"allow":["GET"]}}],"collection":[{"href":"https:\/\/www.europesays.com\/fr\/wp-json\/wp\/v2\/posts"}],"about":[{"href":"https:\/\/www.europesays.com\/fr\/wp-json\/wp\/v2\/types\/post"}],"author":[{"embeddable":true,"href":"https:\/\/www.europesays.com\/fr\/wp-json\/wp\/v2\/users\/2"}],"replies":[{"embeddable":true,"href":"https:\/\/www.europesays.com\/fr\/wp-json\/wp\/v2\/comments?post=298649"}],"version-history":[{"count":0,"href":"https:\/\/www.europesays.com\/fr\/wp-json\/wp\/v2\/posts\/298649\/revisions"}],"wp:featuredmedia":[{"embeddable":true,"href":"https:\/\/www.europesays.com\/fr\/wp-json\/wp\/v2\/media\/298650"}],"wp:attachment":[{"href":"https:\/\/www.europesays.com\/fr\/wp-json\/wp\/v2\/media?parent=298649"}],"wp:term":[{"taxonomy":"category","embeddable":true,"href":"https:\/\/www.europesays.com\/fr\/wp-json\/wp\/v2\/categories?post=298649"},{"taxonomy":"post_tag","embeddable":true,"href":"https:\/\/www.europesays.com\/fr\/wp-json\/wp\/v2\/tags?post=298649"}],"curies":[{"name":"wp","href":"https:\/\/api.w.org\/{rel}","templated":true}]}}