{"id":298653,"date":"2025-08-05T18:17:08","date_gmt":"2025-08-05T18:17:08","guid":{"rendered":"https:\/\/www.europesays.com\/fr\/298653\/"},"modified":"2025-08-05T18:17:08","modified_gmt":"2025-08-05T18:17:08","slug":"tf1-deprogramme-un-feuilleton-culte-diffuse-sans-interruption-aux-etats-unis-depuis-1987-la-libre-be","status":"publish","type":"post","link":"https:\/\/www.europesays.com\/fr\/298653\/","title":{"rendered":"TF1 d\u00e9programme un feuilleton culte diffus\u00e9 sans interruption aux \u00c9tats-Unis depuis 1987 &#8211; La Libre.be"},"content":{"rendered":"<ol>\n<li><a href=\"https:\/\/news.google.com\/rss\/articles\/CBMi_wFBVV95cUxQZU82RWFmQTZBT05RN3RGcXBFT1pjNVVsc0dGV21yanplT2k1STg4RHR5MUxSbEtGMDdaQjhCS0YwOWNvVEprOHpTLXJOM0hGSVFuYU5xcFpiaHd2aTVVOGN0d0JQUnoxOUdsQW15UmZLVUdmWVNwYlBPWEh0UFN6SDlzeC1OUnprRWxRRlBCZEJ0QkxkMU1hLXQzV1ZGSktaaDA3anRTeTNlb28wbzM0MGxLSjNtU3ZuaWpaZHFNR1pBYXJubDYxVEE1ZG93YzJpLUh3bTNJOWRCeDFGbVFtb1pYRURReFFRNEpWWmd3M2QyRlNNcUdsZGRHZWR6UXc?oc=5\" target=\"_blank\" rel=\"nofollow noopener\">TF1 d\u00e9programme un feuilleton culte diffus\u00e9 sans interruption aux \u00c9tats-Unis depuis 1987<\/a>&nbsp;&nbsp;La Libre.be<\/li>\n<li><a href=\"https:\/\/news.google.com\/rss\/articles\/CBMipAFBVV95cUxOTVFxV2JkYTNkdm1MSVFlNGx0LW1DVkd6QnFqdTNZbW8zMm1fMmJuRUdVeHhfZUMybmFtWEVmVXlLZ1pNRVBUUWNqUkRvM1dJTUU5VUc1NmJzd0hIQU16RWs2MjNYdGh4SExHNVQyRE00Z3AtanZXMzJBeU9hYVFoSHBVZ1c0dkQ4M1IwSFR2S1JqOHdOdmI5YURDV3hBbHdFVVg2Zw?oc=5\" target=\"_blank\" rel=\"nofollow noopener\">TF1 d\u00e9programme d\u00e9finitivement un feuilleton culte<\/a>&nbsp;&nbsp;Soirmag<\/li>\n<li><a href=\"https:\/\/news.google.com\/rss\/articles\/CBMi6gFBVV95cUxOREpITHg5QUd4eHFkRVo3eGZGVnNveFN3cnNvT3JFSV9uNDZ3ZVFpMlcycjFZUWJnZnFSekJYRTByVE5CR1RzWHNOZ2FhWEZZUHNjSnRzdS05TV9fMFNtdmFQUndnUXB2LWotSU56ZUl2R1ZfTmlaeHdUVnVQc05jWFpMU3o4YlVHSnJmYlBLczhsdUhiaW5LbzFfQkxKbk50dG9oUFpWUG9wUEdJT0l2aThoeEFLdFE4NERUWFN6ODB5R3RNYlI3dmhzMUM5dll2aVdULV9lcU9CTHZ3R21FQXVzVEhZajFpWGc?oc=5\" target=\"_blank\" rel=\"nofollow noopener\">TF1 d\u00e9programme un feuilleton am\u00e9ricain culte diffus\u00e9 aux \u00c9tats-Unis depuis 1987<\/a>&nbsp;&nbsp;DHnet<\/li>\n<li><a href=\"https:\/\/news.google.com\/rss\/articles\/CBMi0wFBVV95cUxObEM3NGVIODd4dnV2SFZNMGdza3ozZ0tTMFFSd2o2dGllcWV3YmFKZVdXbTloVUViLUJpQnJILXg0NFNVY1pONUpud1YyVzMzQ01aZ090d1JBNVRyMzRhZ2VyMUM4ZHJILWtVT1ZfcHNRa2Z4NzZjakhLR083UmlFdEdfOUpkaWJPWnZnaW5EQWlLZU94Ym1qYzJ5UGRkMkxKcUloM19xUWJfWlNwMXFLRnBsN1VPOXUxcWhCVnl6anViV3BnQmNBMWl6by1vX1Z6MDRj?oc=5\" target=\"_blank\" rel=\"nofollow noopener\">\u00ab\u00a0Amour, Gloire et Beaut\u00e9\u00a0\u00bb sur TF1 c&rsquo;est fini : La s\u00e9rie culte bascule sur TF1 S\u00e9ries Films et TF1+ \u00e0 la rentr\u00e9e<\/a>&nbsp;&nbsp;puremedias<\/li>\n<li><a href=\"https:\/\/news.google.com\/rss\/articles\/CBMi7gFBVV95cUxQUzl4TVlIbkpZcHNHYVRHTll5VnZYMEw4RlBOeE93YS1rSDIwUXdKYUZmc3BaUkdNNUNlVUN3ODY0SzMwLWc4Uzd6R0xhLUZUQWNSUFNWUi1EOXRPcnhNVVJ6alVpODROZUxFZVh0UlZFZ1Fub2FVaFNodzJjby1LYzVNbERHLXM3ZnFEbEt6aUNkRU52LUYyTTBvMEI2MWtBZmJYMHhwQU53OVowbnhMdk1HdUNPNVpEZ0RjWTN1OG0tSEJvUkc3OTgzZHpNVEltaHdPUlI1N1hyV3B3eWUxbWhFM1djcjlCUzNXZm5n?oc=5\" target=\"_blank\" rel=\"nofollow noopener\">Amour, gloire et beaut\u00e9 : TF1 d\u00e9programme son feuilleton et arr\u00eate sa diffusion d\u00e8s le vendredi 22 ao\u00fbt 2025 !<\/a>&nbsp;&nbsp;programme-tv.net<\/li>\n<\/ol>\n","protected":false},"excerpt":{"rendered":"TF1 d\u00e9programme un feuilleton culte diffus\u00e9 sans interruption aux \u00c9tats-Unis depuis 1987&nbsp;&nbsp;La Libre.be TF1 d\u00e9programme d\u00e9finitivement un feuilleton&hellip;\n","protected":false},"author":2,"featured_media":1445,"comment_status":"","ping_status":"","sticky":false,"template":"","format":"standard","meta":{"footnotes":""},"categories":[1356],"tags":[58,59,1011,27,252,1364],"class_list":{"0":"post-298653","1":"post","2":"type-post","3":"status-publish","4":"format-standard","5":"has-post-thumbnail","7":"category-television","8":"tag-divertissement","9":"tag-entertainment","10":"tag-fr","11":"tag-france","12":"tag-television","13":"tag-tv"},"share_on_mastodon":{"url":"https:\/\/pubeurope.com\/@fr\/114977534373703961","error":""},"_links":{"self":[{"href":"https:\/\/www.europesays.com\/fr\/wp-json\/wp\/v2\/posts\/298653","targetHints":{"allow":["GET"]}}],"collection":[{"href":"https:\/\/www.europesays.com\/fr\/wp-json\/wp\/v2\/posts"}],"about":[{"href":"https:\/\/www.europesays.com\/fr\/wp-json\/wp\/v2\/types\/post"}],"author":[{"embeddable":true,"href":"https:\/\/www.europesays.com\/fr\/wp-json\/wp\/v2\/users\/2"}],"replies":[{"embeddable":true,"href":"https:\/\/www.europesays.com\/fr\/wp-json\/wp\/v2\/comments?post=298653"}],"version-history":[{"count":0,"href":"https:\/\/www.europesays.com\/fr\/wp-json\/wp\/v2\/posts\/298653\/revisions"}],"wp:featuredmedia":[{"embeddable":true,"href":"https:\/\/www.europesays.com\/fr\/wp-json\/wp\/v2\/media\/1445"}],"wp:attachment":[{"href":"https:\/\/www.europesays.com\/fr\/wp-json\/wp\/v2\/media?parent=298653"}],"wp:term":[{"taxonomy":"category","embeddable":true,"href":"https:\/\/www.europesays.com\/fr\/wp-json\/wp\/v2\/categories?post=298653"},{"taxonomy":"post_tag","embeddable":true,"href":"https:\/\/www.europesays.com\/fr\/wp-json\/wp\/v2\/tags?post=298653"}],"curies":[{"name":"wp","href":"https:\/\/api.w.org\/{rel}","templated":true}]}}