{"id":298654,"date":"2025-08-05T18:18:09","date_gmt":"2025-08-05T18:18:09","guid":{"rendered":"https:\/\/www.europesays.com\/fr\/298654\/"},"modified":"2025-08-05T18:18:09","modified_gmt":"2025-08-05T18:18:09","slug":"michel-jonasz-son-autre-metier-insoupconne-jai-cree-une","status":"publish","type":"post","link":"https:\/\/www.europesays.com\/fr\/298654\/","title":{"rendered":"Michel Jonasz, son autre m\u00e9tier insoup\u00e7onn\u00e9\u00a0: \u00ab\u00a0J&rsquo;ai cr\u00e9\u00e9 une&#8230;\u00a0\u00bb"},"content":{"rendered":"<p>\n                Michel Jonasz est un grand nom de la chanson fran\u00e7aise et un acteur prolifique\u2026 mais pas que\u00a0! L&rsquo;artiste de 78\u00a0ans a un autre m\u00e9tier que vous n&rsquo;auriez pas soup\u00e7onn\u00e9, comme il l&rsquo;a r\u00e9v\u00e9l\u00e9 \u00e0 \u00ab\u00a0Gala\u00a0\u00bb\u2026            <\/p>\n<p><a href=\"https:\/\/www.journaldesfemmes.fr\/people\/personnalites\/3172252-michel-jonasz-le-negociateur\/\" title=\"Michel Jonasz\" rel=\"nofollow noopener\" target=\"_blank\">Michel Jonasz<\/a> a marqu\u00e9 la musique fran\u00e7aise avec ses nombreux tubes, tels que Je voulais te dire que je t&rsquo;attends ou Super Nana,\u00a0et a \u00e9galement jou\u00e9 dans de nombreux films.\u00a0Mais saviez-vous que le chanteur et acteur de 78 ans avait un autre m\u00e9tier m\u00e9connu ? Gr\u00e2ce \u00e0 cette profession, il apaise les esprits autrement que par la musique\u2026<\/p>\n<p>Michel Jonasz : son autre m\u00e9tier que l&rsquo;on ne soup\u00e7onne pas<\/p>\n<p>Outre la\u00a0musique, Michel Jonasz a une passion dans la vie : il s&rsquo;int\u00e9resse de tr\u00e8s pr\u00e8s \u00e0 tout ce qui a trait au d\u00e9veloppement personnel et \u00e0 la spiritualit\u00e9. En mai 68, alors que ses amis manifestaient pour les droits des \u00e9tudiants, l&rsquo;artiste, lui, tentait de changer le monde tout simplement en essayant de se transformer lui-m\u00eame. \u00ab\u00a0J&rsquo;avais d\u00e9j\u00e0, sans pouvoir l&rsquo;analyser, cette id\u00e9e que le monde est \u00e0 notre image, qu&rsquo;il est le reflet de ce que l&rsquo;on est, de notre conscience, et que travailler sur ce qu&rsquo;on est peut le changer\u00a0\u00bb, a-t-il expliqu\u00e9 aupr\u00e8s de Gala.<\/p>\n<p>\u00ab\u00a0Je lisais des bouquins sur la vie apr\u00e8s la mort, j&rsquo;\u00e9tais branch\u00e9 sur une recherche plus spirituelle que politique\u00a0\u00bb, a-t-il ajout\u00e9. Et depuis, l&rsquo;interpr\u00e8te de Super Nana n&rsquo;a pas chang\u00e9 de cheval de bataille :\u00a0\u00ab\u00a0Je pense toujours que le changement commence avec soi\u00a0\u00bb.\u00a0Alors, en plus d&rsquo;interpr\u00e9ter, d&rsquo;\u00e9crire et de composer des chansons, Michel Jonasz se consacre \u00e9galement aux ouvrages spirituels : \u00ab\u00a0J&rsquo;ai cr\u00e9\u00e9 une soci\u00e9t\u00e9 d&rsquo;\u00e9dition litt\u00e9raire, sp\u00e9cialis\u00e9e dans le d\u00e9veloppement personnel, la spiritualit\u00e9 : les \u00e9ditions Michel Jonasz\u00a0\u00bb. Pour choisir les ouvrages qu&rsquo;il \u00e9dite, il fonctionne au coup de c\u0153ur et n&rsquo;en s\u00e9lectionne, en g\u00e9n\u00e9ral, qu&rsquo;un \u00e0 deux par an.<\/p>\n<p>Michel Jonasz, face \u00e0 la vin de vie : \u00ab\u00a0Ne plus avoir les moyens physiques ou c\u00e9r\u00e9braux\u2026\u00a0\u00bb<\/p>\n<p>Le chanteur a d&rsquo;ailleurs lui-m\u00eame effectu\u00e9 des retraites de yoga et autres s\u00e9minaires de gu\u00e9rison, comme il l&rsquo;avait confi\u00e9 au blog <a href=\"https:\/\/bienheureusement.fr\/spiritualite-michel-jonasz-interview\/\" target=\"_blank\" rel=\"nofollow noopener\">Bienheureusement<\/a>. Mais tout ce travail de d\u00e9veloppement personnel a-t-il aid\u00e9 l&rsquo;artiste septuag\u00e9naire \u00e0 \u00eatre apais\u00e9\u00a0face \u00e0 l&rsquo;id\u00e9e de la vieillesse et de la mort ?<\/p>\n<p>S&rsquo;il n&rsquo;a pas peur de\u00a0la fin, il appr\u00e9hende tout de m\u00eame un peu les ann\u00e9es qui passent et craint notamment \u00ab\u00a0de ne plus avoir les moyens physiques ou c\u00e9r\u00e9braux \u00e0 la hauteur de son enthousiasme\u00a0\u00bb, avait admis \u00e0 La Tribune du Dimanche le p\u00e8re de Florian, 47 ans, et Hannah, 41 ans.<\/p>\n<p>Toutefois, celui qui refuse d&rsquo;aller un jour en Ehpad conserve un optimisme imp\u00e9rissable : \u00ab\u00a0Je garde espoir, ma m\u00e8re a v\u00e9cu jusqu&rsquo;\u00e0 94\u00a0ans avec toute sa t\u00eate\u00a0! M\u00eame si un jour on me diagnostique la maladie de Charcot, par exemple, je continuerai d&rsquo;y croire. J&rsquo;essaierai de faire le plus possible un travail d&rsquo;ordre spirituel. Une chose est s\u00fbre, je n&rsquo;irai pas en Suisse ou en Belgique\u00a0\u00bb.<\/p>\n","protected":false},"excerpt":{"rendered":"Michel Jonasz est un grand nom de la chanson fran\u00e7aise et un acteur prolifique\u2026 mais pas que\u00a0! L&rsquo;artiste&hellip;\n","protected":false},"author":2,"featured_media":298655,"comment_status":"","ping_status":"","sticky":false,"template":"","format":"standard","meta":{"footnotes":""},"categories":[1355],"tags":[58,59,1011,27,1361,873],"class_list":{"0":"post-298654","1":"post","2":"type-post","3":"status-publish","4":"format-standard","5":"has-post-thumbnail","7":"category-musique","8":"tag-divertissement","9":"tag-entertainment","10":"tag-fr","11":"tag-france","12":"tag-music","13":"tag-musique"},"share_on_mastodon":{"url":"https:\/\/pubeurope.com\/@fr\/114977538502850426","error":""},"_links":{"self":[{"href":"https:\/\/www.europesays.com\/fr\/wp-json\/wp\/v2\/posts\/298654","targetHints":{"allow":["GET"]}}],"collection":[{"href":"https:\/\/www.europesays.com\/fr\/wp-json\/wp\/v2\/posts"}],"about":[{"href":"https:\/\/www.europesays.com\/fr\/wp-json\/wp\/v2\/types\/post"}],"author":[{"embeddable":true,"href":"https:\/\/www.europesays.com\/fr\/wp-json\/wp\/v2\/users\/2"}],"replies":[{"embeddable":true,"href":"https:\/\/www.europesays.com\/fr\/wp-json\/wp\/v2\/comments?post=298654"}],"version-history":[{"count":0,"href":"https:\/\/www.europesays.com\/fr\/wp-json\/wp\/v2\/posts\/298654\/revisions"}],"wp:featuredmedia":[{"embeddable":true,"href":"https:\/\/www.europesays.com\/fr\/wp-json\/wp\/v2\/media\/298655"}],"wp:attachment":[{"href":"https:\/\/www.europesays.com\/fr\/wp-json\/wp\/v2\/media?parent=298654"}],"wp:term":[{"taxonomy":"category","embeddable":true,"href":"https:\/\/www.europesays.com\/fr\/wp-json\/wp\/v2\/categories?post=298654"},{"taxonomy":"post_tag","embeddable":true,"href":"https:\/\/www.europesays.com\/fr\/wp-json\/wp\/v2\/tags?post=298654"}],"curies":[{"name":"wp","href":"https:\/\/api.w.org\/{rel}","templated":true}]}}