{"id":29867,"date":"2025-04-16T19:59:10","date_gmt":"2025-04-16T19:59:10","guid":{"rendered":"https:\/\/www.europesays.com\/fr\/29867\/"},"modified":"2025-04-16T19:59:10","modified_gmt":"2025-04-16T19:59:10","slug":"la-collecte-en-porte-a-porte-a-repris","status":"publish","type":"post","link":"https:\/\/www.europesays.com\/fr\/29867\/","title":{"rendered":"la collecte en porte-\u00e0-porte a repris"},"content":{"rendered":"<p>            Par<br \/>\n        <strong><br \/>\n            <a href=\"https:\/\/actu.fr\/auteur\/pierre-emile-bouchy-actu-fr\" title=\"Consulter tous les articles de Paul-Emile Bouchy\" target=\"_blank\" rel=\"noopener\">Paul-Emile Bouchy<\/a><br \/>\n        <\/strong><\/p>\n<p>        Publi\u00e9 le<\/p>\n<p>            26 mars 2025 \u00e0 16h31<br \/>\n        ; mis \u00e0 jour le 27 mars 2025 \u00e0 9h29    <\/p>\n<p>[<strong>Article mis \u00e0 jour jeudi 27 mars 2025 \u00e0 9h30.<\/strong> La gr\u00e8ve des \u00e9boueurs a pris fin mercredi 26 mars \u00e0 22h et <strong>la collecte des d\u00e9chets en porte-\u00e0-porte a repris<\/strong> dans la m\u00e9tropole du Grand Nancy, annonce la direction de RIMMA-Veolia.<br \/>Apr\u00e8s plusieurs heures de n\u00e9gociations, un accord a \u00e9t\u00e9 sign\u00e9 dans la soir\u00e9e entre la direction et les repr\u00e9sentants syndicaux, \u00ab\u00a0sans paiement des jours de gr\u00e8ve mais avec un ajustement sur le p\u00e9rim\u00e8tre des primes\u00a0\u00bb.]<\/p>\n<p class=\" wall-content\">Dans le <a href=\"https:\/\/actu.fr\/tag\/grand-nancy\" target=\"_blank\" rel=\"noopener\">Grand Nancy<\/a>, <strong>les \u00e9boueurs continuent de maintenir la pression<\/strong> aupr\u00e8s de la direction de <strong>RIMMA-Veolia<\/strong>.<\/p>\n<p class=\" wall-content\">Apr\u00e8s un premier mouvement en f\u00e9vrier conclu par la signature d\u2019un protocole de sortie entre la direction et les repr\u00e9sentants syndicaux, un nouvel acte s\u2019est ouvert ce mardi 25\u00a0mars.<\/p>\n<p class=\" wall-content\">Les agents se sont mis en <a href=\"https:\/\/actu.fr\/tag\/greve\" target=\"_blank\" rel=\"noopener\">gr\u00e8ve<\/a> \u00e0 20h et <strong>bloquent le ramassage des poubelles<\/strong> dans l\u2019ensemble de la m\u00e9tropole nanc\u00e9ienne.<\/p>\n<p>Les habitants invit\u00e9s \u00e0 rentrer leur poubelle<\/p>\n<p class=\" wall-content\">Ce mouvement de gr\u00e8ve impacte<strong> la collecte des poubelles en porte-\u00e0-porte<\/strong>.<\/p>\n<p>Vid\u00e9os : en ce moment sur Actu<\/p>\n<p class=\" wall-content\">Sur son site, la maison de l\u2019habitat et du d\u00e9veloppement durable du Grand Nancy demande aux habitants de \u00ab\u2009rentrer leurs <a href=\"https:\/\/actu.fr\/tag\/dechets\" target=\"_blank\" rel=\"noopener\">d\u00e9chets<\/a>\u2009\u00bb, tout en pr\u00e9cisant que \u00ab<strong>\u2009les ordures m\u00e9nag\u00e8res et les emballages recyclables ne sont pas autoris\u00e9s dans les d\u00e9chetteries<\/strong>\u2009\u00bb.<\/p>\n<p class=\" wall-content\">En revanche, <strong>les points d\u2019apport volontaire ne sont pas impact\u00e9s<\/strong>. Leur collecte est toujours assur\u00e9e.<\/p>\n<p>    <a href=\"https:\/\/www.facebook.com\/plugins\/post.php?href=https%3A%2F%2Fwww.facebook.com%2Fmhddgrandnancy%2Fposts%2Fpfbid05MbGPSbantVZa5uuFrfCGBDphErKQTAXCgsG28qabpMEYzKVszgdcnqW9eSpi2zvl&amp;show_text=true&amp;width=350\" title=\"Ouvrie le lien\" target=\"_blank\" rel=\"noopener\">Cliquez ici pour visualiser le contenu<\/a><\/p>\n<p>Une gr\u00e8ve li\u00e9e \u00e0 \u00ab\u2009un refus de la mise en \u0153uvre des plannings de 32h\u2009\u00bb<\/p>\n<p class=\" wall-content\">Contact\u00e9 par\u00a0Lorraine Actu, RIMMA-Veolia pr\u00e9cise que le motif de la gr\u00e8ve reste identique \u00e0 celui des semaines pr\u00e9c\u00e9dentes\u2009: \u00ab<strong>\u2009un refus de la mise en \u0153uvre des plannings correspondant \u00e0 un temps de travail de 32\u00a0heures effectives<\/strong> (conform\u00e9ment au contrat de travail)\u2009\u00bb.<\/p>\n<p class=\" wall-content\">Selon la direction, ces revendications ne correspondent pas \u00e0 la r\u00e9alit\u00e9 du service\u2009: \u00ab\u2009Le dimensionnement du service n\u2019occupait pas les collaborateurs \u00e0 temps plein, \u00e0 savoir 32\u00a0heures de service effectif hebdomadaire, <strong>soit 8h par jour sur 4\u00a0jours par semaine, pay\u00e9s 35\u00a0heures<\/strong>. Ceux-ci r\u00e9alisaient ainsi <strong>en moyenne 28\u00a0heures de travail effectif hebdomadaires<\/strong>, du fait de l\u2019\u00e9volution des tourn\u00e9es.\u2009\u00bb<\/p>\n<p class=\" wall-content\">RIMMA-Veolia indique poursuivre \u00ab\u2009les \u00e9changes avec les partenaires sociaux pour trouver une issue rapide \u00e0 cette situation\u2009\u00bb.<\/p>\n<p class=\" wall-content\">Sollicit\u00e9, le syndicat FO-RIMMA n\u2019a pour le moment pas donn\u00e9 suite \u00e0 notre demande.<\/p>\n<p class=\" wall-content\">Suivez toute l\u2019actualit\u00e9 de vos villes et m\u00e9dias favoris en vous inscrivant \u00e0 <a href=\"https:\/\/moncompte.actu.fr\" title=\"D\u00e9couvez Mon Actu\" rel=\"nofollow noopener\" data-trk=\"{&quot;cta&quot;:{&quot;action&quot;:&quot;https:\\\/\\\/moncompte.actu.fr&quot;,&quot;category&quot;:&quot;mon compte&quot;,&quot;from&quot;:&quot;article footer&quot;,&quot;name&quot;:&quot;Mon actu&quot;,&quot;type&quot;:&quot;cta&quot;}}\" target=\"_blank\">Mon Actu<\/a>.<\/p>\n","protected":false},"excerpt":{"rendered":"Par Paul-Emile Bouchy Publi\u00e9 le 26 mars 2025 \u00e0 16h31 ; mis \u00e0 jour le 27 mars 2025&hellip;\n","protected":false},"author":2,"featured_media":29868,"comment_status":"","ping_status":"","sticky":false,"template":"","format":"standard","meta":{"footnotes":""},"categories":[9635],"tags":[1111,11,3008,1777,674,1011,27,775,10375,6151,1702,12,25,104],"class_list":{"0":"post-29867","1":"post","2":"type-post","3":"status-publish","4":"format-standard","5":"has-post-thumbnail","7":"category-nancy","8":"tag-actu","9":"tag-actualites","10":"tag-dechets","11":"tag-eu","12":"tag-europe","13":"tag-fr","14":"tag-france","15":"tag-grand-est","16":"tag-grand-nancy","17":"tag-greve","18":"tag-nancy","19":"tag-news","20":"tag-republique-francaise","21":"tag-societe"},"share_on_mastodon":{"url":"https:\/\/pubeurope.com\/@fr\/114349419008544000","error":""},"_links":{"self":[{"href":"https:\/\/www.europesays.com\/fr\/wp-json\/wp\/v2\/posts\/29867","targetHints":{"allow":["GET"]}}],"collection":[{"href":"https:\/\/www.europesays.com\/fr\/wp-json\/wp\/v2\/posts"}],"about":[{"href":"https:\/\/www.europesays.com\/fr\/wp-json\/wp\/v2\/types\/post"}],"author":[{"embeddable":true,"href":"https:\/\/www.europesays.com\/fr\/wp-json\/wp\/v2\/users\/2"}],"replies":[{"embeddable":true,"href":"https:\/\/www.europesays.com\/fr\/wp-json\/wp\/v2\/comments?post=29867"}],"version-history":[{"count":0,"href":"https:\/\/www.europesays.com\/fr\/wp-json\/wp\/v2\/posts\/29867\/revisions"}],"wp:featuredmedia":[{"embeddable":true,"href":"https:\/\/www.europesays.com\/fr\/wp-json\/wp\/v2\/media\/29868"}],"wp:attachment":[{"href":"https:\/\/www.europesays.com\/fr\/wp-json\/wp\/v2\/media?parent=29867"}],"wp:term":[{"taxonomy":"category","embeddable":true,"href":"https:\/\/www.europesays.com\/fr\/wp-json\/wp\/v2\/categories?post=29867"},{"taxonomy":"post_tag","embeddable":true,"href":"https:\/\/www.europesays.com\/fr\/wp-json\/wp\/v2\/tags?post=29867"}],"curies":[{"name":"wp","href":"https:\/\/api.w.org\/{rel}","templated":true}]}}