{"id":298673,"date":"2025-08-05T18:28:11","date_gmt":"2025-08-05T18:28:11","guid":{"rendered":"https:\/\/www.europesays.com\/fr\/298673\/"},"modified":"2025-08-05T18:28:11","modified_gmt":"2025-08-05T18:28:11","slug":"le-chambon-feugerolles-apres-plusieurs-annees-difficiles-une-nouvelle-dynamique-pour-vacances-ulvf","status":"publish","type":"post","link":"https:\/\/www.europesays.com\/fr\/298673\/","title":{"rendered":"Le Chambon-Feugerolles. Apr\u00e8s plusieurs ann\u00e9es difficiles, une nouvelle dynamique pour Vacances ULVF"},"content":{"rendered":"<p>C\u2019est un nouveau d\u00e9part pour Vacances ULVF, qui avait \u00e9t\u00e9 fortement impact\u00e9e par les dommages collat\u00e9raux de la crise sanitaire li\u00e9e au Covid. Le secteur du tourisme, largement touch\u00e9, a \u00e9t\u00e9 contraint \u00e0 des fermetures prolong\u00e9es et \u00e0 la souscription de pr\u00eats exceptionnels garantis par l\u2019\u00c9tat pour assurer sa survie.<\/p>\n<p>\u00ab\u00a0Notre seule activit\u00e9 n\u2019a pas permis de r\u00e9pondre aux engagements de remboursement financier,&#8230;<\/p>\n","protected":false},"excerpt":{"rendered":"C\u2019est un nouveau d\u00e9part pour Vacances ULVF, qui avait \u00e9t\u00e9 fortement impact\u00e9e par les dommages collat\u00e9raux de la&hellip;\n","protected":false},"author":2,"featured_media":298674,"comment_status":"","ping_status":"","sticky":false,"template":"","format":"standard","meta":{"footnotes":""},"categories":[9653],"tags":[1111,11,2430,12162,7539,1777,674,1011,27,12161,12,25,4001,104],"class_list":{"0":"post-298673","1":"post","2":"type-post","3":"status-publish","4":"format-standard","5":"has-post-thumbnail","7":"category-saint-etienne","8":"tag-actu","9":"tag-actualites","10":"tag-auvergne-rhone-alpes","11":"tag-chambon-feugerolles-ville","12":"tag-edition-loire-sud","13":"tag-eu","14":"tag-europe","15":"tag-fr","16":"tag-france","17":"tag-le-chambon-feugerolles","18":"tag-news","19":"tag-republique-francaise","20":"tag-saint-etienne","21":"tag-societe"},"share_on_mastodon":{"url":"https:\/\/pubeurope.com\/@fr\/114977577585133581","error":""},"_links":{"self":[{"href":"https:\/\/www.europesays.com\/fr\/wp-json\/wp\/v2\/posts\/298673","targetHints":{"allow":["GET"]}}],"collection":[{"href":"https:\/\/www.europesays.com\/fr\/wp-json\/wp\/v2\/posts"}],"about":[{"href":"https:\/\/www.europesays.com\/fr\/wp-json\/wp\/v2\/types\/post"}],"author":[{"embeddable":true,"href":"https:\/\/www.europesays.com\/fr\/wp-json\/wp\/v2\/users\/2"}],"replies":[{"embeddable":true,"href":"https:\/\/www.europesays.com\/fr\/wp-json\/wp\/v2\/comments?post=298673"}],"version-history":[{"count":0,"href":"https:\/\/www.europesays.com\/fr\/wp-json\/wp\/v2\/posts\/298673\/revisions"}],"wp:featuredmedia":[{"embeddable":true,"href":"https:\/\/www.europesays.com\/fr\/wp-json\/wp\/v2\/media\/298674"}],"wp:attachment":[{"href":"https:\/\/www.europesays.com\/fr\/wp-json\/wp\/v2\/media?parent=298673"}],"wp:term":[{"taxonomy":"category","embeddable":true,"href":"https:\/\/www.europesays.com\/fr\/wp-json\/wp\/v2\/categories?post=298673"},{"taxonomy":"post_tag","embeddable":true,"href":"https:\/\/www.europesays.com\/fr\/wp-json\/wp\/v2\/tags?post=298673"}],"curies":[{"name":"wp","href":"https:\/\/api.w.org\/{rel}","templated":true}]}}