{"id":298677,"date":"2025-08-05T18:33:09","date_gmt":"2025-08-05T18:33:09","guid":{"rendered":"https:\/\/www.europesays.com\/fr\/298677\/"},"modified":"2025-08-05T18:33:09","modified_gmt":"2025-08-05T18:33:09","slug":"toulon-simon-babre-prefet-du-var-lete-concentre-1-5-de-la-mortalite-routiere-en-france-dans-le-var-cest-1-3","status":"publish","type":"post","link":"https:\/\/www.europesays.com\/fr\/298677\/","title":{"rendered":"TOULON : Simon Babre, pr\u00e9fet du Var : \u00ab\u00a0L\u2019\u00e9t\u00e9 concentre 1\/5 de la mortalit\u00e9 routi\u00e8re en France, dans le Var, c\u2019est 1\/3\u00a0\u00bb !"},"content":{"rendered":"<p><strong>Tout au long de l\u2019\u00e9t\u00e9, l\u2019ensemble des services de l\u2019\u00c9tat sont mobilis\u00e9s pour lutter contre les atteintes aux personnes comme aux biens, veiller au respect de la tranquillit\u00e9 publique et prot\u00e9ger les consommateurs varois et les estivants.<\/strong><\/p>\n<p>Le pr\u00e9fet du Var et les chefs des services de l\u2019\u00c9tat (forces de s\u00e9curit\u00e9 int\u00e9rieure et de secours, agence r\u00e9gionale de sant\u00e9, directions d\u00e9partementales interminist\u00e9rielles, service d\u00e9partemental \u00e0 la Jeunesse, \u00e0 l\u2019Engagement et aux Sports) dans le d\u00e9partement ont pr\u00e9sent\u00e9 un premier bilan des contr\u00f4les men\u00e9s en ce premier mois d\u2019\u00e9t\u00e9 ainsi que les actions d\u00e9ploy\u00e9es pour assurer la s\u00e9curit\u00e9 de tous durant la p\u00e9riode estivale.<\/p>\n<p><strong>S\u00c9CURIT\u00c9 ROUTI\u00c8RE<\/strong><\/p>\n<p>Les \u00e9quipes de la s\u00e9curit\u00e9 routi\u00e8re sont particuli\u00e8rement mobilis\u00e9es durant la p\u00e9riode estivale, dans un contexte de circulation dense.<br \/>L\u2019\u00e9t\u00e9 concentre 1\/5 de la mortalit\u00e9 routi\u00e8re en France. Dans le Var, c\u2019est 1\/3.<br \/>Cette ann\u00e9e, sur les seuls mois de juin et juillet, 12 personnes ont \u00e9t\u00e9 tu\u00e9es sur les routes du Var contre 6 l\u2019an pass\u00e9. Les accidents sont en l\u00e9g\u00e8re baisse.<\/p>\n<p><strong>Les contr\u00f4les en juin et juillet (chiffres provisoires)<\/strong><\/p>\n<p>\u25b6 <strong>Les forces de l\u2019ordre ont proc\u00e9d\u00e9 \u00e0 :<\/strong><br \/>\u2022 12 000 d\u00e9pistages d\u2019alcool\u00e9mie<br \/>\u2022 3000 d\u00e9pistages stup\u00e9fiants.<br \/>5 000 exc\u00e8s de vitesse ont \u00e9t\u00e9 enregistr\u00e9s, tous contr\u00f4les confondus : Forces de l\u2019ordre et voitures radars.<\/p>\n<p><strong>\u25b6 Les forces de l\u2019ordre ont verbalis\u00e9 :<\/strong><\/p>\n<p>\u2022 800 d\u00e9fauts de priorit\u00e9 (non arr\u00eat au feu rouge, franchissement de ligne continue, non arr\u00eat au stop)<br \/>\u2022 1400 infractions li\u00e9s au non port du casque ou de la ceinture, au d\u00e9faut de permis ou d\u2019assurance.<br \/>517 suspensions du permis prononc\u00e9s avec une hausse de 17,3 % de celles li\u00e9es \u00e0 la consommation de stup\u00e9fiants (190) .<\/p>\n<p><strong>Les actions de sensibilisation en juin et juillet<\/strong><\/p>\n<p>\u25b6 20 actions de sensibilisation tous publics confondus qui ont concern\u00e9 plus de 2400 personnes.<\/p>\n<p><strong>PR\u00c9VENTION FEUX DE FOR\u00caT<\/strong><\/p>\n<p>Pour assurer la protection des massifs forestiers du Var, la direction d\u00e9partementale des Territoires et de la Mer (DDTM) pilote un dispositif de patrouilles qui sillonnent le territoire.<br \/>\u25b6 12 000 personnes sensibilis\u00e9es.<br \/>Chaque jour, 44 patrouilles avec des v\u00e9hicules 4\u00d74 porteurs d\u2019eau (600L) surveillent les massifs pour rep\u00e9rer et attaquer les feux naissants. Des cam\u00e9ras de surveillance et des vigies (notamment 3 vigies foresti\u00e8res, au Mont Caume, \u00e0 la Loube et au Collet-Redon) permettent de guetter les fum\u00e9es suspectes.<br \/>\u25b6 130 fum\u00e9es suspectes rep\u00e9r\u00e9es et trait\u00e9es,<br \/>\u25b6 59 interventions sur feu en cours (dont 37 interventions en tant que primo-intervenants).<br \/>D\u2019autres patrouilles de police foresti\u00e8re avec des v\u00e9hicules 4\u00d74 l\u00e9gers circulent aussi dans les massifs pour sensibiliser, surveiller, dissuader et faire cesser les infractions constat\u00e9es.<\/p>\n<p>\u25b6<strong> 78 patrouilles ont relev\u00e9 :<\/strong><\/p>\n<p>\u2022 54 infractions pour le non-respect de l\u2019interdiction de circulation et de stationnement des v\u00e9hicules \u00e0 moteur sur les pistes DFCI, et d\u2019interdiction d\u2019acc\u00e8s aux massifs \u00e0 partir du risque \u00ab\u00a0tr\u00e8s s\u00e9v\u00e8re\u00a0\u00bb ;<br \/>\u2022 11 infractions pour le non-respect des r\u00e8gles encadrant l\u2019emploi du feu :<br \/>\u2022 interdiction de fumer en for\u00eat en p\u00e9riode estivale,<br \/>\u2022 interdiction de porter ou d\u2019allumer un feu en for\u00eat[\u00e0 enlever] en for\u00eat toute l\u2019ann\u00e9e ;<br \/>\u2022 20 infractions pour non-respect de l\u2019interdiction de camping et bivouac en for\u00eat en \u00e9t\u00e9, hormis en zone am\u00e9nag\u00e9e.<br \/>Des patrouilles lacustres sont \u00e9galement effectu\u00e9es sur les rives bois\u00e9es des lacs du Verdon (Sainte-Croix et Esparron) et sur le lac de Saint Cassien. Sur ces secteurs de lacs, la probl\u00e9matique majeure concerne les feux de camp, strictement interdits en for\u00eat toute l\u2019ann\u00e9e.<\/p>\n<p>Du 1er au 30 juillet, les sapeurs-pompiers du Var (SDIS83) ont men\u00e9 12 575 interventions soit plus de 1 000 interventions en plus que l\u2019an pass\u00e9 (11 664).<\/p>\n<p><strong>Parmi ces interventions, l\u2019\u00e9quipe de l\u2019h\u00e9licopt\u00e8re Dragon a r\u00e9alis\u00e9 :<\/strong><\/p>\n<p>\u25b665 missions comprenant :<br \/>\uf0a8 50 secours \u00e0 victimes<br \/>\uf0a8 5 treuillages dont 4 avec treuillages de l\u2019\u00e9quipe m\u00e9dicale<br \/>\u25b6<br \/>Feux de for\u00eats :<br \/>Les moyens d\u00e9ploy\u00e9s depuis le d\u00e9but de la saison pour prot\u00e9ger les personnes et les biens des 104 incendies d\u2019espaces naturels (dont 36 en risques tr\u00e8s s\u00e9v\u00e8res ) :<br \/>\u25b6Jusqu\u2019\u00e0 800 personnels pr\u00e9-positionn\u00e9s sur le terrain et dans les casernes.<br \/>\u25b6 4 h\u00e9licopt\u00e8res bombardiers d\u2019eau (HBE) pour<br \/>\uf0a8 595 largages,<br \/>\uf0a8 159 heures de vol.<\/p>\n<p><strong>\u25b6Pr\u00e9-position de moyens nationaux sur le p\u00e9licandrome de Hy\u00e8res :<\/strong><\/p>\n<p>\uf0a8 7 journ\u00e9es avec 1 DASH 8,<br \/>\uf0a8 6 journ\u00e9es avec 2 canadairs CL415<br \/>\uf0a8 29 journ\u00e9es avec 1 HBE Lourd de type PUMA.<\/p>\n<p>\u25b6Renforts de d\u00e9partements voisins (13, 30, 04, 2B) \u00e0 hauteur de 13 journ\u00e9es.<br \/>La cellule recherche des causes et circonstances d\u2019incendie a \u00e9t\u00e9 activ\u00e9e 37 fois sur l\u2019ensemble du territoire, \u00e0 la demande du CODIS ou des partenaires.<br \/>Depuis le d\u00e9but de la saison estivale, on d\u00e9nombre plus de 104 d\u00e9parts de feux, pour 71 ha br\u00fbl\u00e9s.<\/p>\n<p>La (en 2024, entre le 01\/07 et le 06\/09, on notait 115 d\u00e9parts de feux pour une surface br\u00fbl\u00e9e de 65 ha)<br \/>La recrudescence des d\u00e9parts de feux en cette saison estivale 2025 doit conduire chacun \u00e0 la plus grande vigilance et au strict respect des diff\u00e9rentes r\u00e8gles d\u2019acc\u00e8s aux massifs forestiers, d\u2019emploi du feu en for\u00eat et d\u2019interdiction du camping\/bivouac, r\u00e8gles qui sont accessibles \u00e0 tous sur le site de la pr\u00e9fecture du Var :<a href=\"https:\/\/www.var.gouv.fr\/Actionsde-l-Etat\/Foret\" rel=\"nofollow noopener\" target=\"_blank\"> https:\/\/www.var.gouv.fr\/Actionsde-l-Etat\/Foret<\/a><\/p>\n<p><strong>SPORTS ET LOISIRS<\/strong><\/p>\n<p>Dans le cadre du dispositif interminist\u00e9riel de s\u00e9curit\u00e9 estivale, le SDJES du Var a engag\u00e9 une campagne de contr\u00f4les renforc\u00e9e, sur la p\u00e9riode de juin \u00e0 juillet 2025.<\/p>\n<p><strong>Ces contr\u00f4les visent \u00e0 garantir la s\u00e9curit\u00e9, la qualit\u00e9 \u00e9ducative et la conformit\u00e9 r\u00e9glementaire :<\/strong><\/p>\n<p>\uf0b7 des accueils collectifs de mineurs (ACM),<br \/>\uf0b7 des \u00e9tablissements d\u2019activit\u00e9s physiques et sportives (EAPS).<\/p>\n<p>Certaines op\u00e9rations ont \u00e9t\u00e9 conduites conjointement ou d\u00e9clench\u00e9es en lien avec les forces de s\u00e9curit\u00e9 int\u00e9rieure, la DDPP ou les services de l\u2019ARS, selon les situations rencontr\u00e9es sur le terrain.<\/p>\n<p><strong>DANS LES ACCUEILS COLLECTIFS DE MINEURS (ACM)<\/strong><\/p>\n<p><strong>Depuis le d\u00e9but de la saison estivale, on d\u00e9nombre :<\/strong><\/p>\n<p>72 contr\u00f4les ACM r\u00e9alis\u00e9s<br \/>66 inopin\u00e9s<br \/>6 suite \u00e0 une signalement<br \/>39 en AVEC h\u00e9bergement<br \/>33 SANS h\u00e9bergement<\/p>\n<p>Depuis le d\u00e9but de l\u2019ann\u00e9e, 102 contr\u00f4les ACM r\u00e9alis\u00e9s sur les 150 cibl\u00e9s pour 2025 soit 68 % r\u00e9alis\u00e9s.<\/p>\n<p>\u25b6 16 signalements d\u2019\u00e9v\u00e9nements graves (accidents ou incidents), ayant donn\u00e9 lieu \u00e0 l\u2019ouverture d\u2019une enqu\u00eate.<br \/>\u25b623 mesures de police administrative :<br \/>\u2022 2 interruptions de s\u00e9jour de vacances,<br \/>\u2022 1 suspension d\u2019exercer d\u2019un animateur<br \/>\u2022 8 courriers d\u2019injonction ont \u00e9t\u00e9 enregistr\u00e9s<br \/>\u2022 12 courriers de rappel r\u00e9glementaire<br \/>\u2022 6 courriers d\u2019incapacit\u00e9s (bulletin n\u00b02 du casier judiciaire charg\u00e9) ont \u00e9t\u00e9 notifi\u00e9s.<\/p>\n<p><strong>DANS LES \u00c9TABLISSEMENTS D\u2019ACTIVIT\u00c9S PHYSIQUES ET SPORTIVES (EAPS)<\/strong><\/p>\n<p><strong>Depuis le d\u00e9but de la saison estivale, on d\u00e9nombre :<\/strong><\/p>\n<p>92 contr\u00f4les EAPS r\u00e9alis\u00e9s<br \/>Depuis le d\u00e9but de l\u2019ann\u00e9e, 164 contr\u00f4les EAPS r\u00e9alis\u00e9s sur les 180 cibl\u00e9s pour 2025 soit plus de 90% r\u00e9alis\u00e9s.<br \/>\u25b6 41 accidents en \u00e9tablissements sportifs, 4 morts (3 en plong\u00e9e subaquatique) et une enqu\u00eate de police administrative ouverte<br \/>\u25b617 mises en demeure ont \u00e9t\u00e9 notifi\u00e9es en 2025.<br \/>\u25b67 mesures de fermetures d\u2019\u00e9tablissements ont \u00e9t\u00e9 prononc\u00e9es, dont 3 ont \u00e9t\u00e9 lev\u00e9es<br \/>apr\u00e8s r\u00e9gularisation ; 2 mesures d\u2019interdiction d\u2019exercer<br \/>\u25b67 mesures d\u2019interdictions d\u2019exercer ont \u00e9t\u00e9 notifi\u00e9es \u00e0 des \u00e9ducateurs.<br \/>\u25b67 incapacit\u00e9s ont \u00e9t\u00e9 r\u00e9dig\u00e9es (6 pour mention sur B2 et 1 inscrit FIJAIS).<\/p>\n<p><strong>LES QUALIFICATION DES ENCADRANTS (\u00c9DUCATEURS)<\/strong><\/p>\n<p><strong>Dans un contexte de forte saisonnalit\u00e9 et d\u2019intensification des pratiques sportives estivales, les contr\u00f4les se sont tr\u00e8s fortement intensifi\u00e9s sur les zones littorales :<\/strong><\/p>\n<p><strong>Depuis le d\u00e9but de la saison estivale, on d\u00e9nombre :\u00a0<\/strong><\/p>\n<p>300 contr\u00f4les d\u2019\u00e9ducateurs r\u00e9alis\u00e9s<br \/>Depuis le d\u00e9but de l\u2019ann\u00e9e, 330 contr\u00f4les ont \u00e9t\u00e9 effectu\u00e9s, sur les 350 cibl\u00e9s pour 2025 soit plus de 94 % Le mois d\u2019ao\u00fbt verra la poursuite des contr\u00f4les, avec une attention renforc\u00e9e autour :<br \/>\uf0b7 des zones \u00e0 forte densit\u00e9 touristique,<br \/>\uf0b7 des pratiques \u00e0 encadrement sp\u00e9cifique, notamment aquatiques, nautiques et de pleine nature.<br \/>\uf0b7 des signalements re\u00e7us<\/p>\n<p><strong>MER ET LITTORAL<\/strong><\/p>\n<p>Pour ce d\u00e9but de saison, les \u00e9quipes de la direction d\u00e9partementale des Territoires et de la Mer (DDTM) ont men\u00e9 des actions de contr\u00f4les relevant de la comp\u00e9tence du pr\u00e9fet du Var :<br \/>\u25b6<br \/>Occupation du domaine maritime<br \/>6 journ\u00e9es de contr\u00f4les \u00ab\u00a0terrain\u00a0\u00bb ont \u00e9t\u00e9 r\u00e9alis\u00e9es depuis le d\u00e9but de la saison estivale<br \/>\u25b6160 relev\u00e9s ont \u00e9t\u00e9 r\u00e9alis\u00e9s relatifs aux ouvrages construits sur le littoral entre Saint-Cyr et le Lavandou.<br \/>L\u2019analyse de ces relev\u00e9s permettra de d\u00e9terminer, apr\u00e8s examen, leur positionnement exact par rapport au DPM (Domaine public maritime) et la conformit\u00e9 par rapport aux autorisations donn\u00e9es.<br \/>Un r\u00e9pertoire des ouvrages sans titre sera alors constitu\u00e9 permettant soit leur d\u00e9molition soit leur r\u00e9gularisation.<br \/>\u25b6Travaux en contact avec le milieu marin<br \/>10 journ\u00e9es de contr\u00f4les \u00ab\u00a0terrain\u00a0\u00bb ont port\u00e9 sur le suivi et la v\u00e9rification du respect des prescriptions sp\u00e9cifiques qui sont adress\u00e9es aux ma\u00eetres d\u2019ouvrage lors de travaux maritimes.<\/p>\n<p>\u25b6Concession de plage<\/p>\n<p><strong>11 communes contr\u00f4l\u00e9es sur leurs plages conc\u00e9d\u00e9es<\/strong><\/p>\n<p>Six-Fours-les-Plages, La Seyne-sur-mer, Saint-Mandrier, Carqueiranne, Hy\u00e8res, La Londe-les-Maures, Le Lavandou, La Croix Valmer, Grimaud, Saint Maxime et Saint Rapha\u00ebl.<br \/>\u25b6 Plusieurs lots ont fait l\u2019objet d\u2019une mise en demeure, principalement pour des d\u00e9passements de la surface autoris\u00e9e. Les services ont \u00e9galement not\u00e9 une occupation sans droit ni titre. Les proc\u00e9dures sont en cours pour faire respecter la r\u00e9glementation en vigueur.<br \/>\u25b6Comportement dangereux en mer<br \/>\u25b617 personnes ont \u00e9t\u00e9 convoqu\u00e9es suite \u00e0 des contr\u00f4les en mer pour comportements dangereux. Des suspensions de permis mer allant jusqu\u2019\u00e0 4 semaines ont \u00e9t\u00e9 retenues.<\/p>\n<p><strong>RESPECT DES DROITS DES SALARI\u00c9S<\/strong><\/p>\n<p>Durant la saison estivale, l\u2019inspection du travail m\u00e8ne des contr\u00f4les sur le secteur des h\u00f4tels caf\u00e9s restaurants, pour s\u2019assurer du respect de la r\u00e8glementation en mati\u00e8re de droit du travail et particuli\u00e8rement sur les th\u00e9matiques de la dur\u00e9e du travail, du travail ill\u00e9gal et de la protection des jeunes travailleurs.<\/p>\n<p><strong>Depuis le d\u00e9but de la saison estivale, on d\u00e9nombre :<\/strong><\/p>\n<p>124 contr\u00f4les dans les entreprises r\u00e9alis\u00e9s tous secteurs confondus : construction, transports, h\u00e9bergement restauration, agriculture, services, sant\u00e9, arts et spectacles\u2026<br \/>Depuis d\u00e9but juillet, 20 agents de contr\u00f4le ont particip\u00e9 \u00e0 5 op\u00e9rations varoises, ce qui repr\u00e9sente \u00e0 la date du 28 juillet 2025, 28 \u00e9tablissements contr\u00f4l\u00e9s.<br \/>\u25b6Des rappels \u00e0 la loi ont syst\u00e9matiquement \u00e9t\u00e9 formul\u00e9s, 3 mises en demeure ont d\u2019ores et d\u00e9j\u00e0 \u00e9t\u00e9 signifi\u00e9es et une proc\u00e9dure p\u00e9nale est en cours.<br \/>Dans le cadre du plan canicule, l\u2019action de l\u2019inspection du travail du Var s\u2019est concentr\u00e9e sur les HCR (h\u00f4tel, caf\u00e9 et restaurant) et le BTP (b\u00e2timent et travaux publics), secteurs d\u2019activit\u00e9s les plus accidentog\u00e8nes.<br \/>\u25b6Parmi les contr\u00f4les effectu\u00e9s, 16 ont donn\u00e9 lieu \u00e0 des suites sur le risque chaleur \/ canicule.<\/p>\n<p><strong>Vacances adapt\u00e9es organis\u00e9es<\/strong><\/p>\n<p><strong>Depuis le d\u00e9but de l\u2019ann\u00e9e, 124 s\u00e9jours Vacances adapt\u00e9es organis\u00e9es (VAO) ont \u00e9t\u00e9 d\u00e9clar\u00e9s dans le Var (dont 5 annul\u00e9s), dont :<\/strong><\/p>\n<p>\u25b6 39 r\u00e9alis\u00e9s en juillet<br \/>\u25b6 56 pr\u00e9vus en ao\u00fbt.<br \/>Une visite de contr\u00f4le inopin\u00e9e a \u00e9t\u00e9 effectu\u00e9e en juin, portant sur les conditions d\u2019accueil, de s\u00e9curit\u00e9 et d\u2019organisation. Suite \u00e0 ce contr\u00f4le, l\u2019\u00e9tablissement a fourni tous les \u00e9l\u00e9ments demand\u00e9s.<br \/>La DDETS mobilise chaque ann\u00e9e ses agents pour instruire plus de 130 s\u00e9jours, appuy\u00e9e par un plan de contr\u00f4le d\u00e9partemental, des outils num\u00e9riques (SI VAO), et une coordination \u00e9troite avec les services de l\u2019\u00c9tat.<\/p>\n<p><strong>PROT\u00c9GER LES CONSOMMATEURS<\/strong><\/p>\n<p>Depuis le d\u00e9but de la saison estivale, les \u00e9quipes de la direction d\u00e9partementale de la protection des populations (DDPP) sont sur tous les fronts.<br \/>\u25b6Transports : 31 contr\u00f4les, dont 6 pour les taxis\/VTC<br \/>\u25b6Locations : 29 \u00e9tablissements contr\u00f4l\u00e9s (h\u00f4tels et g\u00eetes)<br \/>\u25b6 Campings : 22 campings soumis aux risques feux de for\u00eat et inondation visit\u00e9s<br \/>\u25b6 Activit\u00e9s de loisirs : 10 contr\u00f4les de s\u00e9curit\u00e9 (aires de jeux, parc aquatique, activit\u00e9s nautiques\u2026) au titre de l\u2019obligation g\u00e9n\u00e9rale de s\u00e9curit\u00e9 assur\u00e9e par les agents CCRF dont 1 contr\u00f4le inter-services d\u2019un parc aquatique<br \/>\u25b6 Produits non alimentaires : 18 contr\u00f4les de s\u00e9curit\u00e9 (EPI, jouets, textiles, bijoux) et 32 \u00e9tablissements de distribution (dont 13 grossistes et entrep\u00f4t) contr\u00f4l\u00e9s en mati\u00e8re de s\u00e9curit\u00e9 alimentaire<br \/>\u25b6 March\u00e9s : 6 march\u00e9s cibl\u00e9s pour 70 contr\u00f4les effectu\u00e9s tant sur le volet alimentaire que des produits divers (jouets, textiles\u2026) en terme de loyaut\u00e9, affichage des prix, v\u00e9rification de la provenance des produits ou leur s\u00e9curit\u00e9<br \/>\u25b6 Restaurants : 99 \u00e9tablissements contr\u00f4l\u00e9s en terme de loyaut\u00e9 des prestations commerciales (affichage des prix, v\u00e9rification des all\u00e9gations de qualit\u00e9 du type IGP\/AOP, conformit\u00e9 de la carte des vins, etc\u2026) et\/ou hygi\u00e8ne.<br \/>\u25b6 Concerts : 5 manifestations estivales d\u2019ampleur nationale ont \u00e9t\u00e9 contr\u00f4les au titre de la s\u00e9curit\u00e9 incendie ( SUMMER VIBES (m\u00eame si finalement annul\u00e9 par le porteur de projet), Mme LOYAL, ZAMNA, HELL\u2019S WEEK).<br \/>302 contr\u00f4les effectu\u00e9s<br \/>72 avertissements, 4 PV dress\u00e9s, 4 restaurants ferm\u00e9s, 1 injonction et 1 retrait-rappel d\u2019un produit<br \/>\u25b6Une communication transparente, pour guider les consommateurs<\/p>\n<p><strong>S\u00c9CURIT\u00c9 DU QUOTIDIEN RENFORC\u00c9E<\/strong><\/p>\n<p><strong>BLEU GENDARME<\/strong><\/p>\n<p><strong>Depuis le d\u00e9but de la p\u00e9riode estivale, les gendarmes du Var ont mis en place un dispositif de s\u00e9curit\u00e9 renforc\u00e9, adapt\u00e9 \u00e0 la traditionnelle affluence touristique que conna\u00eet le d\u00e9partement :<\/strong><\/p>\n<p>\u25b6 35 r\u00e9servistes varois en renfort quotidien<br \/>\u25b6 1 compagnie de marche de la r\u00e9gion Rh\u00f4ne-Alpes, arm\u00e9e par 50 militaires depuis le 17 juillet dernier<br \/>\u25b6 3 postes provisoires, localis\u00e9s aux Issambres, \u00e0 Ramatuelle et aux Salles sur Verdon, sont fonctionnels et permettent de renforcer le maillage du territoire<br \/>\u25b6 1 poste \u00e0 cheval, implant\u00e9 \u00e0 la Londe-les-Maures et arm\u00e9 par 5 militaires dont deux gardes r\u00e9publicains, compl\u00e8te le dispositif de surveillance mis en place sur la bande c\u00f4ti\u00e8re et les massifs forestiers.<\/p>\n<p><strong>Depuis le d\u00e9but de la saison estivale, on d\u00e9nombre :<\/strong><\/p>\n<p>638 contr\u00f4les r\u00e9alis\u00e9s soit 36 673 personnes contr\u00f4l\u00e9es dont 27 501 v\u00e9hicules<br \/>\u25b6 Plus de 20 rassemblements festifs majeurs (concerts, corso lumineux \u2026) ont \u00e9t\u00e9 s\u00e9curis\u00e9s sur le mois de juillet.<\/p>\n<p>En mer :<br \/>324 contr\u00f4les,<br \/>101 infractions relev\u00e9es<br \/>\u25b6 Les 2 brigades nautiques des Issambres et du Lavandou multiplient les contr\u00f4les sur le pourtour littoral mais \u00e9galement sur les eaux int\u00e9rieures (Lac de Ste Croix et Lac de St Cassien).<br \/>Des op\u00e9rations lacustres coordonn\u00e9es impliquant des services partenaires (ONF, OFD, ECOGARDE\u2026) sont \u00e9galement r\u00e9alis\u00e9es sur les eaux int\u00e9rieurs afin de lutter activement contre les atteintes \u00e0 l\u2019environnement et les comportements irresponsables.<\/p>\n<p><strong>Patrouille :<\/strong><\/p>\n<p>\u25b6 23 patrouilles ont \u00e9t\u00e9 r\u00e9alis\u00e9es sur les pistes DFCI en juillet pour sensibiliser les promeneurs aux bons gestes contre les feux de for\u00eat et sanctionner les comportements dangereux.<br \/>Lutte contre le travail dissimul\u00e9 et la d\u00e9linquance :<br \/>\u25b6 187 op\u00e9rations de la lutte contre la d\u00e9linquance r\u00e9partis sur 50 communes.<br \/>\u25b6 8 op\u00e9rations de lutte contre le travail ill\u00e9gal et la fraude ont permis de contr\u00f4ler plus de 20 \u00e9tablissements.<\/p>\n<p><strong>BLEU POLICE NATIONALE<\/strong><\/p>\n<p>Depuis le d\u00e9but de la p\u00e9riode estivale, la police nationale du Var a mis en place un dispositif de s\u00e9curit\u00e9 renforc\u00e9, adapt\u00e9 \u00e0 la traditionnelle affluence touristique que conna\u00eet le d\u00e9partement.<\/p>\n<p><strong>Afin de r\u00e9pondre \u00e0 cette exigence de s\u00e9curit\u00e9, elle b\u00e9n\u00e9ficie pour la saison 2025 de renforts d\u2019effectifs, depuis le 11 juillet :<\/strong><\/p>\n<p>\u25b6 112 personnels suppl\u00e9mentaires dont 2 CRS<br \/>\u25b6 11 ma\u00eetres nageurs sauveteurs compl\u00e8tent ce dispositif.<\/p>\n<p><strong>Depuis le d\u00e9but de la saison estivale, on d\u00e9nombre :<\/strong><\/p>\n<p>604 contr\u00f4les r\u00e9alis\u00e9s<br \/>19 interpellations, 381 amendes forfaitaires d\u00e9lictuelles stup\u00e9fiants et la saisie de 25 armes blanches.<br \/>\u25b6Lors des festivit\u00e9s, 503 s\u00e9curisations ont \u00e9t\u00e9 assur\u00e9es.<br \/>En mer : la Brigade Nautique d\u00e9partementale de la DIPN 83 a men\u00e9 diverses op\u00e9rations conjointes sur le bassin toulonnais, des missions de Police Secours, de secours en mer et a constat\u00e9 des d\u00e9lits \u00e0 la navigation.<\/p>\n<p><strong>Dans les transports en commun :<\/strong><\/p>\n<p>224 contr\u00f4les pour 1150 personnes contr\u00f4l\u00e9es<br \/>\u25b613 interpellations<br \/>\u25b618 amendes forfaitaires d\u00e9lictuelles pour stup\u00e9fiants.<\/p>\n<p><strong>Lutte contre le travail dissimul\u00e9 : 2 grosses op\u00e9rations se sont tenues donnant lieu \u00e0 la mobilisation de 128 effectifs :<\/strong><\/p>\n<p>\u25b6135 personnes et 3 camions contr\u00f4l\u00e9s,<br \/>\u25b66 individus plac\u00e9s en r\u00e9tention administrative,<br \/>\u25b6 2 infractions pour emploi d\u2019\u00e9tranger sans titre<br \/>\u25b6 1 individu en fuite pour faux et usage de faux.<\/p>\n<p><strong>BLEU DOUANES<\/strong><\/p>\n<p><strong>Les services des douanes ont r\u00e9alis\u00e9 plusieurs belles op\u00e9rations avec des saisies cons\u00e9quentes :<\/strong><\/p>\n<p><strong>Entre le 15 juin et le 31 juillet ont \u00e9t\u00e9 saisis :<\/strong><\/p>\n<p>138,8 kg de stup\u00e9fiants dont 127 kg de coca\u00efne lors de 4 constatations<br \/>\u25b620,58 kg de tabac lors de 6 constatations<br \/>\u25b6376 puffs lors de 3 constatations<br \/>\u25b65341 articles de contrefa\u00e7ons lors de 6 constatations<br \/>\u25b6281 m\u00e9dicaments lors de 3 constatations<br \/>\u25b62 armes (1 couteau et pistolet \u00e0 bille)<br \/>\u25b66396 euros de droits et taxes redress\u00e9s lors de 2 constatations.<\/p>\n<p>Ces contr\u00f4les ont \u00e9t\u00e9 men\u00e9s sur le r\u00e9seau routier mais \u00e9galement dans les commerces et dans le fret postal. Les services des douanes ont \u00e9galement dress\u00e9 9 consignations pour circulation non autoris\u00e9e les dimanches et jours f\u00e9ri\u00e9s.<\/p>\n<p><strong>Photo Philippe OLIVIER (PRESSE AGENCE \u2013 LA GAZETTE DU VAR).<\/strong><\/p>\n","protected":false},"excerpt":{"rendered":"Tout au long de l\u2019\u00e9t\u00e9, l\u2019ensemble des services de l\u2019\u00c9tat sont mobilis\u00e9s pour lutter contre les atteintes aux&hellip;\n","protected":false},"author":2,"featured_media":298678,"comment_status":"","ping_status":"","sticky":false,"template":"","format":"standard","meta":{"footnotes":""},"categories":[9619],"tags":[1111,11,1777,674,1011,27,12,882,25,2310],"class_list":{"0":"post-298677","1":"post","2":"type-post","3":"status-publish","4":"format-standard","5":"has-post-thumbnail","7":"category-toulon","8":"tag-actu","9":"tag-actualites","10":"tag-eu","11":"tag-europe","12":"tag-fr","13":"tag-france","14":"tag-news","15":"tag-provence-alpes-cote-dazur","16":"tag-republique-francaise","17":"tag-toulon"},"share_on_mastodon":{"url":"https:\/\/pubeurope.com\/@fr\/114977597285668114","error":""},"_links":{"self":[{"href":"https:\/\/www.europesays.com\/fr\/wp-json\/wp\/v2\/posts\/298677","targetHints":{"allow":["GET"]}}],"collection":[{"href":"https:\/\/www.europesays.com\/fr\/wp-json\/wp\/v2\/posts"}],"about":[{"href":"https:\/\/www.europesays.com\/fr\/wp-json\/wp\/v2\/types\/post"}],"author":[{"embeddable":true,"href":"https:\/\/www.europesays.com\/fr\/wp-json\/wp\/v2\/users\/2"}],"replies":[{"embeddable":true,"href":"https:\/\/www.europesays.com\/fr\/wp-json\/wp\/v2\/comments?post=298677"}],"version-history":[{"count":0,"href":"https:\/\/www.europesays.com\/fr\/wp-json\/wp\/v2\/posts\/298677\/revisions"}],"wp:featuredmedia":[{"embeddable":true,"href":"https:\/\/www.europesays.com\/fr\/wp-json\/wp\/v2\/media\/298678"}],"wp:attachment":[{"href":"https:\/\/www.europesays.com\/fr\/wp-json\/wp\/v2\/media?parent=298677"}],"wp:term":[{"taxonomy":"category","embeddable":true,"href":"https:\/\/www.europesays.com\/fr\/wp-json\/wp\/v2\/categories?post=298677"},{"taxonomy":"post_tag","embeddable":true,"href":"https:\/\/www.europesays.com\/fr\/wp-json\/wp\/v2\/tags?post=298677"}],"curies":[{"name":"wp","href":"https:\/\/api.w.org\/{rel}","templated":true}]}}