{"id":298679,"date":"2025-08-05T18:34:10","date_gmt":"2025-08-05T18:34:10","guid":{"rendered":"https:\/\/www.europesays.com\/fr\/298679\/"},"modified":"2025-08-05T18:34:10","modified_gmt":"2025-08-05T18:34:10","slug":"toulon-meteo-ciel-parfaitement-degage-mardi-sur-la-provence-alpes-cote-dazur","status":"publish","type":"post","link":"https:\/\/www.europesays.com\/fr\/298679\/","title":{"rendered":"TOULON : M\u00e9t\u00e9o &#8211; Ciel parfaitement d\u00e9gag\u00e9 mardi sur la Provence-Alpes-C\u00f4te d\u2019Azur"},"content":{"rendered":"<p><strong>Ciel parfaitement d\u00e9gag\u00e9 ce mardi sur toute la r\u00e9gion\u00a0Provence-Alpes-C\u00f4te d\u2019Azur. <\/strong><\/p>\n<p>Les temp\u00e9ratures restent douces en matin\u00e9e, de 12 \u00e0 20\u00b0.<\/p>\n<p>L\u2019apr\u00e8s-midi, la chaleur s\u2019accentue dans l\u2019int\u00e9rieur des terres, avec jusqu\u2019\u00e0 36\u00b0 localement.<\/p>\n<p>Sur le littoral, l\u2019air marin rend l\u2019atmosph\u00e8re plus supportable : 26\u00b0 \u00e0\u00a0<strong data-start=\"514\" data-end=\"527\">Marseille<\/strong>,\u00a0<strong data-start=\"529\" data-end=\"542\">Saint-Cyr<\/strong>,\u00a0<strong data-start=\"544\" data-end=\"554\">Bandol<\/strong>,\u00a0<strong data-start=\"556\" data-end=\"569\">Six-Fours<\/strong>,\u00a0<strong data-start=\"571\" data-end=\"581\">Sanary<\/strong>\u00a0et\u00a0<strong data-start=\"585\" data-end=\"597\">Le Brusc<\/strong>.<\/p>\n<p>Comptez 27\u00b0 \u00e0\u00a0<strong data-start=\"613\" data-end=\"626\">Ollioules<\/strong>,\u00a0<strong data-start=\"628\" data-end=\"638\">Toulon<\/strong>,\u00a0<strong data-start=\"640\" data-end=\"654\">La Valette<\/strong>\u00a0et\u00a0<strong data-start=\"658\" data-end=\"670\">La Garde<\/strong>.<\/p>\n<p>Il fera 28\u00b0 \u00e0\u00a0<strong data-start=\"686\" data-end=\"696\">Hy\u00e8res<\/strong>,\u00a0<strong data-start=\"698\" data-end=\"714\">Porquerolles<\/strong>, sur la plage de\u00a0<strong data-start=\"732\" data-end=\"747\">la Courtade<\/strong>,\u00a0<strong data-start=\"749\" data-end=\"769\">Le Rayol-Canadel<\/strong>\u00a0et\u00a0<strong data-start=\"773\" data-end=\"785\">La Londe<\/strong>.<\/p>\n<p><strong>ComLaRadio\u00a0<\/strong><br \/><strong>Thierry CARI<\/strong><br \/><strong>Voix Off<\/strong><br \/><strong>Animateur \/ pr\u00e9sentateur<\/strong><br \/><strong><a href=\"https:\/\/presseagence.fr\/toulon-meteo-ciel-parfaitement-degage-mardi-sur-la-provence-alpes-cote-dazur\/mailto:Contact@thierrycari.com\" rel=\"nofollow noopener\" target=\"_blank\">Contact@thierrycari.com<\/a><\/strong><br \/><strong><a href=\"http:\/\/www.thierrycari.com\" rel=\"nofollow noopener\" target=\"_blank\">www.thierrycari.com<\/a><\/strong><\/p>\n","protected":false},"excerpt":{"rendered":"Ciel parfaitement d\u00e9gag\u00e9 ce mardi sur toute la r\u00e9gion\u00a0Provence-Alpes-C\u00f4te d\u2019Azur. Les temp\u00e9ratures restent douces en matin\u00e9e, de 12&hellip;\n","protected":false},"author":2,"featured_media":281878,"comment_status":"","ping_status":"","sticky":false,"template":"","format":"standard","meta":{"footnotes":""},"categories":[9619],"tags":[1111,11,1777,674,1011,27,12,882,25,2310],"class_list":{"0":"post-298679","1":"post","2":"type-post","3":"status-publish","4":"format-standard","5":"has-post-thumbnail","7":"category-toulon","8":"tag-actu","9":"tag-actualites","10":"tag-eu","11":"tag-europe","12":"tag-fr","13":"tag-france","14":"tag-news","15":"tag-provence-alpes-cote-dazur","16":"tag-republique-francaise","17":"tag-toulon"},"share_on_mastodon":{"url":"https:\/\/pubeurope.com\/@fr\/114977601103962888","error":""},"_links":{"self":[{"href":"https:\/\/www.europesays.com\/fr\/wp-json\/wp\/v2\/posts\/298679","targetHints":{"allow":["GET"]}}],"collection":[{"href":"https:\/\/www.europesays.com\/fr\/wp-json\/wp\/v2\/posts"}],"about":[{"href":"https:\/\/www.europesays.com\/fr\/wp-json\/wp\/v2\/types\/post"}],"author":[{"embeddable":true,"href":"https:\/\/www.europesays.com\/fr\/wp-json\/wp\/v2\/users\/2"}],"replies":[{"embeddable":true,"href":"https:\/\/www.europesays.com\/fr\/wp-json\/wp\/v2\/comments?post=298679"}],"version-history":[{"count":0,"href":"https:\/\/www.europesays.com\/fr\/wp-json\/wp\/v2\/posts\/298679\/revisions"}],"wp:featuredmedia":[{"embeddable":true,"href":"https:\/\/www.europesays.com\/fr\/wp-json\/wp\/v2\/media\/281878"}],"wp:attachment":[{"href":"https:\/\/www.europesays.com\/fr\/wp-json\/wp\/v2\/media?parent=298679"}],"wp:term":[{"taxonomy":"category","embeddable":true,"href":"https:\/\/www.europesays.com\/fr\/wp-json\/wp\/v2\/categories?post=298679"},{"taxonomy":"post_tag","embeddable":true,"href":"https:\/\/www.europesays.com\/fr\/wp-json\/wp\/v2\/tags?post=298679"}],"curies":[{"name":"wp","href":"https:\/\/api.w.org\/{rel}","templated":true}]}}