{"id":298684,"date":"2025-08-05T18:37:09","date_gmt":"2025-08-05T18:37:09","guid":{"rendered":"https:\/\/www.europesays.com\/fr\/298684\/"},"modified":"2025-08-05T18:37:09","modified_gmt":"2025-08-05T18:37:09","slug":"les-jeunes-representent-la-moitie-des-tues-sur-les-route-de-la-seine-maritime","status":"publish","type":"post","link":"https:\/\/www.europesays.com\/fr\/298684\/","title":{"rendered":"Les jeunes repr\u00e9sentent la moiti\u00e9 des tu\u00e9s sur les route de la Seine-Maritime"},"content":{"rendered":"<p>            Par<br \/>\n        <strong><br \/>\n            <a href=\"https:\/\/actu.fr\/auteur\/adrien-filoche\" title=\"Consulter tous les articles de Adrien Filoche\" target=\"_blank\" rel=\"noopener\">Adrien Filoche<\/a><br \/>\n        <\/strong><\/p>\n<p>        Publi\u00e9 le<\/p>\n<p>            5 ao\u00fbt 2025 \u00e0 19h19        <\/p>\n<p>Avec 59\u00a0personnes tu\u00e9es lors d\u2019accidents de la circulation en <a href=\"https:\/\/actu.fr\/normandie\/seine-maritime_76\" target=\"_blank\" rel=\"noopener\">Seine-Maritime<\/a>, l\u2019ann\u00e9e 2024 avait \u00e9t\u00e9 particuli\u00e8re catastrophique, notamment plomb\u00e9e par un mois de janvier\u00a02024 qui avait vu 10 morts sur les routes. <strong>Alors, qu\u2019en est-il pour l\u2019ann\u00e9e 2025\u2009?<\/strong> On fait le point sur le premier semestre avec les chiffres de la pr\u00e9fecture.<\/p>\n<p>Moins de morts sur les routes et moins d\u2019accidents<\/p>\n<p class=\" wall-content\">Depuis le d\u00e9but de l\u2019ann\u00e9e, <strong>21\u00a0personnes sont mortes sur les routes <\/strong>selon les derniers chiffres du mois de juillet publi\u00e9s par la pr\u00e9fecture de la Seine-Maritime. Comparativement \u00e0 2024, on note une baisse de 11 personnes tu\u00e9es \u00e0 la m\u00eame p\u00e9riode (32). Depuis le d\u00e9but de l\u2019ann\u00e9e, <strong>la mortalit\u00e9 est en baisse de 34\u2009% <\/strong>comparativement \u00e0 2024.<\/p>\n<p class=\" wall-content\">Le nombre d\u2019accidents corporels est lui aussi en baisse avec <strong>362 accidents en 2025<\/strong>, contre 483 en 2024 et 423 en 2023. Dans cette m\u00eame continuit\u00e9, on retrouve \u00e9galement une <strong>baisse des bless\u00e9s sur les routes<\/strong>, 438 en 2025, contre 578 en 2024 et 564 en 2023.<\/p>\n<p>Les victimes sont jeunes<\/p>\n<p class=\" wall-content\">Malgr\u00e9 des chiffres plus r\u00e9jouissants au regard de 2024 ou encore de 2022, ann\u00e9e noire <strong>marqu\u00e9e par le record de mortalit\u00e9 sur les routes (72)<\/strong>, la vigilance reste de mise.<\/p>\n<p class=\" wall-content\">Encore une fois, les usagers vuln\u00e9rables repr\u00e9sentent plus de la moiti\u00e9 des tu\u00e9s (11 tu\u00e9s dont cinq pi\u00e9tons, deux cyclistes et quatre utilisateurs d\u2019un deux-roues).<\/p>\n<p class=\" wall-content\">De plus, \u00ab\u2009on d\u00e9plore de nombreuses victimes jeunes. Ainsi, les moins de 24\u00a0ans repr\u00e9sentent la moiti\u00e9 des tu\u00e9s\u2009\u00bb, souligne la pr\u00e9fecture. On se souvient notamment du <a href=\"https:\/\/actu.fr\/normandie\/le-havre_76351\/un-pieton-tue-fauche-par-un-chauffard-au-havre-le-conducteur-est-en-fuite_62584181.html\" target=\"_blank\" rel=\"noopener\">drame survenu dans la nuit du 30\u00a0avril au 1er\u00a0mai 2025<\/a>, au\u00a0Havre. Th\u00e9o, 21\u00a0ans et fervent supporter du HAC, avait \u00e9t\u00e9 mortellement fauch\u00e9 par un chauffard. Le drame avait eu <a href=\"https:\/\/actu.fr\/normandie\/le-havre_76351\/ca-va-etre-dur-de-s-en-remettre-journee-d-hommages-pour-le-jeune-theo-tue-par-un-chauffard-au-havre_62618629.html\" target=\"_blank\" rel=\"noopener\">un \u00e9cho particulier<\/a> dans la cit\u00e9 Oc\u00e9ane.<\/p>\n<p>Suivez l\u2019actualit\u00e9 de Rouen sur <a href=\"https:\/\/www.whatsapp.com\/channel\/0029VaKfnf99hXF2ddApFB1D\" target=\"_blank\" rel=\"noopener\">notre cha\u00eene WhatsApp<\/a> et sur <a href=\"https:\/\/www.tiktok.com\/@76actu.fr?lang=fr\" target=\"_blank\" rel=\"noopener\">notre compte Tik Tok<\/a>Suivez l\u2019actualit\u00e9 du\u00a0Havre sur <a href=\"https:\/\/www.whatsapp.com\/channel\/0029VaFqJYE8aKvLBwVrEe0o\" target=\"_blank\" rel=\"noopener\">notre cha\u00eene WhatsApp<\/a> et sur <a href=\"https:\/\/www.tiktok.com\/@76actu.fr?lang=fr\" target=\"_blank\" rel=\"noopener\">notre compte TikTok<\/a><\/p>\n<p class=\" wall-content\">Suivez toute l\u2019actualit\u00e9 de vos villes et m\u00e9dias favoris en vous inscrivant \u00e0 <a href=\"https:\/\/moncompte.actu.fr\" title=\"D\u00e9couvez Mon Actu\" rel=\"nofollow noopener\" data-trk=\"{&quot;cta&quot;:{&quot;action&quot;:&quot;https:\\\/\\\/moncompte.actu.fr&quot;,&quot;category&quot;:&quot;mon compte&quot;,&quot;from&quot;:&quot;article footer&quot;,&quot;name&quot;:&quot;Mon actu&quot;,&quot;type&quot;:&quot;cta&quot;}}\" target=\"_blank\">Mon Actu<\/a>.<\/p>\n<ul class=\"ac-article-tag wall-content\">\n<li><a href=\"https:\/\/actu.fr\/tag\/accident\" data-trk=\"{&quot;cta&quot;:{&quot;action&quot;:&quot;Accident&quot;,&quot;category&quot;:&quot;tag&quot;,&quot;from&quot;:&quot;article footer&quot;,&quot;name&quot;:&quot;Accident&quot;,&quot;type&quot;:&quot;cta&quot;}}\" target=\"_blank\" rel=\"noopener\">#Accident<\/a><\/li>\n<li><a href=\"https:\/\/actu.fr\/tag\/securite-routiere\" data-trk=\"{&quot;cta&quot;:{&quot;action&quot;:&quot;S\\u00e9curit\\u00e9 routi\\u00e8re&quot;,&quot;category&quot;:&quot;tag&quot;,&quot;from&quot;:&quot;article footer&quot;,&quot;name&quot;:&quot;S\\u00e9curit\\u00e9 routi\\u00e8re&quot;,&quot;type&quot;:&quot;cta&quot;}}\" target=\"_blank\" rel=\"noopener\">#S\u00e9curit\u00e9 routi\u00e8re<\/a><\/li>\n<\/ul>\n<p>                    <script async src=\"\/\/www.tiktok.com\/embed.js\"><\/script><\/p>\n","protected":false},"excerpt":{"rendered":"Par Adrien Filoche Publi\u00e9 le 5 ao\u00fbt 2025 \u00e0 19h19 Avec 59\u00a0personnes tu\u00e9es lors d\u2019accidents de la circulation&hellip;\n","protected":false},"author":2,"featured_media":298685,"comment_status":"","ping_status":"","sticky":false,"template":"","format":"standard","meta":{"footnotes":""},"categories":[9587],"tags":[119,1111,11,1777,674,1011,27,12,5161,25,9590,5009,104],"class_list":{"0":"post-298684","1":"post","2":"type-post","3":"status-publish","4":"format-standard","5":"has-post-thumbnail","7":"category-rouen","8":"tag-accident","9":"tag-actu","10":"tag-actualites","11":"tag-eu","12":"tag-europe","13":"tag-fr","14":"tag-france","15":"tag-news","16":"tag-normandie","17":"tag-republique-francaise","18":"tag-rouen","19":"tag-securite-routiere","20":"tag-societe"},"share_on_mastodon":{"url":"https:\/\/pubeurope.com\/@fr\/114977612926479982","error":""},"_links":{"self":[{"href":"https:\/\/www.europesays.com\/fr\/wp-json\/wp\/v2\/posts\/298684","targetHints":{"allow":["GET"]}}],"collection":[{"href":"https:\/\/www.europesays.com\/fr\/wp-json\/wp\/v2\/posts"}],"about":[{"href":"https:\/\/www.europesays.com\/fr\/wp-json\/wp\/v2\/types\/post"}],"author":[{"embeddable":true,"href":"https:\/\/www.europesays.com\/fr\/wp-json\/wp\/v2\/users\/2"}],"replies":[{"embeddable":true,"href":"https:\/\/www.europesays.com\/fr\/wp-json\/wp\/v2\/comments?post=298684"}],"version-history":[{"count":0,"href":"https:\/\/www.europesays.com\/fr\/wp-json\/wp\/v2\/posts\/298684\/revisions"}],"wp:featuredmedia":[{"embeddable":true,"href":"https:\/\/www.europesays.com\/fr\/wp-json\/wp\/v2\/media\/298685"}],"wp:attachment":[{"href":"https:\/\/www.europesays.com\/fr\/wp-json\/wp\/v2\/media?parent=298684"}],"wp:term":[{"taxonomy":"category","embeddable":true,"href":"https:\/\/www.europesays.com\/fr\/wp-json\/wp\/v2\/categories?post=298684"},{"taxonomy":"post_tag","embeddable":true,"href":"https:\/\/www.europesays.com\/fr\/wp-json\/wp\/v2\/tags?post=298684"}],"curies":[{"name":"wp","href":"https:\/\/api.w.org\/{rel}","templated":true}]}}