{"id":298691,"date":"2025-08-05T18:43:12","date_gmt":"2025-08-05T18:43:12","guid":{"rendered":"https:\/\/www.europesays.com\/fr\/298691\/"},"modified":"2025-08-05T18:43:12","modified_gmt":"2025-08-05T18:43:12","slug":"ce-sont-de-vrais-ouvriers-50-postes-sont-menaces-a-rennes-par-la-fin-possible-des-cheques-au-tresor-public","status":"publish","type":"post","link":"https:\/\/www.europesays.com\/fr\/298691\/","title":{"rendered":"\u00ab\u00a0Ce sont de vrais ouvriers\u00a0\u00bb\u00a0: 50 postes sont menac\u00e9s \u00e0 Rennes par la fin possible des ch\u00e8ques au Tr\u00e9sor public"},"content":{"rendered":"<p>\u00ab Merci de bien vouloir adresser votre ch\u00e8que \u00e0 l\u2019ordre du Tr\u00e9sor public \u00bb. Cette consigne, \u00e9crite sur nos feuilles d\u2019imp\u00f4ts ou encore nos amendes routi\u00e8res, vit-elle ses derni\u00e8res ann\u00e9es ? En tout cas, la \u00ab r\u00e9flexion \u00bb est engag\u00e9e, indique la Direction g\u00e9n\u00e9rale des finances publiques (DGFIP) au T\u00e9l\u00e9gramme, confirmant <a href=\"https:\/\/www.lemonde.fr\/politique\/article\/2025\/08\/03\/le-tresor-public-se-prepare-a-la-disparition-des-cheques_6626382_823448.html\" target=\"_blank\" rel=\"noopener\">une information du journal Le Monde<\/a>. Impensable il y a encore dix ans : le traditionnel carnet de ch\u00e8ques pourrait bient\u00f4t ne plus \u00eatre accept\u00e9 comme moyen de paiement par l\u2019\u00c9tat.<\/p>\n<p>\u00c0 Rennes, la nouvelle, communiqu\u00e9e au personnel fin juin, a fait l\u2019effet d\u2019une douche froide. La capitale bretonne abrite le dernier centre public d\u2019encaissement de France. Une cinquantaine d\u2019agents travaillent sur le site, dont l\u2019emplacement est tenu secret par mesure de s\u00e9curit\u00e9. L\u2019ann\u00e9e derni\u00e8re, ils ont trait\u00e9 8,3 millions de ch\u00e8ques : imp\u00f4ts sur le revenu, mais aussi amendes routi\u00e8res ou encore paiements aux collectivit\u00e9s locales pour la cantine et le centre de loisirs. \u00ab Les agents rennais sont inquiets \u00bb, confie Olivier Villois, de la CGT Finances Publiques. \u00ab Ils ont une r\u00e9union avec leur direction \u00e0 la rentr\u00e9e pour avoir des pr\u00e9cisions sur la suite. \u00bb<\/p>\n<p>Un mode de paiement en constante diminution<\/p>\n<p>Pour l\u2019heure, l\u2019administration centrale ne donne aucun calendrier. Tout en soulignant les arguments qui plaident en faveur de cette possible disparition. En 2024, les recettes publiques recouvr\u00e9es par ch\u00e8ques repr\u00e9sentaient moins de 5 % des encaissements. Un chiffre en constante diminution ces derni\u00e8res ann\u00e9es, les Fran\u00e7ais pr\u00e9f\u00e9rant d\u2019autres solutions comme le pr\u00e9l\u00e8vement automatique, la carte bancaire ou les virements. \u00ab En outre, le r\u00e9seau de paiement de proximit\u00e9, d\u00e9velopp\u00e9 avec les buralistes, est largement d\u00e9ploy\u00e9 et utilis\u00e9 par les usagers \u00e9loign\u00e9s du num\u00e9rique \u00bb, assure la DGFIP.<\/p>\n<p>Pas de quoi convaincre Anth\u00e9a Martinez, secr\u00e9taire d\u00e9partementale de la CFDT Finances publiques. \u00ab Pour moi, l\u2019\u00c9tat ne peut se permettre une sortie du ch\u00e8que \u00e0 court terme \u00bb, estime-t-elle. \u00ab On n\u2019a pas encore d\u00e9velopp\u00e9 les moyens techniques pour s\u2019en passer totalement. \u00bb L\u2019\u00e9lue confirme qu\u2019aucune date n\u2019a \u00e9t\u00e9 avanc\u00e9e par sa direction lors des diff\u00e9rentes r\u00e9unions auxquelles elle a assist\u00e9. Pour autant, elle reste m\u00e9fiante.<\/p>\n<p>50 agents \u00e0 reclasser ?<\/p>\n<p>Ses raisons : en 2023, la DGFIP avait d\u00e9cid\u00e9 de fermer les centres d\u2019encaissement de Lille et Cr\u00e9teil. L\u2019activit\u00e9 de ces deux sites a, depuis, \u00e9t\u00e9 confi\u00e9e \u00e0 une entreprise, le groupe fran\u00e7ais Tessi. Rennes subira-t-elle le m\u00eame sort, avant m\u00eame une hypoth\u00e9tique disparition de ce mode de paiement au fisc ? Selon la syndicaliste, c\u2019est ce qui pourrait arriver d\u00e8s 2027, quand l\u2019\u00c9tat devra d\u00e9cider de renouveler &#8211; ou pas &#8211; la d\u00e9l\u00e9gation de ce service public \u00e0 un op\u00e9rateur priv\u00e9.<\/p>\n<p>Que deviendraient alors les 50 agents rennais ? \u00ab Ce sont des vrais ouvriers, qui travaillent toute la journ\u00e9e sur des machines \u00bb, souligne-t-elle. \u00ab Ils ne pourront pas \u00eatre facilement reclass\u00e9s sur des fonctions administratives. En tout cas, le danger sur ce site est r\u00e9el. \u00bb<\/p>\n","protected":false},"excerpt":{"rendered":"\u00ab Merci de bien vouloir adresser votre ch\u00e8que \u00e0 l\u2019ordre du Tr\u00e9sor public \u00bb. Cette consigne, \u00e9crite sur&hellip;\n","protected":false},"author":2,"featured_media":298692,"comment_status":"","ping_status":"","sticky":false,"template":"","format":"standard","meta":{"footnotes":""},"categories":[2821],"tags":[1111,11,829,1777,674,1011,27,848,4555,12,584,25],"class_list":{"0":"post-298691","1":"post","2":"type-post","3":"status-publish","4":"format-standard","5":"has-post-thumbnail","7":"category-rennes","8":"tag-actu","9":"tag-actualites","10":"tag-bretagne","11":"tag-eu","12":"tag-europe","13":"tag-fr","14":"tag-france","15":"tag-ille-et-vilaine","16":"tag-local","17":"tag-news","18":"tag-rennes","19":"tag-republique-francaise"},"share_on_mastodon":{"url":"https:\/\/pubeurope.com\/@fr\/114977636630584827","error":""},"_links":{"self":[{"href":"https:\/\/www.europesays.com\/fr\/wp-json\/wp\/v2\/posts\/298691","targetHints":{"allow":["GET"]}}],"collection":[{"href":"https:\/\/www.europesays.com\/fr\/wp-json\/wp\/v2\/posts"}],"about":[{"href":"https:\/\/www.europesays.com\/fr\/wp-json\/wp\/v2\/types\/post"}],"author":[{"embeddable":true,"href":"https:\/\/www.europesays.com\/fr\/wp-json\/wp\/v2\/users\/2"}],"replies":[{"embeddable":true,"href":"https:\/\/www.europesays.com\/fr\/wp-json\/wp\/v2\/comments?post=298691"}],"version-history":[{"count":0,"href":"https:\/\/www.europesays.com\/fr\/wp-json\/wp\/v2\/posts\/298691\/revisions"}],"wp:featuredmedia":[{"embeddable":true,"href":"https:\/\/www.europesays.com\/fr\/wp-json\/wp\/v2\/media\/298692"}],"wp:attachment":[{"href":"https:\/\/www.europesays.com\/fr\/wp-json\/wp\/v2\/media?parent=298691"}],"wp:term":[{"taxonomy":"category","embeddable":true,"href":"https:\/\/www.europesays.com\/fr\/wp-json\/wp\/v2\/categories?post=298691"},{"taxonomy":"post_tag","embeddable":true,"href":"https:\/\/www.europesays.com\/fr\/wp-json\/wp\/v2\/tags?post=298691"}],"curies":[{"name":"wp","href":"https:\/\/api.w.org\/{rel}","templated":true}]}}