{"id":298693,"date":"2025-08-05T18:44:12","date_gmt":"2025-08-05T18:44:12","guid":{"rendered":"https:\/\/www.europesays.com\/fr\/298693\/"},"modified":"2025-08-05T18:44:12","modified_gmt":"2025-08-05T18:44:12","slug":"un-fournisseur-delectricite-arrive-pour-concurrencer-es-et-annonce-des-tarifs-moins-eleves","status":"publish","type":"post","link":"https:\/\/www.europesays.com\/fr\/298693\/","title":{"rendered":"un fournisseur d\u2019\u00e9lectricit\u00e9 arrive pour concurrencer \u00c9S et annonce des tarifs moins \u00e9lev\u00e9s"},"content":{"rendered":"<p>            Par<br \/>\n        <strong><br \/>\n            <a href=\"https:\/\/actu.fr\/auteur\/ivan-capecchi\" title=\"Consulter tous les articles de Ivan CAPECCHI\" rel=\"nofollow noopener\" target=\"_blank\">Ivan CAPECCHI<\/a><br \/>\n        <\/strong><\/p>\n<p>        Publi\u00e9 le<\/p>\n<p>            5 ao\u00fbt 2025 \u00e0 17h42        <\/p>\n<p>D\u2019apr\u00e8s nos confr\u00e8res du <a href=\"https:\/\/www.lejournaldesentreprises.com\/article\/ohm-energie-defie-electricite-de-strasbourg-sur-son-terrain-historique-2124767\" rel=\"nofollow noopener\" target=\"_blank\">Journal des Entreprises<\/a>, le fournisseur <strong>Ohm \u00c9nergie<\/strong> s\u2019implante \u00e0 <strong>Strasbourg<\/strong>, ville o\u00f9 <strong>\u00c9lectricit\u00e9 de Strasbourg (\u00c9S)<\/strong> r\u00e9gnait jusqu\u2019ici (quasi) sans rival. Pr\u00e9sente depuis juin, la jeune entreprise fond\u00e9e en 2018 entend proposer une <strong>alternative moins ch\u00e8re<\/strong> et <strong>plus verte<\/strong> \u00e0 l\u2019op\u00e9rateur historique local.<\/p>\n<p>Ohm \u00c9nergie annonce des tarifs jusqu\u2019\u00e0 10\u2009% inf\u00e9rieurs \u00e0 ceux d\u2019\u00c9S<\/p>\n<p class=\" wall-content\">Ohm \u00c9nergie revendique 280\u2009000 clients dans toute la France et avance des <strong>tarifs jusqu\u2019\u00e0 10\u2009% inf\u00e9rieurs<\/strong> \u00e0 ceux d\u2019\u00c9S.<\/p>\n<p class=\" wall-content\">Son offre \u00ab\u2009Extra Eco\u2009\u00bb, par exemple, est estim\u00e9e \u00e0<strong> 886\u00a0\u20ac par an<\/strong> pour une consommation de 4\u2009000\u00a0kWh, contre <strong>973\u00a0\u20ac<\/strong> pour le tarif r\u00e9glement\u00e9 d\u2019\u00c9S, comme le d\u00e9taille le m\u00e9dia sp\u00e9cialis\u00e9.<\/p>\n<p class=\" wall-content\">L\u2019\u00e9lectricit\u00e9 vendue est <strong>d\u2019origine renouvelable<\/strong>, garantie par des certificats.<\/p>\n<p>Strasbourg : pourquoi \u00c9S r\u00e9gnait-il quasi sans partage jusqu&rsquo;ici ?<\/p>\n<p>\u00c0 Strasbourg, l\u2019\u00e9lectricit\u00e9 est principalement fournie par \u00c9lectricit\u00e9 de Strasbourg (\u00c9S) et non par EDF, en raison d\u2019une sp\u00e9cificit\u00e9 historique. H\u00e9rit\u00e9e du statut particulier de l\u2019Alsace-Moselle, \u00c9S existe depuis 1899 et a conserv\u00e9 son autonomie lors de la nationalisation de l\u2019\u00e9nergie en 1946. Aujourd\u2019hui, elle est une filiale du groupe EDF, mais reste le fournisseur et gestionnaire de r\u00e9seau local. Pour les habitants, cela signifie que les contrats d\u2019\u00e9lectricit\u00e9 passent par \u00c9S, avec des tarifs identiques aux tarifs r\u00e9glement\u00e9s d\u2019EDF.<\/p>\n<p>Des ajustements techniques importants<\/p>\n<p class=\" wall-content\">Toujours selon Le Journal des Entreprises, l\u2019arriv\u00e9e d\u2019un concurrent sur ce march\u00e9 longtemps ferm\u00e9 a n\u00e9cessit\u00e9 des <strong>ajustements techniques importants<\/strong>\u2009: les syst\u00e8mes d\u2019interface des entreprises locales de distribution (ELD), comme \u00c9S, resteraient peu adapt\u00e9s \u00e0 la concurrence.<\/p>\n<p class=\" wall-content\">Suivez toute l\u2019actualit\u00e9 de vos villes et m\u00e9dias favoris en vous inscrivant \u00e0 <a href=\"https:\/\/moncompte.actu.fr\" title=\"D\u00e9couvez Mon Actu\" rel=\"nofollow noopener\" data-trk=\"{&quot;cta&quot;:{&quot;action&quot;:&quot;https:\\\/\\\/moncompte.actu.fr&quot;,&quot;category&quot;:&quot;mon compte&quot;,&quot;from&quot;:&quot;article footer&quot;,&quot;name&quot;:&quot;Mon actu&quot;,&quot;type&quot;:&quot;cta&quot;}}\" target=\"_blank\">Mon Actu<\/a>.<\/p>\n","protected":false},"excerpt":{"rendered":"Par Ivan CAPECCHI Publi\u00e9 le 5 ao\u00fbt 2025 \u00e0 17h42 D\u2019apr\u00e8s nos confr\u00e8res du Journal des Entreprises, le&hellip;\n","protected":false},"author":2,"featured_media":298694,"comment_status":"","ping_status":"","sticky":false,"template":"","format":"standard","meta":{"footnotes":""},"categories":[2820],"tags":[1111,11,33,579,1777,674,1011,27,775,12,25,640],"class_list":{"0":"post-298693","1":"post","2":"type-post","3":"status-publish","4":"format-standard","5":"has-post-thumbnail","7":"category-strasbourg","8":"tag-actu","9":"tag-actualites","10":"tag-economie","11":"tag-electricite","12":"tag-eu","13":"tag-europe","14":"tag-fr","15":"tag-france","16":"tag-grand-est","17":"tag-news","18":"tag-republique-francaise","19":"tag-strasbourg"},"share_on_mastodon":{"url":"https:\/\/pubeurope.com\/@fr\/114977640763094752","error":""},"_links":{"self":[{"href":"https:\/\/www.europesays.com\/fr\/wp-json\/wp\/v2\/posts\/298693","targetHints":{"allow":["GET"]}}],"collection":[{"href":"https:\/\/www.europesays.com\/fr\/wp-json\/wp\/v2\/posts"}],"about":[{"href":"https:\/\/www.europesays.com\/fr\/wp-json\/wp\/v2\/types\/post"}],"author":[{"embeddable":true,"href":"https:\/\/www.europesays.com\/fr\/wp-json\/wp\/v2\/users\/2"}],"replies":[{"embeddable":true,"href":"https:\/\/www.europesays.com\/fr\/wp-json\/wp\/v2\/comments?post=298693"}],"version-history":[{"count":0,"href":"https:\/\/www.europesays.com\/fr\/wp-json\/wp\/v2\/posts\/298693\/revisions"}],"wp:featuredmedia":[{"embeddable":true,"href":"https:\/\/www.europesays.com\/fr\/wp-json\/wp\/v2\/media\/298694"}],"wp:attachment":[{"href":"https:\/\/www.europesays.com\/fr\/wp-json\/wp\/v2\/media?parent=298693"}],"wp:term":[{"taxonomy":"category","embeddable":true,"href":"https:\/\/www.europesays.com\/fr\/wp-json\/wp\/v2\/categories?post=298693"},{"taxonomy":"post_tag","embeddable":true,"href":"https:\/\/www.europesays.com\/fr\/wp-json\/wp\/v2\/tags?post=298693"}],"curies":[{"name":"wp","href":"https:\/\/api.w.org\/{rel}","templated":true}]}}