{"id":298695,"date":"2025-08-05T18:45:46","date_gmt":"2025-08-05T18:45:46","guid":{"rendered":"https:\/\/www.europesays.com\/fr\/298695\/"},"modified":"2025-08-05T18:45:46","modified_gmt":"2025-08-05T18:45:46","slug":"immersion-nostalgique-dans-les-nuits-strasbourgeoises","status":"publish","type":"post","link":"https:\/\/www.europesays.com\/fr\/298695\/","title":{"rendered":"immersion nostalgique dans les nuits strasbourgeoises"},"content":{"rendered":"<p><strong>Il y a quelque temps, on s\u2019est int\u00e9ress\u00e9 aux ann\u00e9es 2000 et aux ann\u00e9es 90 en se posant une question : c\u2019\u00e9tait quoi d\u2019avoir 20 ans \u00e0 ces \u00e9poques quand on vivait \u00e0 Strasbourg ? Eh bien on va encore remonter le temps\u2026 et plonger dans LA d\u00e9cennie de toutes les folies, certainement la plus culte de toutes. Dix ann\u00e9es qui ont laiss\u00e9 des traces ind\u00e9l\u00e9biles dans la pop culture, qui font toujours r\u00eaver les plus jeunes et rendent souvent nostalgiques celles et ceux qui le sont un peu moins. Alors, n\u2019oubliez pas votre cuir et votre Walkman, on embarque pour les ann\u00e9es 80 !\u00a0<\/strong><\/p>\n<p>Les ann\u00e9es 80 \u00e0 Strasbourg, <strong>ce n\u2019est pas vraiment l\u2019image que s\u2019en font les jeunes g\u00e9n\u00e9rations gr\u00e2ce \u00e0 Stranger Things.<\/strong> Alors bien s\u00fbr, les enfants vaquent en ville dans une ind\u00e9pendance qui sugg\u00e8re qu\u2019ils et elles payent le loyer et l\u2019abonnement France T\u00e9l\u00e9com, mais bon : la moiti\u00e9 ont simplement \u00e9t\u00e9 missionn\u00e9(e)s par leurs parents pour acheter des Gauloises et se payeront le luxe d\u2019un roudoudou ou deux avec la monnaie.<\/p>\n<p>Du c\u00f4t\u00e9 de celles et ceux qui paient vraiment le loyer (et fument les Gauloises), <strong>il y a les gens qui esp\u00e8rent un autre demain,<\/strong> gr\u00e2ce au chemin ouvert par un \u00ab homme, rose \u00e0 la main \u00bb (selon Barbara, par exemple). <strong>Et puis celles et ceux, plus sceptiques, qui ouvrent grand les yeux<\/strong> parce qu\u2019on raconte que les chars rouges vont arriver \u00e0 Paris, et puis bon : Strasbourg, c\u2019est sur le chemin.<\/p>\n<\/p>\n<p>    <img width=\"800\" height=\"511\" src=\"https:\/\/www.europesays.com\/fr\/wp-content\/uploads\/2025\/08\/place-kleber-strasbourg-76891-800x511.jpg\" class=\"attachment-image-size-L size-image-size-L\" alt=\"Place_Kl\u00e9ber_Strasbourg_76891\" decoding=\"async\" loading=\"lazy\"  \/>         Ancienne carte postale de la place Kl\u00e9ber dans les ann\u00e9es 80. \u00a9\u00a0Auteur inconnu \/ Capture d&rsquo;\u00e9cran <\/p>\n<p><strong>En fait, c\u2019est toute la marche du monde qui acc\u00e9l\u00e8re.<\/strong> Michael, lui, marche en arri\u00e8re et Renaud marche \u00e0 l\u2019ombre. On apprend les verbes \u00ab rembobiner \u00bb et bien vite \u00ab cohabiter \u00bb. On dit au revoir \u00e0 John Lennon et \u00ab tchao \u00bb \u00e0 Coluche, on s\u2019\u00e9merveille devant la jeune Diana et <strong>on cherche B\u00e9b\u00e9, il parait qu\u2019elle est dans le coin<\/strong>. On se tr\u00e9mousse sur l\u2019Ouragan de Monaco, et on soupire de soulagement lorsqu\u2019un nuage s\u2019arr\u00eate \u00e0 Kehl.<\/p>\n<p>    <img width=\"245\" height=\"145\" src=\"https:\/\/www.europesays.com\/fr\/wp-content\/uploads\/2025\/08\/zuwe.gif\" class=\"attachment-image-size-L size-image-size-L\" alt=\"Dirty Dancing\" decoding=\"async\" loading=\"lazy\"\/>         \u00a9 GIFER \/ Gif d&rsquo;illustration <\/p>\n<p>Un peu plus tard, on racontera qu\u2019au d\u00e9but des ann\u00e9es 80, on se souvient des soir\u00e9es, o\u00f9 l\u2019ambiance \u00e9tait chaude et les mecs rentraient Stan Smith aux pieds, le regard froid. <strong>Et si on partait en soir\u00e9e, justement\u00a0?<\/strong><\/p>\n<p>    <img width=\"800\" height=\"440\" src=\"https:\/\/www.europesays.com\/fr\/wp-content\/uploads\/2025\/08\/aves-1005-w-4-682-magasin-connexion-rue-des-francs-bourgeois-800x440.png\" class=\"attachment-image-size-L size-image-size-L\" alt=\"Magasin Connexion\" decoding=\"async\" loading=\"lazy\"  \/>         Magasin Connexion, rue des Francs-Bourgeois. \u00a9 Archives de la Ville et de l&rsquo;Eurom\u00e9tropole de Strasbourg \/ Capture d&rsquo;\u00e9cran <\/p>\n<p>La Place to be, d\u00e9but de soir\u00e9e<\/p>\n<p>La petite aventure commence <strong>dans une Place des Halles toute neuve.<\/strong> Les gens se pressent sur le carrelage marron pendant que les haut-parleurs gr\u00e9sillent sur du Philippe Lavil. Tandis que certain(e)s tapent sur des bambous, d\u2019autres tapotent les touches des t\u00e9l\u00e9phones dans les cabines du centre commercial.<\/p>\n<p>Ici, <strong>on ach\u00e8te des disques chez Golden Nuggets<\/strong>, on se perd dans le BHV et on repart avec des babioles de chez Soho ou La Carterie. On d\u00e9niche des p\u00e9pites au Pier Import et on n\u2019oublie pas de passer \u00e0 la boutique de chewing-gums. Lorsqu\u2019on l\u00e8ve la t\u00eate, <strong>on admire un globe qui semble l\u00e9viter\u2026<\/strong> et comme on ne regarde pas o\u00f9 on marche, on manque de cogner un gamin qui, apr\u00e8s avoir gratt\u00e9 une tranche d\u2019 \u00ab assortiment \u00bb \u00e0 la boucherie Bernard, court comme si sa vie en d\u00e9pendait pour monter dans le man\u00e8ge du rez-de-chauss\u00e9e.<\/p>\n<p>                <img width=\"763\" height=\"500\" src=\"https:\/\/www.europesays.com\/fr\/wp-content\/uploads\/2025\/08\/481972483-1201053641601621-6154890306638519387-n-763x500.jpg\" class=\"attachment-gallery size-gallery\" alt=\"place des halles\" data-full-url=\"https:\/\/pokaa.fr\/wp-content\/uploads\/2025\/08\/01\/481972483-1201053641601621-6154890306638519387-n.jpg\" decoding=\"async\" loading=\"lazy\"  \/>            <\/p>\n<p>                <img width=\"772\" height=\"500\" src=\"https:\/\/www.europesays.com\/fr\/wp-content\/uploads\/2025\/08\/481908479-1201051514935167-7058460346260070796-n-772x500.jpg\" class=\"attachment-gallery size-gallery\" alt=\"place des halles\" data-full-url=\"https:\/\/pokaa.fr\/wp-content\/uploads\/2025\/08\/01\/481908479-1201051514935167-7058460346260070796-n.jpg\" decoding=\"async\" loading=\"lazy\"  \/>            <\/p>\n<p>                <img width=\"982\" height=\"500\" src=\"https:\/\/www.europesays.com\/fr\/wp-content\/uploads\/2025\/08\/482004141-1201051121601873-2441499562303507182-n-982x500.jpg\" class=\"attachment-gallery size-gallery\" alt=\"place des halles\" data-full-url=\"https:\/\/pokaa.fr\/wp-content\/uploads\/2025\/08\/01\/482004141-1201051121601873-2441499562303507182-n.jpg\" decoding=\"async\" loading=\"lazy\"  \/>            <\/p>\n<p>                    \u00a9 Page Facebook \u00ab Strasbourg d&rsquo;hier et d&rsquo;avant-hier \u00bb \/ Captures d&rsquo;\u00e9cran<\/p>\n<p>Il y a aussi l\u2019incontournable McDo, symbole ultime de la classe \u00e0 l\u2019am\u00e9ricaine. <strong>Il se raconte que c\u2019est le premier en France (en fait pas vraiment, mais passons outre)<\/strong>. Ils sont bien gentils les Am\u00e9ricains, mais on reste quand m\u00eame en Alsace\u2026 La d\u00e9co partira donc sur des trompe-l\u2019\u0153il de paysages bien d\u2019ici.<\/p>\n<p>Et comme le McDo, c\u2019est plut\u00f4t chic : le fast-food organise r\u00e9guli\u00e8rement <strong>des soir\u00e9es aux chandelles<\/strong> qui font un carton aupr\u00e8s de la jeunesse strasbourgeoise.<\/p>\n<p>                <img width=\"760\" height=\"500\" src=\"https:\/\/www.europesays.com\/fr\/wp-content\/uploads\/2025\/08\/482005496-1201051421601843-4958022846100879066-n-760x500.jpg\" class=\"attachment-gallery size-gallery\" alt=\"Place des Halles\" data-full-url=\"https:\/\/pokaa.fr\/wp-content\/uploads\/2025\/08\/01\/482005496-1201051421601843-4958022846100879066-n.jpg\" decoding=\"async\" loading=\"lazy\"  \/>            <\/p>\n<p>                <img width=\"766\" height=\"500\" src=\"https:\/\/www.europesays.com\/fr\/wp-content\/uploads\/2025\/08\/482006958-1201053794934939-1792715631245495004-n-766x500.jpg\" class=\"attachment-gallery size-gallery\" alt=\"Place des Halles ann\u00e9es 80\" data-full-url=\"https:\/\/pokaa.fr\/wp-content\/uploads\/2025\/08\/01\/482006958-1201053794934939-1792715631245495004-n.jpg\" decoding=\"async\" loading=\"lazy\"  \/>            <\/p>\n<p>                    \u00a9 Page Facebook \u00ab Strasbourg d&rsquo;hier et d&rsquo;avant-hier \u00bb \/ Captures d&rsquo;\u00e9cran<\/p>\n<p>Une fois un bon hamburger ingurgit\u00e9, <strong>on s\u2019envole pour les Aviat\u2019 !<\/strong> Malgr\u00e9 son ouverture toute r\u00e9cente, le bar connait un succ\u00e8s fulgurant. <strong>Michelle, la patronne, accueille les jeunes d\u2019ici et d\u2019ailleurs dans ce bar-discoth\u00e8que r\u00e9solument american.<\/strong> Pour avoir le privil\u00e8ge de se d\u00e9hancher sous le regard des stars affich\u00e9es au mur et de s\u2019accouder au comptoir XXL, il faut \u00eatre un minimum sap\u00e9 : <strong>\u00e0 la porte, Augustin est exigeant\u00a0!<\/strong><\/p>\n<p>On s\u2019aventure ensuite dans le quartier Gare, r\u00e9put\u00e9 malfam\u00e9. <strong>Il n\u2019y a pas meilleur endroit que l\u2019incontournable club rock \u00ab\u00a0Le Bandit\u00a0\u00bb<\/strong>. \u00c0 la porte, St\u00e9phane et Lucky. On monte finalement un escalier bien raide jusqu\u2019au premier \u00e9tage de cet ancien atelier de la rue de Bouxwiller, dont le Bandit partage le pallier avec un sauna gay.<\/p>\n<p>                <img width=\"396\" height=\"500\" src=\"https:\/\/www.europesays.com\/fr\/wp-content\/uploads\/2025\/08\/kas-product-396x500.jpg\" class=\"attachment-gallery size-gallery\" alt=\"Le Bandit\" data-full-url=\"https:\/\/pokaa.fr\/wp-content\/uploads\/2025\/07\/10\/kas-product.jpg\" decoding=\"async\" loading=\"lazy\"  \/>            <\/p>\n<p>                <img width=\"536\" height=\"282\" src=\"https:\/\/www.europesays.com\/fr\/wp-content\/uploads\/2025\/08\/troggs-bandit-ok.jpg\" class=\"attachment-gallery size-gallery\" alt=\"Le Bandit\" data-full-url=\"https:\/\/www.europesays.com\/fr\/wp-content\/uploads\/2025\/08\/troggs-bandit-ok.jpg\" decoding=\"async\" loading=\"lazy\"  \/>            <\/p>\n<p>                <img width=\"629\" height=\"500\" src=\"https:\/\/www.europesays.com\/fr\/wp-content\/uploads\/2025\/08\/pour-ne-plus-sortir-idiot-1-629x500.jpg\" class=\"attachment-gallery size-gallery\" alt=\"Le Bandit\" data-full-url=\"https:\/\/pokaa.fr\/wp-content\/uploads\/2025\/07\/10\/pour-ne-plus-sortir-idiot-1.jpg\" decoding=\"async\" loading=\"lazy\"  \/>            <\/p>\n<p>                <img width=\"349\" height=\"500\" src=\"https:\/\/www.europesays.com\/fr\/wp-content\/uploads\/2025\/08\/le-bandit-pub-349x500.jpg\" class=\"attachment-gallery size-gallery\" alt=\"Le Bandit\" data-full-url=\"https:\/\/pokaa.fr\/wp-content\/uploads\/2025\/07\/10\/le-bandit-pub.jpg\" decoding=\"async\" loading=\"lazy\"  \/>            <\/p>\n<p>                <img width=\"722\" height=\"500\" src=\"https:\/\/www.europesays.com\/fr\/wp-content\/uploads\/2025\/08\/ah-nana-au-bandit-samedi-4-mai-1985-722x500.jpg\" class=\"attachment-gallery size-gallery\" alt=\"Le Bandit\" data-full-url=\"https:\/\/pokaa.fr\/wp-content\/uploads\/2025\/07\/10\/ah-nana-au-bandit-samedi-4-mai-1985.jpg\" decoding=\"async\" loading=\"lazy\"  \/>            <\/p>\n<p>                    Anciennes publicit\u00e9s Le Bandit. \u00a9 lebandit.blogspot.com \/ Captures d&rsquo;\u00e9cran<\/p>\n<p>Une fois \u00e0 l\u2019int\u00e9rieur, on retrouve des jeunes cr\u00eap\u00e9(e)s ou arborant l\u2019iroquoise, dont les regards brillent au contraste d\u2019une quantit\u00e9 remarquable d\u2019eyeliner et qui portent perfectos noirs et jeans d\u00e9lav\u00e9s. <strong>L\u2019\u00e9quipe de Sanglot Production, qui g\u00e8re le lieu, fait venir r\u00e9guli\u00e8rement des groupes qui vont du plus local (lors des soir\u00e9es de l\u2019APRA) jusqu\u2019\u00e0 l\u2019international.<\/strong><\/p>\n<p>Bref, le Bandit n\u2019a rien \u00e0 envier au <strong>Hall Tivoli<\/strong>, au <strong>Hall Rh\u00e9nus<\/strong> ou au <strong>Palais des F\u00eates<\/strong> : lorsqu\u2019on y danse, on sait d\u00e9j\u00e0 que 40 ans plus tard, on aura toujours un peu 20 ans en repensant \u00e0 ces soir\u00e9es.<\/p>\n<p>    <img width=\"800\" height=\"525\" src=\"https:\/\/www.europesays.com\/fr\/wp-content\/uploads\/2025\/08\/269ok-800x525.jpg\" class=\"attachment-image-size-L size-image-size-L\" alt=\"Le Bandit\" decoding=\"async\" loading=\"lazy\"  \/>         Illustration Le Bandit. \u00a9 Auteur inconnu &#8211; lebandit.blogspot.com \/ Capture d&rsquo;\u00e9cran <\/p>\n<p>On poursuit la nuit en 205<\/p>\n<p>La poursuite de la soir\u00e9e laisse place \u00e0 un choix qui implique diverses options\u2026<strong> Il faut dire qu\u2019\u00e0 Strasbourg, les ann\u00e9es 80 sont propices au monde de la nuit\u00a0!<\/strong><\/p>\n<p>Les \u00e9tudiant(e)s sont \u00e0 <strong>l\u2019Amphi 7<\/strong> ou au <strong>K\u2019vo<\/strong>\u00a0; mais on se d\u00e9hanche aussi chez Mario \u00e0<strong> l\u2019Apollo<\/strong>, au <strong>Turckheim<\/strong>, au <strong>Spartacus<\/strong>, \u00e0 l\u2019<strong>Old Tocson Saloon<\/strong> ou au <strong>Charlie\u2019s<\/strong>, juste en dessous des Halles (plus d\u2019informations dans l\u2019article sur les ann\u00e9es 90).<\/p>\n<p>                <a href=\"https:\/\/pokaa.fr\/2024\/05\/11\/avoir-20-ans-dans-les-annees-90-immersion-nostalgique-dans-les-nuits-strasbourgeoises\/\" target=\"_blank\" rel=\"noopener\"><br \/>\n                    <img width=\"450\" height=\"270\" src=\"https:\/\/www.europesays.com\/fr\/wp-content\/uploads\/2025\/08\/image-64834415-450x270.jpg\" class=\"attachment-card-horizontal--same-subject size-card-horizontal--same-subject wp-post-image\" alt=\"Une soir\u00e9e au Rock's \/ Rockfellers \/ ann\u00e9es 90\" decoding=\"async\" loading=\"lazy\"\/>                <\/a><\/p>\n<p>                <img width=\"639\" height=\"386\" src=\"https:\/\/www.europesays.com\/fr\/wp-content\/uploads\/2025\/08\/img-7663.jpg\" class=\"attachment-gallery size-gallery\" alt=\"Charlie\u2019s\" data-full-url=\"https:\/\/www.europesays.com\/fr\/wp-content\/uploads\/2025\/08\/img-7663.jpg\" decoding=\"async\" loading=\"lazy\"  \/>            <\/p>\n<p>                <img width=\"757\" height=\"500\" src=\"https:\/\/www.europesays.com\/fr\/wp-content\/uploads\/2025\/08\/cjij-qwsaewort-2-757x500.jpeg\" class=\"attachment-gallery size-gallery\" alt=\"charlie\u2019s\" data-full-url=\"https:\/\/pokaa.fr\/wp-content\/uploads\/2025\/08\/05\/cjij-qwsaewort-2-1500x991.jpeg\" decoding=\"async\" loading=\"lazy\"  \/>            <\/p>\n<p>                    \u00a9 Documents remis<\/p>\n<p>Si on a une 205 sous la main, c\u2019est souvent pour <strong>prendre la direction du Chalet et de ses f\u00eates XXL<\/strong> ! L\u00e0-bas, <strong>Jean-Claude Helmer orchestre les soir\u00e9es les plus folles de la r\u00e9gion<\/strong>\u2026 voire de toute la France, selon les habitu\u00e9(e)s. On peut y voir les plus grandes stars comme Herbert L\u00e9onard, C\u00e9line Dion ou Myl\u00e8ne Farmer !<\/p>\n<\/p>\n<p>    <img width=\"800\" height=\"513\" src=\"https:\/\/www.europesays.com\/fr\/wp-content\/uploads\/2025\/08\/chalet-strasbourg-discotheque.jpg\" class=\"attachment-image-size-L size-image-size-L\" alt=\"chalet strasbourg discothe\u0300que\" decoding=\"async\" loading=\"lazy\"  \/>         \u00a9 Document remis <\/p>\n<p>De retour au centre-ville, <strong>on ne peut pas louper le Studio 80 dans l\u2019inqui\u00e9tante Grand\u2019Rue<\/strong>. Celle-ci est connue pour \u00eatre le th\u00e9\u00e2tre de nombreuses agressions, et de r\u00e9cents faits divers sordides finissent d\u2019en signer la r\u00e9putation.<\/p>\n<p>Heureusement, on peut venir directement en voiture et se garer juste \u00e0 c\u00f4t\u00e9 du Studio 80. <strong>L\u2019ambiance est rock \u00e0 souhait,<\/strong> la programmation est diversifi\u00e9e, dans l\u2019entr\u00e9e tr\u00f4nent des flippers, et sur l\u2019\u00e9cran qui surplombe la sc\u00e8ne on projette des diapositives.<\/p>\n<p>    <img width=\"800\" height=\"638\" src=\"https:\/\/www.europesays.com\/fr\/wp-content\/uploads\/2025\/08\/79-grand-rue-strasbourg-26134-800x638.jpg\" class=\"attachment-image-size-L size-image-size-L\" alt=\"studio 80 norma\" decoding=\"async\" loading=\"lazy\"  \/>         L&rsquo;inscription \u00ab Studio 80 \u00bb en fer forg\u00e9 orne toujours l&rsquo;entr\u00e9e du supermarch\u00e9 qui a remplac\u00e9 la discoth\u00e8que. \u00a9 Jocelyne BOES &#8211; Wikimedia Commons \/ Photo d&rsquo;illustration <\/p>\n<p>On met la viande dans l&rsquo;torchon<\/p>\n<p><strong>La fin de la nuit approche et la f\u00eate : \u00e7a creuse. Alors chacun(e) a ses pr\u00e9f\u00e9rences.<\/strong><\/p>\n<p>L\u2019incontournable, c\u2019est de marcher rapidement vers la place Kl\u00e9ber o\u00f9 <strong>La Fringale est un v\u00e9ritable phare dans la nuit<\/strong>. On y prend un am\u00e9ricain ou un sandwich saucisse. <strong>Le snack fait carton plein<\/strong> chaque nuit et s\u2019illustre comme la planche de salut des f\u00eatard(e)s qui s\u2019y pr\u00e9sentent au petit matin avec le ventre vide.<\/p>\n<p>    <img width=\"769\" height=\"800\" src=\"https:\/\/www.europesays.com\/fr\/wp-content\/uploads\/2025\/08\/img-10971-769x800.jpeg\" class=\"attachment-image-size-L size-image-size-L\" alt=\"place Kl\u00e9ber\" decoding=\"async\" loading=\"lazy\"  \/>         Qu&rsquo;il est difficile de retrouver une photo de la \u00ab Fringale \u00bb ! Sur celle-ci, on l&rsquo;aper\u00e7oit sur la gauche. \u00a9 Page Facebook \u00ab Strasbourg d&rsquo;hier et d&rsquo;avant-hier \u00bb \/ Capture d&rsquo;\u00e9cran <\/p>\n<p>Certain(e)s pr\u00e9f\u00e8rent se diriger vers <strong>le quai Saint-Jean, o\u00f9 l\u2019on trouve les meilleures merguez de Strasbourg<\/strong>. On les d\u00e9guste alors au bord de l\u2019eau pour gratifier les canards d\u2019un peu de pain.<\/p>\n<p>Les becs sucr\u00e9s privil\u00e9gient les boulangeries, dont certaines d\u00e9livrent des viennoiseries aux f\u00eatard(e)s directement par la fen\u00eatre, comme c\u2019est le cas dans la rue du Maire-Kuss.<\/p>\n<p>    <img width=\"800\" height=\"494\" src=\"https:\/\/www.europesays.com\/fr\/wp-content\/uploads\/2025\/08\/place-kleber-strasbourg-76892-800x494.jpg\" class=\"attachment-image-size-L size-image-size-L\" alt=\"Place_Kl\u00e9ber_Strasbourg_76892\" decoding=\"async\" loading=\"lazy\"  \/>         Ancienne carte postale de la place Kl\u00e9ber au d\u00e9but des ann\u00e9es 80. \u00a9\u00a0Auteur inconnu \/ Capture d&rsquo;\u00e9cran <\/p>\n<p>En rentrant \u00e0 la maison, <strong>on passe par la place de l\u2019Homme-de-Fer<\/strong>. Ah, on remarque que quelques coll\u00e8gues de fiesta ont commis leur m\u00e9fait habituel\u2026 Quoique, pourrait-on plut\u00f4t parler d\u2019\u0153uvre ?<\/p>\n<p>Comme souvent, certain(e)s ont fait usage de lessive en poudre, et de la meilleure des fa\u00e7ons. Ainsi, un indicateur des plus fiables pour savoir que la jeunesse strasbourgeoise a bien fait la f\u00eate,<strong> c\u2019est lorsqu\u2019au petit matin, la fontaine de l\u2019Homme de Fer semble bouillonner en projetant une mousse dense qui sent le linge propre.<\/strong><\/p>\n<p>    <img width=\"800\" height=\"593\" src=\"https:\/\/www.europesays.com\/fr\/wp-content\/uploads\/2025\/08\/hdf-editeur-la-cigogne-800x593.jpg\" class=\"attachment-image-size-L size-image-size-L\" alt=\"Place de l\u2019Homme-de-Fer ann\u00e9es 80\" decoding=\"async\" loading=\"lazy\"  \/>         Ancienne carte postale de la place de l&rsquo;Homme-de-Fer. \u00a9 \u00c9diteur La Cigogne \/ Capture d&rsquo;\u00e9cran <\/p>\n<p><strong>En se couchant, on esp\u00e8re que la VHS a bien enregistr\u00e9 l\u2019\u00e9pisode de Dallas d\u2019hier soir.<\/strong><\/p>\n<p>On repense tendrement \u00e0 cette fille ou ce gar\u00e7on, dont on est totalement morgane, et puis on s\u2019endort en se disant qu\u2019on pourra lui faire la cour en l\u2019emmenant au cin\u00e9ma voir Retour vers le Futur qui vient de sortir. Il parait que c\u2019est vachement r\u00e9aliste sur le 21e si\u00e8cle. <strong>De toute fa\u00e7on, avec le Minitel, on est d\u00e9j\u00e0 dans le futur.<\/strong><\/p>\n<p>                <a href=\"https:\/\/pokaa.fr\/2024\/03\/31\/avoir-20-ans-dans-les-annees-2000-immersion-nostalgique-dans-les-nuits-strasbourgeoises\/\" target=\"_blank\" rel=\"noopener\"><br \/>\n                    <img width=\"450\" height=\"270\" src=\"https:\/\/www.europesays.com\/fr\/wp-content\/uploads\/2025\/08\/img18-450x270.jpg\" class=\"attachment-card-horizontal--same-subject size-card-horizontal--same-subject wp-post-image\" alt=\"Giraf Caf\u00e9 Strasbourg ann\u00e9es 2000\" decoding=\"async\" loading=\"lazy\"\/>                <\/a><\/p>\n","protected":false},"excerpt":{"rendered":"Il y a quelque temps, on s\u2019est int\u00e9ress\u00e9 aux ann\u00e9es 2000 et aux ann\u00e9es 90 en se posant&hellip;\n","protected":false},"author":2,"featured_media":298696,"comment_status":"","ping_status":"","sticky":false,"template":"","format":"standard","meta":{"footnotes":""},"categories":[2820],"tags":[1111,11,35617,9732,6627,1777,674,1011,27,775,43865,12,25,640],"class_list":{"0":"post-298695","1":"post","2":"type-post","3":"status-publish","4":"format-standard","5":"has-post-thumbnail","7":"category-strasbourg","8":"tag-actu","9":"tag-actualites","10":"tag-annees-80","11":"tag-bar","12":"tag-boite-de-nuit","13":"tag-eu","14":"tag-europe","15":"tag-fr","16":"tag-france","17":"tag-grand-est","18":"tag-images-darchives","19":"tag-news","20":"tag-republique-francaise","21":"tag-strasbourg"},"share_on_mastodon":{"url":"https:\/\/pubeurope.com\/@fr\/114977644989292837","error":""},"_links":{"self":[{"href":"https:\/\/www.europesays.com\/fr\/wp-json\/wp\/v2\/posts\/298695","targetHints":{"allow":["GET"]}}],"collection":[{"href":"https:\/\/www.europesays.com\/fr\/wp-json\/wp\/v2\/posts"}],"about":[{"href":"https:\/\/www.europesays.com\/fr\/wp-json\/wp\/v2\/types\/post"}],"author":[{"embeddable":true,"href":"https:\/\/www.europesays.com\/fr\/wp-json\/wp\/v2\/users\/2"}],"replies":[{"embeddable":true,"href":"https:\/\/www.europesays.com\/fr\/wp-json\/wp\/v2\/comments?post=298695"}],"version-history":[{"count":0,"href":"https:\/\/www.europesays.com\/fr\/wp-json\/wp\/v2\/posts\/298695\/revisions"}],"wp:featuredmedia":[{"embeddable":true,"href":"https:\/\/www.europesays.com\/fr\/wp-json\/wp\/v2\/media\/298696"}],"wp:attachment":[{"href":"https:\/\/www.europesays.com\/fr\/wp-json\/wp\/v2\/media?parent=298695"}],"wp:term":[{"taxonomy":"category","embeddable":true,"href":"https:\/\/www.europesays.com\/fr\/wp-json\/wp\/v2\/categories?post=298695"},{"taxonomy":"post_tag","embeddable":true,"href":"https:\/\/www.europesays.com\/fr\/wp-json\/wp\/v2\/tags?post=298695"}],"curies":[{"name":"wp","href":"https:\/\/api.w.org\/{rel}","templated":true}]}}