{"id":298703,"date":"2025-08-05T18:49:11","date_gmt":"2025-08-05T18:49:11","guid":{"rendered":"https:\/\/www.europesays.com\/fr\/298703\/"},"modified":"2025-08-05T18:49:11","modified_gmt":"2025-08-05T18:49:11","slug":"une-plongee-dans-lhistoire-industrielle-de-nantes","status":"publish","type":"post","link":"https:\/\/www.europesays.com\/fr\/298703\/","title":{"rendered":"Une plong\u00e9e dans l\u2019histoire industrielle de Nantes"},"content":{"rendered":"<p>Le b\u00e2timent des Chantiers navals a encore du succ\u00e8s cet \u00e9t\u00e9, sur l\u2019\u00eele de Nantes. Parce que <a href=\"https:\/\/nantes.maville.com\/actu\/actudet_-a-30-ans-la-maison-des-hommes-et-des-techniques-regarde-aussi-vers-l-avenir-_52716-6551732_actu.Htm\" target=\"_blank\" rel=\"noopener\">la Maison des hommes et des techniques qui l\u2019occupe depuis juste trente ans<\/a> offre une fabuleuse plong\u00e9e dans l\u2019histoire de l\u2019industrie et du monde ouvrier. Ce mus\u00e9e propose plusieurs espaces th\u00e9matiques compos\u00e9s de documents, photos, maquettes et objets divers. Une exposition permanente, \u00ab\u00a0B\u00e2tisseurs de navires\u00a0\u00bb, retrace l\u2019aventure de la navale\u00a0jusqu\u2019\u00e0 la fermeture du chantier Dubigeon en 1987. Une premi\u00e8re salle, en face de l\u2019entr\u00e9e, propose de revenir sur les 80\u00a0ans de la S\u00e9curit\u00e9 sociale.<\/p>\n<p>Une autre exposition temporaire se penche sur les industries nantaises, l\u2019agroalimentaire avec LU, BN ou Beguin-Say\u00a0; mais aussi la m\u00e9tallurgie avec Joseph Paris qui a con\u00e7u la grue jaune\u00a0; la chimie avec la savonnerie\u00a0; et enfin un regard vers l\u2019industrie du futur, avec l\u2019arriv\u00e9e r\u00e9cente d\u2019une maquette du futur <a href=\"https:\/\/nantes.maville.com\/actu\/actudet_-reportage.-le-cargo-a-voiles-nantais-de-neoline-mis-a-l-eau-un-reve-de-marins-devenu-realite-_52719-6661514_actu.Htm\" target=\"_blank\" rel=\"noopener\">cargo \u00e0 voile Neoline<\/a>, qui entrera en service dans quelques semaines.<\/p>\n<p>Le tr\u00e9sor de la Maison des hommes et des techniques (MHT), c\u2019est la pr\u00e9sence r\u00e9guli\u00e8re (surtout le mardi), de b\u00e9n\u00e9voles de l\u2019association, anciens ouvriers m\u00e9tallos pour la plupart.<\/p>\n<p>La MHT est ouverte du lundi au vendredi, de 10\u00a0h \u00e0 13\u00a0h et de 14\u00a0h \u00e0 18\u00a0h\u00a0; le samedi et le dimanche, en ao\u00fbt, de 14\u00a0h \u00e0 18\u00a0h. Entr\u00e9e libre.<\/p>\n<p>\u00a0<\/p>\n","protected":false},"excerpt":{"rendered":"Le b\u00e2timent des Chantiers navals a encore du succ\u00e8s cet \u00e9t\u00e9, sur l\u2019\u00eele de Nantes. Parce que la&hellip;\n","protected":false},"author":2,"featured_media":298704,"comment_status":"","ping_status":"","sticky":false,"template":"","format":"standard","meta":{"footnotes":""},"categories":[2818],"tags":[1111,11,1777,674,1011,27,937,37534,766,12,2636,16252,25],"class_list":{"0":"post-298703","1":"post","2":"type-post","3":"status-publish","4":"format-standard","5":"has-post-thumbnail","7":"category-nantes","8":"tag-actu","9":"tag-actualites","10":"tag-eu","11":"tag-europe","12":"tag-fr","13":"tag-france","14":"tag-histoire","15":"tag-industrielle","16":"tag-nantes","17":"tag-news","18":"tag-pays-de-la-loire","19":"tag-plongee","20":"tag-republique-francaise"},"share_on_mastodon":{"url":"https:\/\/pubeurope.com\/@fr\/114977660157897789","error":""},"_links":{"self":[{"href":"https:\/\/www.europesays.com\/fr\/wp-json\/wp\/v2\/posts\/298703","targetHints":{"allow":["GET"]}}],"collection":[{"href":"https:\/\/www.europesays.com\/fr\/wp-json\/wp\/v2\/posts"}],"about":[{"href":"https:\/\/www.europesays.com\/fr\/wp-json\/wp\/v2\/types\/post"}],"author":[{"embeddable":true,"href":"https:\/\/www.europesays.com\/fr\/wp-json\/wp\/v2\/users\/2"}],"replies":[{"embeddable":true,"href":"https:\/\/www.europesays.com\/fr\/wp-json\/wp\/v2\/comments?post=298703"}],"version-history":[{"count":0,"href":"https:\/\/www.europesays.com\/fr\/wp-json\/wp\/v2\/posts\/298703\/revisions"}],"wp:featuredmedia":[{"embeddable":true,"href":"https:\/\/www.europesays.com\/fr\/wp-json\/wp\/v2\/media\/298704"}],"wp:attachment":[{"href":"https:\/\/www.europesays.com\/fr\/wp-json\/wp\/v2\/media?parent=298703"}],"wp:term":[{"taxonomy":"category","embeddable":true,"href":"https:\/\/www.europesays.com\/fr\/wp-json\/wp\/v2\/categories?post=298703"},{"taxonomy":"post_tag","embeddable":true,"href":"https:\/\/www.europesays.com\/fr\/wp-json\/wp\/v2\/tags?post=298703"}],"curies":[{"name":"wp","href":"https:\/\/api.w.org\/{rel}","templated":true}]}}