{"id":298707,"date":"2025-08-05T18:51:11","date_gmt":"2025-08-05T18:51:11","guid":{"rendered":"https:\/\/www.europesays.com\/fr\/298707\/"},"modified":"2025-08-05T18:51:11","modified_gmt":"2025-08-05T18:51:11","slug":"girondines-amandine-herbert-a-lentrainement-ce-mardi-avec-bordeaux","status":"publish","type":"post","link":"https:\/\/www.europesays.com\/fr\/298707\/","title":{"rendered":"Girondines : Amandine Herbert \u00e0 l&rsquo;entra\u00eenement ce mardi avec Bordeaux"},"content":{"rendered":"<p><img decoding=\"async\" src=\"https:\/\/www.europesays.com\/fr\/wp-content\/uploads\/2025\/08\/671_dad4242870e9c40989e3c95fc839bb13.jpg\" alt=\"Girondines : Amandine Herbert \u00e0 l'entra\u00eenement ce mardi avec Bordeaux\" class=\"img-responsive mt-3\"\/><\/p>\n<p class=\"text-center mb-3\" style=\"font-size: 14px\">\u00a9 Iconsport<\/p>\n<p style=\"text-align: justify;\">La joueuse de 23 ans \u00e9tait \u00e0 l&rsquo;entra\u00eenement du groupe de Division 3 ce mardi soir. Elle rejoint le projet bordelais pour cette saison.<\/p>\n<p style=\"text-align: justify;\">Nous vous avions annonc\u00e9 son retour, c&rsquo;est d\u00e9sormais effectif. Elle est aux c\u00f4t\u00e9s de Wong dans l&rsquo;image ci-dessous.<\/p>\n<p>\u00a0<\/p>\n<p style=\"text-align: justify;\">Amandine Herbert a \u00e9volu\u00e9 en Division 1 Arkema avec les Girondins de Bordeaux, elle \u00e9tait aussi pr\u00e9sente la saison derni\u00e8re en R\u00e9gional 1.<\/p>\n<p style=\"text-align: justify;\">L&rsquo;\u00e9quipe d&rsquo;Hugo Suarez joue son premier match de pr\u00e9paration ce samedi face \u00e0 La Roche-Sur-Yon (D3) \u00e0 Marennes. Le coup d&rsquo;envoi est \u00e0 17h.<\/p>\n<p style=\"text-align: justify;\">\u00c0 lire aussi &gt;&gt; <strong><a href=\"https:\/\/www.webgirondins.com\/actualite-girondins-girondins-andrea-lardez-on-veut-de-la-reconnaissance-du-respect-et-un-minimum-de-moyens-129911\" target=\"_blank\" rel=\"noopener\">Andr\u00e9a Lardez : \u201cOn veut de la reconnaissance, du respect et un minimum de moyens\u201d<\/a><\/strong><\/p>\n<p>Notre podcast court \u00e0 \u00e9couter :<\/p>\n<p>\u00a0<\/p>\n","protected":false},"excerpt":{"rendered":"\u00a9 Iconsport La joueuse de 23 ans \u00e9tait \u00e0 l&rsquo;entra\u00eenement du groupe de Division 3 ce mardi soir.&hellip;\n","protected":false},"author":2,"featured_media":298708,"comment_status":"","ping_status":"","sticky":false,"template":"","format":"standard","meta":{"footnotes":""},"categories":[2817],"tags":[1111,11,43866,3396,1997,3477,33563,43869,8374,3170,6769,2263,1777,674,31404,43868,4283,1011,27,8366,1987,43867,9778,12,2219,5055,16078,25,3242],"class_list":{"0":"post-298707","1":"post","2":"type-post","3":"status-publish","4":"format-standard","5":"has-post-thumbnail","7":"category-bordeaux","8":"tag-actu","9":"tag-actualites","10":"tag-amandine","11":"tag-avec","12":"tag-bordeaux","13":"tag-cette","14":"tag-compter","15":"tag-defenseuse","16":"tag-division","17":"tag-elle","18":"tag-entrainement","19":"tag-equipe","20":"tag-eu","21":"tag-europe","22":"tag-evolue","23":"tag-experimentee","24":"tag-feminine","25":"tag-fr","26":"tag-france","27":"tag-girondines","28":"tag-girondins","29":"tag-herbert","30":"tag-mardi","31":"tag-news","32":"tag-nouvelle-aquitaine","33":"tag-peut","34":"tag-renfort","35":"tag-republique-francaise","36":"tag-saison"},"share_on_mastodon":{"url":"https:\/\/pubeurope.com\/@fr\/114977668026210955","error":""},"_links":{"self":[{"href":"https:\/\/www.europesays.com\/fr\/wp-json\/wp\/v2\/posts\/298707","targetHints":{"allow":["GET"]}}],"collection":[{"href":"https:\/\/www.europesays.com\/fr\/wp-json\/wp\/v2\/posts"}],"about":[{"href":"https:\/\/www.europesays.com\/fr\/wp-json\/wp\/v2\/types\/post"}],"author":[{"embeddable":true,"href":"https:\/\/www.europesays.com\/fr\/wp-json\/wp\/v2\/users\/2"}],"replies":[{"embeddable":true,"href":"https:\/\/www.europesays.com\/fr\/wp-json\/wp\/v2\/comments?post=298707"}],"version-history":[{"count":0,"href":"https:\/\/www.europesays.com\/fr\/wp-json\/wp\/v2\/posts\/298707\/revisions"}],"wp:featuredmedia":[{"embeddable":true,"href":"https:\/\/www.europesays.com\/fr\/wp-json\/wp\/v2\/media\/298708"}],"wp:attachment":[{"href":"https:\/\/www.europesays.com\/fr\/wp-json\/wp\/v2\/media?parent=298707"}],"wp:term":[{"taxonomy":"category","embeddable":true,"href":"https:\/\/www.europesays.com\/fr\/wp-json\/wp\/v2\/categories?post=298707"},{"taxonomy":"post_tag","embeddable":true,"href":"https:\/\/www.europesays.com\/fr\/wp-json\/wp\/v2\/tags?post=298707"}],"curies":[{"name":"wp","href":"https:\/\/api.w.org\/{rel}","templated":true}]}}