{"id":298710,"date":"2025-08-05T18:53:16","date_gmt":"2025-08-05T18:53:16","guid":{"rendered":"https:\/\/www.europesays.com\/fr\/298710\/"},"modified":"2025-08-05T18:53:16","modified_gmt":"2025-08-05T18:53:16","slug":"aires-de-grand-passage-logements-ce-que-prevoit-le-nouveau-plan-pour-les-gens-du-voyage-en-haute-garonne","status":"publish","type":"post","link":"https:\/\/www.europesays.com\/fr\/298710\/","title":{"rendered":"Aires de grand passage, logements\u2026 Ce que pr\u00e9voit le nouveau plan pour les gens du voyage en Haute-Garonne"},"content":{"rendered":"<p>            Par<br \/>\n        <strong><br \/>\n            <a href=\"https:\/\/actu.fr\/auteur\/mareva-laville-actu-fr\" title=\"Consulter tous les articles de Mar\u00e9va Laville\" target=\"_blank\" rel=\"noopener\">Mar\u00e9va Laville<\/a><br \/>\n        <\/strong><\/p>\n<p>        Publi\u00e9 le<\/p>\n<p>            5 ao\u00fbt 2025 \u00e0 18h46        <\/p>\n<p>Un an. C\u2019est le temps qu\u2019il aura fallu pour revoir le<strong> Sch\u00e9ma d\u00e9partemental d\u2019accueil et d\u2019habitat des gens du voyage<\/strong> (SDAHGV) \u2013 ainsi renomm\u00e9 en ajoutant \u00ab\u00a0habitant\u00a0\u00bb, NDLR \u2013 applicable lors des cinq ann\u00e9es \u00e0 venir. <a href=\"https:\/\/actu.fr\/societe\/les-gens-du-voyage-ne-vont-pas-dans-un-stade-par-plaisir-pourquoi-tant-d-installations-illegales-en-france_62926500.html\" target=\"_blank\" rel=\"noopener\">Car le sujet est \u00e9pineux.<\/a> Toujours plus nombreux et de plus en plus s\u00e9dentaires,<strong> les gens du voyage<\/strong> ravivent chaque ann\u00e9e des tensions chez les habitants de la<a href=\"https:\/\/actu.fr\/occitanie\/haute-garonne_31\" target=\"_blank\" rel=\"noopener\"><strong> Haute-Garonne<\/strong><\/a>. Comment les accueillir\u2009? O\u00f9\u2009? De quelles fa\u00e7ons\u2009? Avec quelles obligations et quelles recommandations\u2009? Tout ce qu\u2019il faut savoir sur le nouveau plan d\u2019<strong>accueil des gens du voyage en Haute-Garonne pour 2025-2030.<\/strong><\/p>\n<p>+\u00a0100\u2009% de passage de caravanes en trois ans<\/p>\n<p class=\" wall-content\">5\u2009510 caravanes, contre 2\u2009690 en 2021. En trois ans, la population de gens du voyage de passage en Haute-Garonne \u00e0 l\u2019occasion de <strong>grands rassemblements \u00e9vang\u00e9listes<\/strong> a <strong>presque doubl\u00e9<\/strong>, atteignant m\u00eame un pic historique l\u2019an dernier.<\/p>\n<p class=\" wall-content\">Mais le nombre de places propos\u00e9es, lui, reste identique et toujours en de\u00e7\u00e0 de ce que demandait l\u2019\u00c9tat aux EPCI charg\u00e9s d\u2019organiser l\u2019accueil des gens du voyage entre\u00a02020 et\u00a02025.<\/p>\n<p>    <img   decoding=\"async\" loading=\"lazy\" src=\"https:\/\/www.europesays.com\/fr\/wp-content\/uploads\/2025\/08\/capture-decran-2025-08-05-155330-960x640.png\" alt=\"Le nombre de caravanes re\u00e7ues en Haute-Garonne a doubl\u00e9 entre 2021 et 2024.\" width=\"960\" height=\"640\"\/><br \/>\n    Le nombre de caravanes re\u00e7ues en Haute-Garonne a doubl\u00e9 entre\u00a02021 et\u00a02024. (\u00a9Capture d\u2019\u00e9cran communiqu\u00e9 SDAHGV 2025-2030)Pour seulement deux aires de grand passage officielles<\/p>\n<p class=\" wall-content\">En Haute-Garonne, on ne compte que <strong>deux aires officielles de grand passage fixe<\/strong>\u2009: deux hectares \u00e0 la <strong>Sn\u00e8de<\/strong> (Toulouse M\u00e9tropole) et deux autres hectares \u00e0 <strong>Villeneuve-de-Rivi\u00e8re<\/strong> (Communaut\u00e9 de communes C\u0153ur et Couteaux du Comminges). Deux autres aires provisoires ont vu le jour \u00e0 <strong>Lab\u00e8ge<\/strong> et <strong>Blagnac<\/strong> durant la p\u00e9riode estivale tandis qu\u2019une aire non-officielle existe \u00e0 Plaisance-du-Touch.<\/p>\n<p class=\" wall-content\">C\u2019est concr\u00e8tement, pas assez. Ni en nombre ni en espace. Selon nos calculs, la Haute-Garonne aurait besoin d\u2019environ 1\u2009000 places suppl\u00e9mentaires, au minimum. Avec ses deux aires fixes et deux aires provisoires, le d\u00e9partement ne peut donc recevoir que <strong>697 caravanes actuellement<\/strong>. \u00c0 partir de cette ann\u00e9e <strong>2025 et jusqu\u2019en 2030,<\/strong> l\u2019\u00c9tat a pour objectif de pouvoir en recevoir entre 1\u2009000 et 1\u2009200.<\/p>\n<p>Quatre aires minimum r\u00e9clam\u00e9es par l\u2019\u00c9tat et le D\u00e9partement<\/p>\n<p class=\" wall-content\">Pour ce faire, les 14 territoires du d\u00e9partement sont appel\u00e9s \u00e0 construire <strong>un total de quatre aires de grand passage<\/strong>\u00a0et une<strong> cinqui\u00e8me en recommandation<\/strong> (contre deux existantes aujourd\u2019hui). Celles-ci devront proposer une surface minimum de quatre hectares pour accueillir jusqu\u2019\u00e0 200 \u00ab\u2009r\u00e9sidences mobiles\u2009\u00bb chacune. Le sch\u00e9ma d\u00e9partemental cible notamment cinq EPCI.<\/p>\n<p class=\" wall-content\">Dans les ann\u00e9es \u00e0 venir, devront na\u00eetre des aires de grand passage <strong>dans la M\u00e9tropole de Toulouse<\/strong>, dans le <strong>Sicoval<\/strong>, dans<strong> l\u2019agglom\u00e9ration muretaine<\/strong> et de fa\u00e7on mutualis\u00e9e, <strong>entre le Bassin Auterivain, le Volvestre et le C\u0153ur de Garonne<\/strong>, au sud de Toulouse. L\u2019aire recommand\u00e9e quant \u00e0 elle est envisag\u00e9e dans la communaut\u00e9 de commune du Grand Ouest Toulousain. Mais o\u00f9 pourraient-elles alors s\u2019installer pr\u00e9cis\u00e9ment\u2009?<\/p>\n<p>    <img   decoding=\"async\" loading=\"lazy\" src=\"https:\/\/www.europesays.com\/fr\/wp-content\/uploads\/2025\/08\/capture-decran-2025-08-05-170008-960x640.png\" alt=\"Voici o\u00f9 sont cibl\u00e9es les futures aires de grand passage pour 2025-2030.\" width=\"960\" height=\"640\"\/><br \/>\n    Voici o\u00f9 sont cibl\u00e9es les futures aires de grand passage pour 2025-2030. (\u00a9Capture d\u2019\u00e9cran SDAHGV 2025-2030)<\/p>\n<p class=\" wall-content\">Dans la m\u00e9tropole de Toulouse, c\u2019est Aussonne qui \u00e9tait cibl\u00e9e, sur un terrain localis\u00e9 \u00e0 c\u00f4t\u00e9 d\u2019une exploitation mara\u00eech\u00e8re. Mais le terrain n\u2019est, depuis le mois d\u2019avril dernier, plus \u00e0 vendre,<a href=\"https:\/\/actu.fr\/occitanie\/aussonne_31032\/aire-de-grand-passage-pour-les-gens-du-voyage-pres-de-toulouse-le-projet-confronte-a-un-nouveau-blocage_62481769.html\" target=\"_blank\" rel=\"noopener\"> comme le rapportait dans cet article <\/a><a href=\"https:\/\/actu.fr\/occitanie\/aussonne_31032\/aire-de-grand-passage-pour-les-gens-du-voyage-pres-de-toulouse-le-projet-confronte-a-un-nouveau-blocage_62481769.html\" target=\"_blank\" rel=\"noopener\">Actu Toulouse<\/a>. Il va pourtant bien falloir trouver une solution. Et c\u2019est dans ce cadre-l\u00e0 qu\u2019il convient de notifier une nouveaut\u00e9 qui pourrait chambouler quelques plans\u2026<\/p>\n<p>Les petites communes incit\u00e9es \u00e0 participer<\/p>\n<p class=\" wall-content\">Dans son nouveau sch\u00e9ma du d\u00e9partement d\u2019accueil et d\u2019habitat des gens du voyage, l\u2019\u00c9tat et le D\u00e9partement incitent <strong>les communes comptant entre 4\u2009500 et 5\u2009000\u00a0habitants<\/strong> \u00e0 participer.<\/p>\n<p class=\" wall-content\">Jusque-l\u00e0, en dessous de 5\u2009000, elles \u00e9taient automatiquement \u00e9pargn\u00e9es. \u00c0 ce titre, le SDAHGV int\u00e8gre d\u00e9sormais <strong>cinq communes<\/strong>\u2009: <strong>Caz\u00e8res<\/strong> (4\u2009851\u00a0habitants), <strong>Gratentour<\/strong> (4\u2009786\u00a0habitants), <strong>Pechbonnieu<\/strong> (4\u2009552\u00a0habitants), <strong>Castelmaurou<\/strong> (4752 habitants) et <strong>Bouloc<\/strong> (4\u2009773 habitants). Si elles n\u2019ont pas l\u2019obligation l\u00e9gale de participer, ce n\u2019est en revanche pas le cas des trois nouvelles communes pass\u00e9es au-dessus du seuil des 5\u2009000 habitants, que sont Villefranche de Lauragais et Roques.<\/p>\n<p class=\" wall-content\">Ces trois derni\u00e8res peuvent donc, au m\u00eame titre que les autres, \u00eatre cibl\u00e9es par leurs territoires pour recevoir une aire de grand passage et doivent \u00e9galement pouvoir proposer 20 places d\u2019ancrage ou de passage.<\/p>\n<p>Le besoin de s\u00e9dentarit\u00e9 \u00e0 r\u00e9pondre<\/p>\n<p class=\" wall-content\">Car c\u2019est l\u2019autre grand axe de travail du sch\u00e9ma d\u00e9partemental concernant les gens du voyage\u2009: <strong>l\u2019ancrage<\/strong>. La Haute-Garonne doit s\u2019adapter au nouveau mode de vie plus s\u00e9dentaire des gens du voyage.<\/p>\n<p class=\" wall-content\"><strong>\u00ab\u200990\u2009% des places actuelles sont s\u00e9dentaris\u00e9es\u2009\u00bb<\/strong>, faute de solutions alternatives, remarque le D\u00e9partement. Or, \u00ab\u2009le manque de places et la s\u00e9dentarisation par d\u00e9faut <a href=\"https:\/\/actu.fr\/occitanie\/toulouse_31555\/toulouse-des-gens-du-voyage-s-installent-illicitement-sur-un-terrain-et-agressent-le-gardien_62945766.html\" target=\"_blank\" rel=\"noopener\">entra\u00eenent des <strong>stationnements illicites r\u00e9currents<\/strong><\/a>\u2009\u00bb, reconnait l\u2019institution.<\/p>\n<p>    <img   decoding=\"async\" loading=\"lazy\" src=\"https:\/\/www.europesays.com\/fr\/wp-content\/uploads\/2025\/08\/gens-du-voyage-toulouse-960x640.jpeg\" alt=\"Faute de possibilit\u00e9s, et dans des aires de passage trop v\u00e9tustes, les gens du voyage s'installent souvent sur des terrains de fa\u00e7on ill\u00e9gale.\" width=\"960\" height=\"640\"\/><br \/>\n    Faute de possibilit\u00e9s, et dans des aires de passage trop v\u00e9tustes, les gens du voyage s\u2019installent souvent sur des terrains de fa\u00e7on ill\u00e9gale. (\u00a9Mar\u00e9va Laville \/ Actu Toulouse)Des formes d\u2019habitats pour les gens du voyage<\/p>\n<p class=\" wall-content\">C\u2019est probablement l\u2019autre changement le plus majeur de ce nouveau plan pour 2025-2030\u2009: <strong>offrir une logique d\u2019habitat<\/strong> et non plus seulement de stationnement. Pour certaines infrastructures, <strong>on parle m\u00eame de bail locatif.<\/strong> Ce serait le cas notamment pour les <strong>habitats adapt\u00e9s<\/strong> (logements sociaux compatibles avec une caravane) et les <strong>terrains familiaux locatifs publics<\/strong> (TFL). Les aires permanentes d\u2019accueil, quant \u00e0 elles, logent les caravanes pour une dur\u00e9e de trois mois maximum (ou sept mois si d\u00e9rogation).<\/p>\n<p class=\" wall-content\">Dans le nouveau SDAHGV, l\u2019\u00c9tat et le D\u00e9partement prescrivent le passage de 14 places d\u2019ancrage existant sur quelques sites seulement, dont Toulouse et Tournefeuille, \u00e0 <strong>398 places et 166 suppl\u00e9mentaires recommand\u00e9es.<\/strong><\/p>\n<p>Des actions sociales<\/p>\n<p class=\" wall-content\">Plus percutent en ce sens, <strong>13 actions sociales<\/strong> (contre cinq auparavant, NDLR) ont \u00e9t\u00e9 ajout\u00e9es au SDAHGV. Domiciliation, inclusion num\u00e9rique, sant\u00e9 mentale, scolarisation ou insertion professionnelle figurent parmi les priorit\u00e9s.<\/p>\n<p class=\" wall-content\">Par exemple, le D\u00e9partement entend <strong>p\u00e9renniser les transports scolaires<\/strong> vers les coll\u00e8ges depuis les aires permanentes d\u2019accueil, les terrains familiaux locatifs et les habitats adapt\u00e9s. Il souhaite \u00e9galement <strong>soutenir les auto-entrepreneurs<\/strong> parmi les gens du voyage. Autre volont\u00e9\u2009: <strong>r\u00e9duire les in\u00e9galit\u00e9s d\u2019acc\u00e8s aux soins,<\/strong> alors que l\u2019esp\u00e9rance de vie des gens du voyage reste inf\u00e9rieure de 8 \u00e0 11\u00a0ans \u00e0 la moyenne nationale.<\/p>\n<p class=\" wall-content\">Plus que jamais, la Haute-Garonne amorce un tournant dans son accueil des gens du voyage. Plus humaniste, plus ambitieux\u2026 Reste \u00e0 savoir comment ce sch\u00e9ma sera accueilli et appliqu\u00e9 pour offrir, peut-\u00eatre enfin, une solution aux installations ill\u00e9gales tant guett\u00e9es par les habitants du d\u00e9partement.<\/p>\n<p class=\" wall-content\">Suivez toute l\u2019actualit\u00e9 de vos villes et m\u00e9dias favoris en vous inscrivant \u00e0 <a href=\"https:\/\/moncompte.actu.fr\" title=\"D\u00e9couvez Mon Actu\" rel=\"nofollow noopener\" data-trk=\"{&quot;cta&quot;:{&quot;action&quot;:&quot;https:\\\/\\\/moncompte.actu.fr&quot;,&quot;category&quot;:&quot;mon compte&quot;,&quot;from&quot;:&quot;article footer&quot;,&quot;name&quot;:&quot;Mon actu&quot;,&quot;type&quot;:&quot;cta&quot;}}\" target=\"_blank\">Mon Actu<\/a>.<\/p>\n","protected":false},"excerpt":{"rendered":"Par Mar\u00e9va Laville Publi\u00e9 le 5 ao\u00fbt 2025 \u00e0 18h46 Un an. C\u2019est le temps qu\u2019il aura fallu&hellip;\n","protected":false},"author":2,"featured_media":298711,"comment_status":"","ping_status":"","sticky":false,"template":"","format":"standard","meta":{"footnotes":""},"categories":[2816],"tags":[1111,11,1777,674,1011,27,12,2680,25,104,2312,1090],"class_list":{"0":"post-298710","1":"post","2":"type-post","3":"status-publish","4":"format-standard","5":"has-post-thumbnail","7":"category-toulouse","8":"tag-actu","9":"tag-actualites","10":"tag-eu","11":"tag-europe","12":"tag-fr","13":"tag-france","14":"tag-news","15":"tag-occitanie","16":"tag-republique-francaise","17":"tag-societe","18":"tag-toulouse","19":"tag-toulouse-metropole"},"share_on_mastodon":{"url":"https:\/\/pubeurope.com\/@fr\/114977676104034917","error":""},"_links":{"self":[{"href":"https:\/\/www.europesays.com\/fr\/wp-json\/wp\/v2\/posts\/298710","targetHints":{"allow":["GET"]}}],"collection":[{"href":"https:\/\/www.europesays.com\/fr\/wp-json\/wp\/v2\/posts"}],"about":[{"href":"https:\/\/www.europesays.com\/fr\/wp-json\/wp\/v2\/types\/post"}],"author":[{"embeddable":true,"href":"https:\/\/www.europesays.com\/fr\/wp-json\/wp\/v2\/users\/2"}],"replies":[{"embeddable":true,"href":"https:\/\/www.europesays.com\/fr\/wp-json\/wp\/v2\/comments?post=298710"}],"version-history":[{"count":0,"href":"https:\/\/www.europesays.com\/fr\/wp-json\/wp\/v2\/posts\/298710\/revisions"}],"wp:featuredmedia":[{"embeddable":true,"href":"https:\/\/www.europesays.com\/fr\/wp-json\/wp\/v2\/media\/298711"}],"wp:attachment":[{"href":"https:\/\/www.europesays.com\/fr\/wp-json\/wp\/v2\/media?parent=298710"}],"wp:term":[{"taxonomy":"category","embeddable":true,"href":"https:\/\/www.europesays.com\/fr\/wp-json\/wp\/v2\/categories?post=298710"},{"taxonomy":"post_tag","embeddable":true,"href":"https:\/\/www.europesays.com\/fr\/wp-json\/wp\/v2\/tags?post=298710"}],"curies":[{"name":"wp","href":"https:\/\/api.w.org\/{rel}","templated":true}]}}