{"id":298716,"date":"2025-08-05T18:57:12","date_gmt":"2025-08-05T18:57:12","guid":{"rendered":"https:\/\/www.europesays.com\/fr\/298716\/"},"modified":"2025-08-05T18:57:12","modified_gmt":"2025-08-05T18:57:12","slug":"a-la-recherche-du-livre-rouge-dans-les-archives-municipales-de-marseille","status":"publish","type":"post","link":"https:\/\/www.europesays.com\/fr\/298716\/","title":{"rendered":"\u00e0 la recherche du \u00ab\u00a0livre rouge\u00a0\u00bb dans les Archives Municipales de Marseille"},"content":{"rendered":"<p>Dans le cadre de l\u2019\u00c9t\u00e9 marseillais et des 80 ans de la fin de la Seconde Guerre mondiale, les Archives Municipales proposent un escape game consistant \u00e0 retrouver le pr\u00e9cieux manuscrit contenant les statuts et chartes de la Ville de Marseille au XIII\u1d49 si\u00e8cle, cach\u00e9 par l\u2019archiviste communal Joseph Billioud.<\/p>\n<p>Plongez en pleine Seconde Guerre mondiale, en 1944, lorsque les Allemands arrivent aux archives municipales de Marseille. Vous devez absolument prot\u00e9ger le livre rouge et le retrouver avant eux. Dans cette ambiance plut\u00f4t r\u00e9aliste de cet escape game, l&rsquo;objectif est de trouver une vraie archive.\u00a0\u00bb C&rsquo;est plein de petits d\u00e9tails sur la ville, sur comment s&rsquo;organisait en temps de guerre \u00e0 Marseille, qui ne sont pas forc\u00e9ment connus et qui peuvent \u00eatre appris au passage du jeu\u00a0\u00bb, explique Lila, animatrice de l&rsquo;activit\u00e9 et m\u00e9diatrice culturelle aux archives municipales pour la saison estivale.<\/p>\n<p>Entre d\u00e9couverte et animation, cette activit\u00e9 se fait en famille ou entre amis, de quoi s&rsquo;amuser tout en apprenant davantage sur la ville de Marseille. Comme In\u00e8s venue en famille : \u00ab\u00a0J&rsquo;ai ador\u00e9, c&rsquo;\u00e9tait bien, on \u00e9tait en famille, c&rsquo;est dr\u00f4le et on \u00e9tait en concurrence avec les autres, la comp\u00e9tition, c&rsquo;est bien, moi j&rsquo;aime bien ! \u00ab\u00a0<\/p>\n<p>Les inscriptions sont obligatoires via le site de l&rsquo;\u00c9t\u00e9 marseillais. Cette animation se d\u00e9roule tous les mardis et jeudis jusqu&rsquo;au 29 ao\u00fbt, elle est gratuite et accessible \u00e0 tous \u00e0 partir de 11 ans.<\/p>\n<p>\u00a0<\/p>\n","protected":false},"excerpt":{"rendered":"Dans le cadre de l\u2019\u00c9t\u00e9 marseillais et des 80 ans de la fin de la Seconde Guerre mondiale,&hellip;\n","protected":false},"author":2,"featured_media":298717,"comment_status":"","ping_status":"","sticky":false,"template":"","format":"standard","meta":{"footnotes":""},"categories":[2814],"tags":[1111,11,43870,41395,1777,674,1011,27,884,12,882,25],"class_list":{"0":"post-298716","1":"post","2":"type-post","3":"status-publish","4":"format-standard","5":"has-post-thumbnail","7":"category-marseille","8":"tag-actu","9":"tag-actualites","10":"tag-archives-municipales","11":"tag-ete-marseillais","12":"tag-eu","13":"tag-europe","14":"tag-fr","15":"tag-france","16":"tag-marseille","17":"tag-news","18":"tag-provence-alpes-cote-dazur","19":"tag-republique-francaise"},"share_on_mastodon":{"url":"https:\/\/pubeurope.com\/@fr\/114977691817508850","error":""},"_links":{"self":[{"href":"https:\/\/www.europesays.com\/fr\/wp-json\/wp\/v2\/posts\/298716","targetHints":{"allow":["GET"]}}],"collection":[{"href":"https:\/\/www.europesays.com\/fr\/wp-json\/wp\/v2\/posts"}],"about":[{"href":"https:\/\/www.europesays.com\/fr\/wp-json\/wp\/v2\/types\/post"}],"author":[{"embeddable":true,"href":"https:\/\/www.europesays.com\/fr\/wp-json\/wp\/v2\/users\/2"}],"replies":[{"embeddable":true,"href":"https:\/\/www.europesays.com\/fr\/wp-json\/wp\/v2\/comments?post=298716"}],"version-history":[{"count":0,"href":"https:\/\/www.europesays.com\/fr\/wp-json\/wp\/v2\/posts\/298716\/revisions"}],"wp:featuredmedia":[{"embeddable":true,"href":"https:\/\/www.europesays.com\/fr\/wp-json\/wp\/v2\/media\/298717"}],"wp:attachment":[{"href":"https:\/\/www.europesays.com\/fr\/wp-json\/wp\/v2\/media?parent=298716"}],"wp:term":[{"taxonomy":"category","embeddable":true,"href":"https:\/\/www.europesays.com\/fr\/wp-json\/wp\/v2\/categories?post=298716"},{"taxonomy":"post_tag","embeddable":true,"href":"https:\/\/www.europesays.com\/fr\/wp-json\/wp\/v2\/tags?post=298716"}],"curies":[{"name":"wp","href":"https:\/\/api.w.org\/{rel}","templated":true}]}}