{"id":298718,"date":"2025-08-05T18:58:11","date_gmt":"2025-08-05T18:58:11","guid":{"rendered":"https:\/\/www.europesays.com\/fr\/298718\/"},"modified":"2025-08-05T18:58:11","modified_gmt":"2025-08-05T18:58:11","slug":"pierre-oliver-recadre-dans-un-courrier-de-ladjoint-a-la-securite-a-lyon","status":"publish","type":"post","link":"https:\/\/www.europesays.com\/fr\/298718\/","title":{"rendered":"Pierre Oliver recadr\u00e9 dans un courrier de l&rsquo;adjoint \u00e0 la S\u00e9curit\u00e9 \u00e0 Lyon"},"content":{"rendered":"<p>Une carte postale de ses meilleurs ennemis ? Plut\u00f4t un courrier officiel pour recadrer le maire LR du 2e arrondissement apr\u00e8s avoir propag\u00e9 une fausse information.<\/p>\n<p>Pour rappel, Pierre Oliver avait, le 30 juillet dernier, diffus\u00e9 une vid\u00e9o de v\u00e9hicules de pompiers rue de la R\u00e9publique, man\u0153uvrant entre les bancs boudins blancs install\u00e9s par la M\u00e9tropole de Lyon. Le patron de la droite lyonnaise laissait entendre que les nouveaux am\u00e9nagements \u00ab\u00a0bloquaient\u00a0\u00bb les soldats du feu en intervention. Or, il s&rsquo;agissait d&rsquo;un exercice du SDMIS, justement pour v\u00e9rifier que les boudins blancs ne g\u00eanaient pas. Une fake news en somme.<\/p>\n<blockquote class=\"tiktok-embed\" style=\"max-width: 605px; min-width: 325px;\" cite=\"https:\/\/www.tiktok.com\/@pierreoliver69\/video\/7532796180363857174\" data-video-id=\"7532796180363857174\"><p>&#13;<br \/>\n<a title=\"@pierreoliver69\" href=\"https:\/\/www.tiktok.com\/@pierreoliver69?refer=embed\" target=\"_blank\" rel=\"noopener nofollow\">@pierreoliver69<\/a>&#13;<\/p>\n<p>Des pompiers bloqu\u00e9s par les nouveaux bancs : quand l\u2019am\u00e9nagement oublie l\u2019essentiel<\/p>\n<p>&#13;<br \/>\n<a title=\"\u266c Ambulance Dance - Light Galaxy\" href=\"https:\/\/www.tiktok.com\/music\/Ambulance-Dance-6889495438282508290?refer=embed\" target=\"_blank\" rel=\"noopener nofollow\">\u266c Ambulance Dance &#8211; Light Galaxy<\/a>&#13;\n<\/p><\/blockquote>\n<p>C&rsquo;est donc <a href=\"https:\/\/www.lyonmag.com\/profil-personnalite-lyonnaise\/575\/mohamed-chihi\" target=\"_blank\" rel=\"noopener nofollow\">Mohamed Chihi<\/a>, adjoint au maire de Lyon charg\u00e9 de la S\u00e9curit\u00e9, qui a \u00e9t\u00e9 charg\u00e9 de taper sur les doigts de Pierre Oliver.<\/p>\n<p>Dans un courrier transmis par la Ville \u00e0 Tribune de Lyon, l&rsquo;\u00e9cologiste estime qu&rsquo;une \u00ab\u00a0telle all\u00e9gation (de la part de Pierre Oliver ndlr), fond\u00e9e sur une interpr\u00e9tation biais\u00e9e et une mise en sc\u00e8ne calcul\u00e9e, ne rel\u00e8ve plus du d\u00e9bat d\u2019id\u00e9es, mais d\u2019une forme de manipulation de l\u2019opinion publique. La d\u00e9mocratie ne se nourrit pas de contre-v\u00e9rit\u00e9s virales, mais d\u2019un devoir de v\u00e9rit\u00e9. La s\u00e9curit\u00e9 de nos concitoyens m\u00e9rite mieux que des pol\u00e9miques artificielles\u00a0\u00bb.<\/p>\n<p>Malgr\u00e9 ces remontrances, Pierre Oliver n&rsquo;a pas supprim\u00e9 sa vid\u00e9o incrimin\u00e9e.<\/p>\n<p>Ce mardi, il r\u00e9pond m\u00eame \u00e0 son interlocuteur, soulignant le fait que l&rsquo;adjoint, pourtant \u00e0 la t\u00eate d&rsquo;une d\u00e9l\u00e9gation importante, est beaucoup moins pr\u00e9sent et m\u00e9diatis\u00e9 qu&rsquo;en d\u00e9but de mandat : \u00ab\u00a0M. Chihi r\u00e9appara\u00eet\u2026 et veut donner des le\u00e7ons ? Il a surtout abandonn\u00e9 les Lyonnais pendant 5 ans, alors que l\u2019ins\u00e9curit\u00e9 montait en fl\u00e8che. R\u00e9sultat : 280 policiers municipaux seulement et trop peu de cam\u00e9ras. Le constat est clair\u00a0\u00bb.<\/p>\n<p>\t\t  <script async src=\"\/\/www.tiktok.com\/embed.js\"><\/script><\/p>\n","protected":false},"excerpt":{"rendered":"Une carte postale de ses meilleurs ennemis ? Plut\u00f4t un courrier officiel pour recadrer le maire LR du&hellip;\n","protected":false},"author":2,"featured_media":298719,"comment_status":"","ping_status":"","sticky":false,"template":"","format":"standard","meta":{"footnotes":""},"categories":[1889],"tags":[1111,11,2813,2190,2430,1109,251,1112,2811,1777,674,118,1011,27,1922,1110,1114,2428,2810,12,241,316,25,2812,517,800],"class_list":{"0":"post-298718","1":"post","2":"type-post","3":"status-publish","4":"format-standard","5":"has-post-thumbnail","7":"category-lyon","8":"tag-actu","9":"tag-actualites","10":"tag-article","11":"tag-asvel","12":"tag-auvergne-rhone-alpes","13":"tag-breves","14":"tag-culture","15":"tag-depeches","16":"tag-economique","17":"tag-eu","18":"tag-europe","19":"tag-faits-divers","20":"tag-fr","21":"tag-france","22":"tag-info","23":"tag-informations","24":"tag-infos","25":"tag-lyon","26":"tag-lyonmag","27":"tag-news","28":"tag-ol","29":"tag-politique","30":"tag-republique-francaise","31":"tag-sociale","32":"tag-sport","33":"tag-transports"},"share_on_mastodon":{"url":"https:\/\/pubeurope.com\/@fr\/114977695534191965","error":""},"_links":{"self":[{"href":"https:\/\/www.europesays.com\/fr\/wp-json\/wp\/v2\/posts\/298718","targetHints":{"allow":["GET"]}}],"collection":[{"href":"https:\/\/www.europesays.com\/fr\/wp-json\/wp\/v2\/posts"}],"about":[{"href":"https:\/\/www.europesays.com\/fr\/wp-json\/wp\/v2\/types\/post"}],"author":[{"embeddable":true,"href":"https:\/\/www.europesays.com\/fr\/wp-json\/wp\/v2\/users\/2"}],"replies":[{"embeddable":true,"href":"https:\/\/www.europesays.com\/fr\/wp-json\/wp\/v2\/comments?post=298718"}],"version-history":[{"count":0,"href":"https:\/\/www.europesays.com\/fr\/wp-json\/wp\/v2\/posts\/298718\/revisions"}],"wp:featuredmedia":[{"embeddable":true,"href":"https:\/\/www.europesays.com\/fr\/wp-json\/wp\/v2\/media\/298719"}],"wp:attachment":[{"href":"https:\/\/www.europesays.com\/fr\/wp-json\/wp\/v2\/media?parent=298718"}],"wp:term":[{"taxonomy":"category","embeddable":true,"href":"https:\/\/www.europesays.com\/fr\/wp-json\/wp\/v2\/categories?post=298718"},{"taxonomy":"post_tag","embeddable":true,"href":"https:\/\/www.europesays.com\/fr\/wp-json\/wp\/v2\/tags?post=298718"}],"curies":[{"name":"wp","href":"https:\/\/api.w.org\/{rel}","templated":true}]}}