{"id":298720,"date":"2025-08-05T18:59:14","date_gmt":"2025-08-05T18:59:14","guid":{"rendered":"https:\/\/www.europesays.com\/fr\/298720\/"},"modified":"2025-08-05T18:59:14","modified_gmt":"2025-08-05T18:59:14","slug":"lyon-8e-grace-a-la-cooperative-jeunesse-de-services-des-lyceens-se-forment-a-differents-metiers-tout-lete","status":"publish","type":"post","link":"https:\/\/www.europesays.com\/fr\/298720\/","title":{"rendered":"Lyon 8e. Gr\u00e2ce \u00e0 la Coop\u00e9rative jeunesse de services, des lyc\u00e9ens se forment \u00e0 diff\u00e9rents m\u00e9tiers tout l\u2019\u00e9t\u00e9"},"content":{"rendered":"<p>Durant l\u2019\u00e9t\u00e9, les Coop\u00e9ratives jeunesse de services (CJS) sont mises en place chaque ann\u00e9e pour permettre \u00e0 des jeunes \u00ab\u00a0motiv\u00e9s, d\u00e9brouillards et plein d\u2019ambition\u00a0\u00bb de travailler sur diff\u00e9rents chantiers, mais aussi de se former en peinture ou en administratif par exemple.<\/p>\n<p>Peinture, jardinage&#8230;<\/p>\n<p>\u201cJeun\u2019ess Wakatsuki\u201d est le nom de l\u2019entreprise solidaire cr\u00e9\u00e9e par les jeunes de 16 \u00e0 18\u00a0ans, originaires du 8e\u00a0 arrondissement, qui \u0153uvrent cet \u00e9t\u00e9 gr\u00e2ce \u00e0 la CJS Lyon 8e et diff\u00e9rents partenaires qui&#8230;<\/p>\n","protected":false},"excerpt":{"rendered":"Durant l\u2019\u00e9t\u00e9, les Coop\u00e9ratives jeunesse de services (CJS) sont mises en place chaque ann\u00e9e pour permettre \u00e0 des&hellip;\n","protected":false},"author":2,"featured_media":298721,"comment_status":"","ping_status":"","sticky":false,"template":"","format":"standard","meta":{"footnotes":""},"categories":[1889],"tags":[1111,11,2430,4406,33,2757,1777,674,1011,27,2428,9744,9743,12,25],"class_list":{"0":"post-298720","1":"post","2":"type-post","3":"status-publish","4":"format-standard","5":"has-post-thumbnail","7":"category-lyon","8":"tag-actu","9":"tag-actualites","10":"tag-auvergne-rhone-alpes","11":"tag-commerce-et-services","12":"tag-economie","13":"tag-edition-lyon-villeurbanne","14":"tag-eu","15":"tag-europe","16":"tag-fr","17":"tag-france","18":"tag-lyon","19":"tag-lyon-8e","20":"tag-lyon-8e-arrondissement","21":"tag-news","22":"tag-republique-francaise"},"share_on_mastodon":{"url":"https:\/\/pubeurope.com\/@fr\/114977699465804023","error":""},"_links":{"self":[{"href":"https:\/\/www.europesays.com\/fr\/wp-json\/wp\/v2\/posts\/298720","targetHints":{"allow":["GET"]}}],"collection":[{"href":"https:\/\/www.europesays.com\/fr\/wp-json\/wp\/v2\/posts"}],"about":[{"href":"https:\/\/www.europesays.com\/fr\/wp-json\/wp\/v2\/types\/post"}],"author":[{"embeddable":true,"href":"https:\/\/www.europesays.com\/fr\/wp-json\/wp\/v2\/users\/2"}],"replies":[{"embeddable":true,"href":"https:\/\/www.europesays.com\/fr\/wp-json\/wp\/v2\/comments?post=298720"}],"version-history":[{"count":0,"href":"https:\/\/www.europesays.com\/fr\/wp-json\/wp\/v2\/posts\/298720\/revisions"}],"wp:featuredmedia":[{"embeddable":true,"href":"https:\/\/www.europesays.com\/fr\/wp-json\/wp\/v2\/media\/298721"}],"wp:attachment":[{"href":"https:\/\/www.europesays.com\/fr\/wp-json\/wp\/v2\/media?parent=298720"}],"wp:term":[{"taxonomy":"category","embeddable":true,"href":"https:\/\/www.europesays.com\/fr\/wp-json\/wp\/v2\/categories?post=298720"},{"taxonomy":"post_tag","embeddable":true,"href":"https:\/\/www.europesays.com\/fr\/wp-json\/wp\/v2\/tags?post=298720"}],"curies":[{"name":"wp","href":"https:\/\/api.w.org\/{rel}","templated":true}]}}