{"id":298730,"date":"2025-08-05T19:06:14","date_gmt":"2025-08-05T19:06:14","guid":{"rendered":"https:\/\/www.europesays.com\/fr\/298730\/"},"modified":"2025-08-05T19:06:14","modified_gmt":"2025-08-05T19:06:14","slug":"europe-russie-de-jeunes-catholiques-russes-en-pelerinage-desperance-entre-moscou-et-rome","status":"publish","type":"post","link":"https:\/\/www.europesays.com\/fr\/298730\/","title":{"rendered":"EUROPE\/RUSSIE &#8211; De jeunes catholiques russes en p\u00e8lerinage d&rsquo;esp\u00e9rance entre Moscou et Rome"},"content":{"rendered":"<p>\n\t\t\tEUROPE\/RUSSIE &#8211; De jeunes catholiques russes en p\u00e8lerinage d&rsquo;esp\u00e9rance entre Moscou et Rome<\/p>\n<p>&#13;<br \/>\n\t\t\t\tmardi,  5 ao\u00fbt 2025 \t\t\t\t&#13;<br \/>\n\t\t\t\t\t\t\t\t&#13;<br \/>\n\t\t\t\t&#13;\n\t\t\t<\/p>\n<p>\t\t\t\t\t<img decoding=\"async\" src=\"https:\/\/www.europesays.com\/fr\/wp-content\/uploads\/2025\/08\/primopiano_20649.jpg\" class=\"img-responsive\" alt=\"\"\/>\t\t\t\t\t<\/p>\n<p style=\"font-size:9px\">photo Ol&rsquo;ga Dubjagina<\/p>\n<p style=\"font-size:1.2em;\">par Chiara Dommarco<\/p>\n<p>Moscou\/Rome (Agence Fides) \u2013 \u00ab Il y a des endroits d\u2019o\u00f9 les jeunes n\u2019ont pas pu venir, pour les raisons que nous connaissons \u00bb, a d\u00e9clar\u00e9 le Pape L\u00e9on \u00e0 Tor Vergata \u00e0 la fin du Jubil\u00e9 des jeunes. Cela vaut \u00e9galement pour de nombreux jeunes catholiques russes, en raison de l\u2019augmentation sensible du co\u00fbt des voyages et des difficult\u00e9s bureaucratiques. Mais leur d\u00e9sir de participer aux \u00e9v\u00e9nements de cette ann\u00e9e jubilaire \u00e9tait trop fort. Ainsi, 90 jeunes p\u00e8lerins de l&rsquo;espoir se sont retrouv\u00e9s \u00e0 Moscou du 23 au 27 juillet, tandis que deux d&rsquo;entre eux se sont envol\u00e9s pour Rome, pour le Jubil\u00e9 des influenceurs (28-29 juillet).<br \/>&#13;<br \/>\nLes jeunes rassembl\u00e9s dans la capitale russe venaient de diff\u00e9rentes villes de l&rsquo;archidioc\u00e8se de la M\u00e8re de Dieu et certains m\u00eame des dioc\u00e8ses suffragants de Saint-Cl\u00e9ment et Saint-Joseph. R\u00e9partis en trois groupes, les p\u00e8lerins ont parcouru \u00e0 pied les rues de Moscou, visitant tour \u00e0 tour les trois paroisses catholiques de la ville et se retrouvant le soir \u00e0 la cath\u00e9drale pour participer ensemble \u00e0 la liturgie eucharistique et partager leur exp\u00e9rience de la journ\u00e9e, accompagn\u00e9s par l&rsquo;\u00e9v\u00eaque Nikolaj Dubinin. \u00ab Nous voulions que les jeunes puissent d\u00e9couvrir la richesse culturelle et les caract\u00e9ristiques particuli\u00e8res de chaque paroisse et r\u00e9alit\u00e9 catholique de la capitale, car tous n&rsquo;ont pas la possibilit\u00e9, l\u00e0 o\u00f9 ils vivent, d&rsquo;entrer en contact avec des communaut\u00e9s vivantes, des monast\u00e8res et des couvents catholiques \u00bb, a expliqu\u00e9 \u00e0 Fides Roman Andreev, responsable des activit\u00e9s pour les jeunes de l&rsquo;archidioc\u00e8se. Au cours de diverses rencontres, les p\u00e8lerins ont d\u00e9couvert la spiritualit\u00e9 franciscaine, sal\u00e9sienne, de l&rsquo;Opus Dei et de Verbum Dei, ont visit\u00e9 l&rsquo;Institut Saint-Thomas, dirig\u00e9 par les j\u00e9suites, le couvent des Missionnaires de la Charit\u00e9 et ont appris l&rsquo;histoire des communaut\u00e9s de rite grec-catholique. \u00ab Nous avons pu nous sentir nous aussi p\u00e8lerins de l&rsquo;esp\u00e9rance et partie int\u00e9grante de l&rsquo;\u00c9glise universelle. De retour chez nous, nous emporterons avec nous cette \u00e9tincelle d&rsquo;esp\u00e9rance, dans nos communaut\u00e9s et dans tout le pays \u00bb, a ajout\u00e9 Roman.<br \/>&#13;<br \/>\nLiza et Andrej, quant \u00e0 eux, n&rsquo;\u00e9taient pas avec les autres jeunes : ils ont pris l&rsquo;avion pour Rome, en tant que repr\u00e9sentants des m\u00e9dias de la cath\u00e9drale catholique de Moscou, pour participer au Jubil\u00e9 des Missionnaires Num\u00e9riques et des Influenceurs, aux c\u00f4t\u00e9s de plus de 1 000 cr\u00e9ateurs venus de 76 pays et de plusieurs milliers d&rsquo;autres connect\u00e9s en ligne.<br \/>&#13;<br \/>\n\u00ab Ce qui m&rsquo;aura le plus marqu\u00e9, a d\u00e9clar\u00e9 Andrej \u00e0 l&rsquo;Agence Fides, c&rsquo;est l&rsquo;incroyable unit\u00e9 de l&rsquo;\u00c9glise universelle, que nous avons pu constater ces derniers jours. Des milliers de visages souriants provenant de dizaines de pays diff\u00e9rents, qui chantaient des hymnes au Dieu unique. Pour des catholiques issus d&rsquo;une petite communaut\u00e9 russe, c&rsquo;est une exp\u00e9rience incroyable \u00bb.<br \/>&#13;<br \/>\nAu cours de ces deux journ\u00e9es riches en \u00e9v\u00e9nements, les cr\u00e9ateurs de contenu ont particip\u00e9 \u00e0 la messe, \u00e0 l&rsquo;adoration eucharistique, ont consacr\u00e9 leur mission \u00e0 la Vierge Marie dans les jardins du Vatican, ont discut\u00e9 en groupes de travail, ont visit\u00e9 le Palais apostolique et ont re\u00e7u la visite surprise du Pape L\u00e9on.<br \/>&#13;<br \/>\n\u00ab Chaque fois que je pensais : \u00ab Il n&rsquo;y a rien de mieux que ce que je vis actuellement \u00bb, quelque chose d&rsquo;encore plus surprenant se produisait \u00bb, nous a racont\u00e9 Liza. \u00ab L&rsquo;un des moments les plus forts pour moi a \u00e9t\u00e9 l&rsquo;adoration eucharistique : imaginez la basilique Saint-Pierre rien que pour nous (les influenceurs, NdA), en pr\u00e9sence de J\u00e9sus. Et m\u00eame si nous venions de pays diff\u00e9rents et parlions des langues diff\u00e9rentes, nous \u00e9tions unis par la m\u00eame foi en Christ. Ce fut un moment d&rsquo;une beaut\u00e9 unique, o\u00f9 j&rsquo;ai exp\u00e9riment\u00e9 l&rsquo;unit\u00e9 et la proximit\u00e9 de Dieu, son amour et sa mis\u00e9ricorde \u00bb.\u201d.<br \/>&#13;<br \/>\nUn jubil\u00e9 pour ceux qui d\u00e9cident de mettre leur talent social au service des autres, non pas dans le but d&rsquo;\u00eatre populaires, mais dans le but de cr\u00e9er des contenus pour rapprocher les jeunes et les moins jeunes de Dieu. Et Liza et Andrej ont voulu essayer, malgr\u00e9 les difficult\u00e9s. \u00ab Lorsque nous avons d\u00e9cid\u00e9 de venir ici (\u00e0 Rome, NdA), nous l&rsquo;avons fait parce que nous voulions rencontrer d&rsquo;autres missionnaires num\u00e9riques de pays o\u00f9 la voix de l&rsquo;\u00c9glise catholique est faible et, par hasard, nous avons rencontr\u00e9 Daniel, un jeune catholique de Tokyo. En \u00e9coutant son histoire, nous avons compris que la situation des catholiques en Russie est, \u00e0 certains \u00e9gards, tr\u00e8s similaire \u00e0 celle des catholiques au Japon : beaucoup de probl\u00e8mes et beaucoup d&rsquo;espoirs en commun \u00bb. \u00ab Nous avons \u00e9t\u00e9 tr\u00e8s inspir\u00e9s par des jeunes talentueux du monde entier, a conclu Liza, et nous rentrons chez nous avec le grand d\u00e9sir de nous mettre au travail et de transmettre aux autres ce que nous avons v\u00e9cu et appris \u00bb.<br \/>&#13;<br \/>\nLa province eccl\u00e9siastique de l&rsquo;\u00c9glise catholique en Russie est constitu\u00e9e de l&rsquo;archidioc\u00e8se de la M\u00e8re de Dieu \u00e0 Moscou et de ses trois dioc\u00e8ses suffragants : le dioc\u00e8se de Saint-Cl\u00e9ment \u00e0 Saratov, celui de Saint-Joseph \u00e0 Irkoutsk et celui de la Transfiguration \u00e0 Novossibirsk. Les catholiques repr\u00e9sentent moins de 1 % de la population totale de la F\u00e9d\u00e9ration de Russie : il s&rsquo;agit pour la plupart de petites ou tr\u00e8s petites communaut\u00e9s, qui ne voient parfois qu&rsquo;un pr\u00eatre assez rarement au cours de l&rsquo;ann\u00e9e. (Agence Fides 5\/8\/2025)<\/p>\n<p><\/p>\n<p>\t\t\tPartager:<\/p>\n","protected":false},"excerpt":{"rendered":"EUROPE\/RUSSIE &#8211; De jeunes catholiques russes en p\u00e8lerinage d&rsquo;esp\u00e9rance entre Moscou et Rome &#13; mardi, 5 ao\u00fbt 2025&hellip;\n","protected":false},"author":2,"featured_media":298731,"comment_status":"","ping_status":"","sticky":false,"template":"","format":"standard","meta":{"footnotes":""},"categories":[1591],"tags":[11,1887,12,1885,1886,132],"class_list":{"0":"post-298730","1":"post","2":"type-post","3":"status-publish","4":"format-standard","5":"has-post-thumbnail","7":"category-russie","8":"tag-actualites","9":"tag-federation-de-russie","10":"tag-news","11":"tag-russia","12":"tag-russian-federation","13":"tag-russie"},"share_on_mastodon":{"url":"https:\/\/pubeurope.com\/@fr\/114977727250159714","error":""},"_links":{"self":[{"href":"https:\/\/www.europesays.com\/fr\/wp-json\/wp\/v2\/posts\/298730","targetHints":{"allow":["GET"]}}],"collection":[{"href":"https:\/\/www.europesays.com\/fr\/wp-json\/wp\/v2\/posts"}],"about":[{"href":"https:\/\/www.europesays.com\/fr\/wp-json\/wp\/v2\/types\/post"}],"author":[{"embeddable":true,"href":"https:\/\/www.europesays.com\/fr\/wp-json\/wp\/v2\/users\/2"}],"replies":[{"embeddable":true,"href":"https:\/\/www.europesays.com\/fr\/wp-json\/wp\/v2\/comments?post=298730"}],"version-history":[{"count":0,"href":"https:\/\/www.europesays.com\/fr\/wp-json\/wp\/v2\/posts\/298730\/revisions"}],"wp:featuredmedia":[{"embeddable":true,"href":"https:\/\/www.europesays.com\/fr\/wp-json\/wp\/v2\/media\/298731"}],"wp:attachment":[{"href":"https:\/\/www.europesays.com\/fr\/wp-json\/wp\/v2\/media?parent=298730"}],"wp:term":[{"taxonomy":"category","embeddable":true,"href":"https:\/\/www.europesays.com\/fr\/wp-json\/wp\/v2\/categories?post=298730"},{"taxonomy":"post_tag","embeddable":true,"href":"https:\/\/www.europesays.com\/fr\/wp-json\/wp\/v2\/tags?post=298730"}],"curies":[{"name":"wp","href":"https:\/\/api.w.org\/{rel}","templated":true}]}}