{"id":298734,"date":"2025-08-05T19:08:11","date_gmt":"2025-08-05T19:08:11","guid":{"rendered":"https:\/\/www.europesays.com\/fr\/298734\/"},"modified":"2025-08-05T19:08:11","modified_gmt":"2025-08-05T19:08:11","slug":"le-rwanda-va-accueillir-250-migrants-expulses-des-etats-unis-dw-05-08-2025","status":"publish","type":"post","link":"https:\/\/www.europesays.com\/fr\/298734\/","title":{"rendered":"Le Rwanda va accueillir 250 migrants expuls\u00e9s des \u00c9tats-Unis \u2013 DW \u2013 05\/08\/2025"},"content":{"rendered":"<p>C\u2019est la porte-parole du gouvernement <a class=\"internal-link\" href=\"https:\/\/www.dw.com\/fr\/rwanda\/t-19313992\" rel=\"nofollow noopener\" target=\"_blank\">rwandais<\/a>, Yolande Makolo, qui a r\u00e9v\u00e9l\u00e9 ce mardi le contenu de <a class=\"internal-link\" href=\"https:\/\/www.dw.com\/fr\/les-etats-unis-veulent-expulser-des-migrants-vers-le-rwanda\/a-72442070\" rel=\"nofollow noopener\" target=\"_blank\">l\u2019accord conclu<\/a> avec les <a class=\"internal-link\" href=\"https:\/\/www.dw.com\/fr\/etats-unis\/t-19319665\" rel=\"nofollow noopener\" target=\"_blank\">Etats-Unis<\/a>.<\/p>\n<p>Pour Yolande Makolo, cet accord est en partie li\u00e9 \u00e0 l\u2019exp\u00e9rience historique du Rwanda en mati\u00e8re de d\u00e9placement.<\/p>\n<p>\u00ab\u00a0Le Rwanda a convenu avec les <a class=\"internal-link\" href=\"https:\/\/www.dw.com\/fr\/donald-trump\/t-71293755\" rel=\"nofollow noopener\" target=\"_blank\">\u00c9tats-Unis<\/a> d\u2019accepter jusqu\u2019\u00e0 250\u00a0migrants, en partie parce que presque toutes les familles rwandaises ont connu les difficult\u00e9s du d\u00e9placement et que nos valeurs soci\u00e9tales sont fond\u00e9es sur la r\u00e9int\u00e9gration et la r\u00e9habilitation\u00a0\u00bb, a d\u00e9clar\u00e9 la porte-parole du gouvernement rwandais.\u00a0<\/p>\n<p>\u00ab\u00a0Les personnes accept\u00e9es au Rwanda b\u00e9n\u00e9ficieront d\u2019une formation professionnelle, de soins de sant\u00e9 et d\u2019une aide \u00e0 l\u2019h\u00e9bergement pour red\u00e9marrer leur vie au Rwanda avec l\u2019appui financier des Etats-Unis\u00a0\u00bb, a-t-elle ajout\u00e9.<\/p>\n<p>Les \u00c9tats-Unis fourniront \u00e9galement un soutien financier au Rwanda sous forme de subvention.<\/p>\n<p>Kigali veut devenir une\u00a0terre d&rsquo;accueil de migrants<\/p>\n<p>Une source rwandaise s\u2019exprimant sous le sceau de l\u2019anonymat, a indiqu\u00e9 que Washington avait d\u00e9j\u00e0 transmis aux autorit\u00e9s rwandaises une premi\u00e8re liste de dix\u00a0noms.<\/p>\n<p>Washington a lanc\u00e9 ces derniers mois une vaste campagne d&rsquo;expulsions, n\u00e9gociant des arrangements tr\u00e8s controvers\u00e9s pour envoyer des migrants pr\u00e9sents sur son sol, vers d\u2019autres pays.<\/p>\n<p>Kigali pour sa part, mise sur cet accord pour renforcer ses partenariats strat\u00e9giques et affirmer son r\u00f4le croissant sur la sc\u00e8ne diplomatique.\u00a0<\/p>\n<p>Le Rwanda, pays en pleine croissance \u00e9conomique et r\u00e9put\u00e9 pour sa stabilit\u00e9 politique, s\u2019impose de plus en plus comme un acteur majeur dans la gestion des migrations. Kigali multiplie de ce fait\u00a0les accords bilat\u00e9raux pour accueillir migrants et demandeurs d\u2019asile.<\/p>\n<p>Un accord du m\u00eame genre avait \u00e9t\u00e9 sign\u00e9 en 2022 entre le Rwanda et le Royaume-Uni, <a class=\"internal-link\" href=\"https:\/\/www.dw.com\/fr\/londres-tient-sa-loi-pour-expulser-des-migrants-vers-le-rwanda\/a-68902334\" rel=\"nofollow noopener\" target=\"_blank\">mais finalement annul\u00e9 en 2024<\/a> par le nouveau gouvernement britannique apr\u00e8s avoir g\u00e9n\u00e9r\u00e9 d&rsquo;intenses pol\u00e9miques.<\/p>\n<p>Le Rwanda est cependant critiqu\u00e9 pour son bilan en mati\u00e8re de droits humains et fait face ces derniers mois \u00e0 une pression croissante concernant son implication <a class=\"internal-link\" href=\"https:\/\/www.dw.com\/fr\/sud-kivu-nord-kivu\/t-71298959\" rel=\"nofollow noopener\" target=\"_blank\">dans un conflit en R\u00e9publique d\u00e9mocratique du Congo<\/a>.<br \/>\u00a0<\/p>\n","protected":false},"excerpt":{"rendered":"C\u2019est la porte-parole du gouvernement rwandais, Yolande Makolo, qui a r\u00e9v\u00e9l\u00e9 ce mardi le contenu de l\u2019accord conclu&hellip;\n","protected":false},"author":2,"featured_media":298735,"comment_status":"","ping_status":"","sticky":false,"template":"","format":"standard","meta":{"footnotes":""},"categories":[1589],"tags":[11,73,1866,12,1864,1865,1863,308],"class_list":{"0":"post-298734","1":"post","2":"type-post","3":"status-publish","4":"format-standard","5":"has-post-thumbnail","7":"category-etats-unis","8":"tag-actualites","9":"tag-etats-unis","10":"tag-etats-unis-damerique","11":"tag-news","12":"tag-united-states","13":"tag-united-states-of-america","14":"tag-us","15":"tag-usa"},"share_on_mastodon":{"url":"https:\/\/pubeurope.com\/@fr\/114977734919614221","error":""},"_links":{"self":[{"href":"https:\/\/www.europesays.com\/fr\/wp-json\/wp\/v2\/posts\/298734","targetHints":{"allow":["GET"]}}],"collection":[{"href":"https:\/\/www.europesays.com\/fr\/wp-json\/wp\/v2\/posts"}],"about":[{"href":"https:\/\/www.europesays.com\/fr\/wp-json\/wp\/v2\/types\/post"}],"author":[{"embeddable":true,"href":"https:\/\/www.europesays.com\/fr\/wp-json\/wp\/v2\/users\/2"}],"replies":[{"embeddable":true,"href":"https:\/\/www.europesays.com\/fr\/wp-json\/wp\/v2\/comments?post=298734"}],"version-history":[{"count":0,"href":"https:\/\/www.europesays.com\/fr\/wp-json\/wp\/v2\/posts\/298734\/revisions"}],"wp:featuredmedia":[{"embeddable":true,"href":"https:\/\/www.europesays.com\/fr\/wp-json\/wp\/v2\/media\/298735"}],"wp:attachment":[{"href":"https:\/\/www.europesays.com\/fr\/wp-json\/wp\/v2\/media?parent=298734"}],"wp:term":[{"taxonomy":"category","embeddable":true,"href":"https:\/\/www.europesays.com\/fr\/wp-json\/wp\/v2\/categories?post=298734"},{"taxonomy":"post_tag","embeddable":true,"href":"https:\/\/www.europesays.com\/fr\/wp-json\/wp\/v2\/tags?post=298734"}],"curies":[{"name":"wp","href":"https:\/\/api.w.org\/{rel}","templated":true}]}}