{"id":298736,"date":"2025-08-05T19:09:10","date_gmt":"2025-08-05T19:09:10","guid":{"rendered":"https:\/\/www.europesays.com\/fr\/298736\/"},"modified":"2025-08-05T19:09:10","modified_gmt":"2025-08-05T19:09:10","slug":"le-maroc-fete-son-roi-et-le-royaume-uni-celebre-lamour","status":"publish","type":"post","link":"https:\/\/www.europesays.com\/fr\/298736\/","title":{"rendered":"Le Maroc f\u00eate son roi et le Royaume-Uni c\u00e9l\u00e8bre l&rsquo;amour"},"content":{"rendered":"<p>St\u00e9phane Bern commente l&rsquo;actualit\u00e9 royale de ce d\u00e9but du mois d&rsquo;ao\u00fbt.<\/p>\n<p>Pour le 26e anniversaire de son r\u00e8gne, le roi du Maroc, Mohammed VI, a choisi de c\u00e9l\u00e9brer la f\u00eate du tr\u00f4ne \u00e0 M\u2019diq, la ville c\u00f4ti\u00e8re \u2013 et touristique \u2013 pr\u00e8s de T\u00e9touan, dans le nord du royaume ch\u00e9rifien. Le souverain alaouite \u00e9tait accompagn\u00e9 de son fils, le prince h\u00e9ritier Moulay Hassan, 22 ans \u2013 qui, pour l\u2019occasion, a \u00e9t\u00e9 promu au grade de colonel-major des forces arm\u00e9es marocaines \u2013, de son fr\u00e8re, le prince Moulay Rachid, et des plus hautes autorit\u00e9s de l\u2019\u00c9tat qui ont salu\u00e9 le roi, comme le veut la coutume. La c\u00e9r\u00e9monie d\u2019all\u00e9geance s\u2019est poursuivie le lendemain \u00e0 T\u00e9touan, o\u00f9 les walis et gouverneurs des wilayas du royaume ont pr\u00eat\u00e9 all\u00e9geance au commandeur des croyants.<\/p>\n<p>    La suite apr\u00e8s cette publicit\u00e9<\/p>\n<p>\u00c0 M\u2019diq, le roi Mohammed\u00a0VI a re\u00e7u les v\u0153ux chaleureux du chef du gouvernement, Aziz Akhannouch, du pr\u00e9sident de la chambre des repr\u00e9sentants, Rachid Talbi Alami, et du pr\u00e9sident de la chambre des conseillers, Mohamed Ould Errachid, puis ceux des forces vives de la nation, des repr\u00e9sentants de l\u2019arm\u00e9e, des doyens du corps diplomatique, des dignitaires du pouvoir judiciaire et des autorit\u00e9s religieuses, dont Mgr Emilio Rocha Grande, archev\u00eaque de Tanger, ou Yossef Israel, le grand rabbin de Casablanca. Plus \u00e9tonnant, le roi a \u00e9t\u00e9 salu\u00e9 par le pr\u00e9sident de la Fifa, Gianni Infantino, et le pr\u00e9sident de la F\u00e9d\u00e9ration royale marocaine de football, Fouzi Lekjaa, accompagn\u00e9s par les membres de la s\u00e9lection nationale f\u00e9minine de football qui ont r\u00e9alis\u00e9 un brillant parcours lors de la Coupe d\u2019Afrique des nations f\u00e9minine 2024. Le roi Mohammed VI a pos\u00e9 pour une photo souvenir avec les Lionnes de l\u2019Atlas.<\/p>\n<p>Un nouveau \u00ab Summer of Love \u00bb<\/p>\n<p>    <img decoding=\"async\" src=\"https:\/\/www.europesays.com\/fr\/wp-content\/uploads\/2025\/08\/spencer.jpg\" alt=\"Channing Millerd et lady Eliza Spencer, lors de leurs fian\u00e7ailles, \u00e0 Santorin, le 31 juillet.\" loading=\"lazy\"\/><\/p>\n<p>\n      Channing Millerd et lady Eliza Spencer, lors de leurs fian\u00e7ailles, \u00e0 Santorin, le 31 juillet.<\/p>\n<p>                                \u00a9 DR<\/p>\n<p>L\u2019\u00e9t\u00e9 est aux fian\u00e7ailles au Royaume-Uni, o\u00f9 l\u2019une des ni\u00e8ces de Diana, lady Eliza Spencer, vient d\u2019annoncer sur Instagram que son petit ami, Channing Millerd, avait franchi le pas apr\u00e8s neuf ans de relation et fait sa demande en bonne et due forme, un genou au sol, dans le d\u00e9cor idyllique de l\u2019\u00eele cycladique de Santorin. La fille de Charles, comte Spencer, et de Victoria Lockwood, premi\u00e8re \u00e9pouse du comte, rejoint ainsi sa jumelle, lady Amelia, mari\u00e9e au coach sud-africain Greg Mallett, et sa s\u0153ur a\u00een\u00e9e, lady Kitty Spencer, qui a \u00e9pous\u00e9 l\u2019homme d\u2019affaires sud-africain Michael Lewis en 2021. Mais la famille royale se r\u00e9jouit surtout du prochain mariage de l\u2019autre cousin germain du prince William, Peter Phillips, le fils de la princesse Anne, avec Harriet Sperling, une infirmi\u00e8re p\u00e9diatrique du NHS. Le petit-fils a\u00een\u00e9 de la reine Elizabeth II s\u2019\u00e9tait mari\u00e9 en 2008 avec la Canadienne Autumn Kelly, dont il a eu deux filles, Savannah (2010) et Isla (2012), avant de divorcer, en juin 2021.<\/p>\n<p>Une \u00e9preuve initiatique<\/p>\n<p>L\u2019agence de la maison imp\u00e9riale du Japon a lev\u00e9 le voile sur les c\u00e9r\u00e9monies qui marqueront la majorit\u00e9 du prince Hisahito, neveu de l\u2019empereur et futur h\u00e9ritier du tr\u00f4ne du chrysanth\u00e8me, repouss\u00e9es jusqu\u2019\u00e0 son 19e anniversaire en raison de ses \u00e9tudes. Il sera le h\u00e9ros d\u00e8s le 6 septembre d\u2019une c\u00e9r\u00e9monie de couronnement traditionnelle, dite \u00abKakan-no-Gi \u00bb, au cours de laquelle il sera coiff\u00e9 du kanmuri et rev\u00eatira le sokutai, marquant son entr\u00e9e dans l\u2019\u00e2ge adulte. Apr\u00e8s s\u2019\u00eatre recueilli dans les sanctuaires de ses anc\u00eatres, l\u2019empereur Naruhito le recevra en costume occidental et lui remettra le grand cordon de l\u2019ordre du Chrysanth\u00e8me. Il devra affronter quatre jours de festivit\u00e9s, v\u00e9ritable \u00e9preuve initiatique pour le jeune prince !<\/p>\n","protected":false},"excerpt":{"rendered":"St\u00e9phane Bern commente l&rsquo;actualit\u00e9 royale de ce d\u00e9but du mois d&rsquo;ao\u00fbt. Pour le 26e anniversaire de son r\u00e8gne,&hellip;\n","protected":false},"author":2,"featured_media":298737,"comment_status":"","ping_status":"","sticky":false,"template":"","format":"standard","meta":{"footnotes":""},"categories":[1588],"tags":[11,1777,674,12,473,1853,1851,1850,1852],"class_list":{"0":"post-298736","1":"post","2":"type-post","3":"status-publish","4":"format-standard","5":"has-post-thumbnail","7":"category-royaume-uni","8":"tag-actualites","9":"tag-eu","10":"tag-europe","11":"tag-news","12":"tag-royaume-uni","13":"tag-royaume-uni-de-grande-bretagne-et-dirlande-du-nord","14":"tag-uk","15":"tag-united-kingdom","16":"tag-united-kingdom-of-great-britain-and-northern-ireland"},"share_on_mastodon":{"url":"https:\/\/pubeurope.com\/@fr\/114977739029431791","error":""},"_links":{"self":[{"href":"https:\/\/www.europesays.com\/fr\/wp-json\/wp\/v2\/posts\/298736","targetHints":{"allow":["GET"]}}],"collection":[{"href":"https:\/\/www.europesays.com\/fr\/wp-json\/wp\/v2\/posts"}],"about":[{"href":"https:\/\/www.europesays.com\/fr\/wp-json\/wp\/v2\/types\/post"}],"author":[{"embeddable":true,"href":"https:\/\/www.europesays.com\/fr\/wp-json\/wp\/v2\/users\/2"}],"replies":[{"embeddable":true,"href":"https:\/\/www.europesays.com\/fr\/wp-json\/wp\/v2\/comments?post=298736"}],"version-history":[{"count":0,"href":"https:\/\/www.europesays.com\/fr\/wp-json\/wp\/v2\/posts\/298736\/revisions"}],"wp:featuredmedia":[{"embeddable":true,"href":"https:\/\/www.europesays.com\/fr\/wp-json\/wp\/v2\/media\/298737"}],"wp:attachment":[{"href":"https:\/\/www.europesays.com\/fr\/wp-json\/wp\/v2\/media?parent=298736"}],"wp:term":[{"taxonomy":"category","embeddable":true,"href":"https:\/\/www.europesays.com\/fr\/wp-json\/wp\/v2\/categories?post=298736"},{"taxonomy":"post_tag","embeddable":true,"href":"https:\/\/www.europesays.com\/fr\/wp-json\/wp\/v2\/tags?post=298736"}],"curies":[{"name":"wp","href":"https:\/\/api.w.org\/{rel}","templated":true}]}}