{"id":298738,"date":"2025-08-05T19:10:11","date_gmt":"2025-08-05T19:10:11","guid":{"rendered":"https:\/\/www.europesays.com\/fr\/298738\/"},"modified":"2025-08-05T19:10:11","modified_gmt":"2025-08-05T19:10:11","slug":"rebond-du-marche-automobile-en-juillet-porte-par-lelectrique","status":"publish","type":"post","link":"https:\/\/www.europesays.com\/fr\/298738\/","title":{"rendered":"rebond du march\u00e9 automobile en juillet, port\u00e9 par l&rsquo;\u00e9lectrique"},"content":{"rendered":"<p style=\"text-align:\">Le march\u00e9 automobile allemand a retrouv\u00e9 des couleurs en juillet, soutenu par la progression continue des ventes de voitures \u00e9lectriques, mais sans masquer une situation encore fragile du secteur.<\/p>\n<p><a href=\"https:\/\/lecourrier.vn\/les-ventes-de-voitures-electriques-ont-progresse-de-25-dans-le-monde-en-2024\/1275972.html\" title=\"Les ventes de voitures \u00e9lectriques ont progress\u00e9 de 25% dans le monde en 2024\" target=\"_blank\" rel=\"noopener\">&gt;&gt; Les ventes de voitures \u00e9lectriques ont progress\u00e9 de 25% dans le monde en 2024<\/a><\/p>\n<p><a href=\"https:\/\/lecourrier.vn\/le-chinois-byd-cree-un-systeme-de-recharge-ultra-rapide-pour-ses-voitures-electriques\/1279480.html\" title=\"Le chinois BYD cr\u00e9\u00e9 un syst\u00e8me de recharge ultra-rapide pour ses voitures \u00e9lectriques\" target=\"_blank\" rel=\"noopener\">&gt;&gt; Le chinois BYD cr\u00e9\u00e9 un syst\u00e8me de recharge ultra-rapide pour ses voitures \u00e9lectriques<\/a><\/p>\n<p><a href=\"https:\/\/lecourrier.vn\/voitures-electriques-les-ventes-continueront-a-croitre-prevoit-lagence-de-lenergie\/1283057.html\" title=\"Voitures \u00e9lectriques : les ventes continueront \u00e0 cro\u00eetre, pr\u00e9voit l&#039;Agence de l&#039;\u00e9nergie\" target=\"_blank\" rel=\"noopener\">&gt;&gt; Voitures \u00e9lectriques : les ventes continueront \u00e0 cro\u00eetre, pr\u00e9voit l&rsquo;Agence de l&rsquo;\u00e9nergie<\/a><\/p>\n<tr>\n<td class=\"pic\"><img decoding=\"async\" class=\"lazyload\" src=\"https:\/\/www.europesays.com\/fr\/wp-content\/uploads\/2025\/08\/202749-3.webp.webp\" alt=\"\"\/><\/td>\n<\/tr>\n<tr>\n<td class=\"caption\">Au total, plus de 264.000 voitures particuli\u00e8res ont \u00e9t\u00e9 immatricul\u00e9es en Allemagne en juillet,<\/td>\n<\/tr>\n<tr align=\"right\">\n<td class=\"author\">Photo : AFP\/VNA\/CVN<\/td>\n<\/tr>\n<p style=\"text-align:left\">Au total, 264.802 voitures particuli\u00e8res ont \u00e9t\u00e9 immatricul\u00e9es en Allemagne en juillet, soit 11% de plus qu&rsquo;un an plus t\u00f4t, a indiqu\u00e9 mardi 5 ao\u00fbt l&rsquo;Agence f\u00e9d\u00e9rale pour l&rsquo;automobile (KBA).<\/p>\n<p style=\"text-align:left\">En cumul depuis janvier, les immatriculations restent toutefois en recul de 2,5%, soulignant la mollesse persistante du march\u00e9 automobile dans la premi\u00e8re \u00e9conomie europ\u00e9enne.<\/p>\n<p style=\"text-align:left\">\u00ab\u00a0Les particuliers comme les entreprises reportent leurs achats face \u00e0 une \u00e9conomie affaiblie et des perspectives tr\u00e8s incertaines\u00a0\u00bb, a d\u00e9clar\u00e9 Constantin M. Gall, analyste chez EY.<\/p>\n<p style=\"text-align:left\">La progression en juillet s&rsquo;explique en partie par un effet de base : de nouvelles r\u00e8gles europ\u00e9ennes d&rsquo;homologation \u00e9taient entr\u00e9es en vigueur en juillet de l&rsquo;ann\u00e9e derni\u00e8re, ce qui avait conduit \u00e0 des immatriculations de mani\u00e8re anticip\u00e9e en juin.<\/p>\n<p style=\"text-align:left\">Le march\u00e9 a \u00e9t\u00e9 port\u00e9 le mois dernier par la forte demande pour les SUV (+24%), le segment dominant du march\u00e9, et surtout par les motorisations 100% \u00e9lectriques, dont les ventes ont bondi de 58% sur un an.<\/p>\n<p style=\"text-align:left\">Les immatriculations dans ce segment ont repr\u00e9sent\u00e9 18,4% du total des voitures vendues, soit le m\u00eame niveau qu&rsquo;en juin et que la moyenne observ\u00e9e en 2023, avant le plongeon de 2024, \u00e0 13,5%.<\/p>\n<p style=\"text-align:left\">Les voitures \u00e9lectriques confirment leur redressement, avec un septi\u00e8me mois cons\u00e9cutif de croissance, apr\u00e8s l&rsquo;effondrement des ventes en 2024, li\u00e9 \u00e0 la suppression brutale des aides publiques en d\u00e9cembre 2023.<\/p>\n<p style=\"text-align:left\">Exception notable : Tesla, dont les immatriculations ont chut\u00e9 de 55% sur un an en juillet, \u00e0 1.110 unit\u00e9s. Elles ne repr\u00e9sentent plus que 2,2% des ventes de voitures \u00e9lectriques pour le mois \u00e9coul\u00e9.<\/p>\n<p style=\"text-align:left\">Le recul se confirme mois apr\u00e8s mois, malgr\u00e9 la rupture brutale fin mai du patron de la marque Elon Musk avec Donald Trump, qui n&rsquo;a pas suffi \u00e0 redorer l\u2019image du constructeur, boycott\u00e9 dans plusieurs pays.<\/p>\n<p style=\"text-align:left\">\u00c0 l&rsquo;inverse, le num\u00e9ro 1 chinois BYD a \u00e9coul\u00e9 7.449 voitures en Allemagne au cours des sept premiers mois de l&rsquo;ann\u00e9e, soit une hausse spectaculaire de 420% sur un an.<\/p>\n<p style=\"text-align:right\"><b>AFP\/VNA\/CVN<\/b><\/p>\n","protected":false},"excerpt":{"rendered":"Le march\u00e9 automobile allemand a retrouv\u00e9 des couleurs en juillet, soutenu par la progression continue des ventes de&hellip;\n","protected":false},"author":2,"featured_media":298739,"comment_status":"","ping_status":"","sticky":false,"template":"","format":"standard","meta":{"footnotes":""},"categories":[1587],"tags":[11,672,1804,1805,1803,8722,1777,674,1801,25589,12,1802],"class_list":{"0":"post-298738","1":"post","2":"type-post","3":"status-publish","4":"format-standard","5":"has-post-thumbnail","7":"category-allemagne","8":"tag-actualites","9":"tag-allemagne","10":"tag-bundesrepublik-deutschland","11":"tag-de","12":"tag-deutschland","13":"tag-electrique","14":"tag-eu","15":"tag-europe","16":"tag-germany","17":"tag-marche-automobile","18":"tag-news","19":"tag-republique-federale-dallemagne"},"share_on_mastodon":{"url":"https:\/\/pubeurope.com\/@fr\/114977743033403206","error":""},"_links":{"self":[{"href":"https:\/\/www.europesays.com\/fr\/wp-json\/wp\/v2\/posts\/298738","targetHints":{"allow":["GET"]}}],"collection":[{"href":"https:\/\/www.europesays.com\/fr\/wp-json\/wp\/v2\/posts"}],"about":[{"href":"https:\/\/www.europesays.com\/fr\/wp-json\/wp\/v2\/types\/post"}],"author":[{"embeddable":true,"href":"https:\/\/www.europesays.com\/fr\/wp-json\/wp\/v2\/users\/2"}],"replies":[{"embeddable":true,"href":"https:\/\/www.europesays.com\/fr\/wp-json\/wp\/v2\/comments?post=298738"}],"version-history":[{"count":0,"href":"https:\/\/www.europesays.com\/fr\/wp-json\/wp\/v2\/posts\/298738\/revisions"}],"wp:featuredmedia":[{"embeddable":true,"href":"https:\/\/www.europesays.com\/fr\/wp-json\/wp\/v2\/media\/298739"}],"wp:attachment":[{"href":"https:\/\/www.europesays.com\/fr\/wp-json\/wp\/v2\/media?parent=298738"}],"wp:term":[{"taxonomy":"category","embeddable":true,"href":"https:\/\/www.europesays.com\/fr\/wp-json\/wp\/v2\/categories?post=298738"},{"taxonomy":"post_tag","embeddable":true,"href":"https:\/\/www.europesays.com\/fr\/wp-json\/wp\/v2\/tags?post=298738"}],"curies":[{"name":"wp","href":"https:\/\/api.w.org\/{rel}","templated":true}]}}