{"id":298742,"date":"2025-08-05T19:12:10","date_gmt":"2025-08-05T19:12:10","guid":{"rendered":"https:\/\/www.europesays.com\/fr\/298742\/"},"modified":"2025-08-05T19:12:10","modified_gmt":"2025-08-05T19:12:10","slug":"jai-eu-besoin-dune-petite-therapie-elodie-gossuin-encore-marquee-par-son-dernier-passage-dans-fort-boyard","status":"publish","type":"post","link":"https:\/\/www.europesays.com\/fr\/298742\/","title":{"rendered":"\u00ab\u00a0J\u2019ai eu besoin d\u2019une petite th\u00e9rapie\u00a0\u00bb : Elodie Gossuin encore marqu\u00e9e par son dernier passage dans Fort Boyard"},"content":{"rendered":"<p>Participer \u00e0 Fort Boyard n\u2019est pas pour les petites natures. Et \u00e7a, toutes les personnalit\u00e9s qui ont pu y participer peuvent en t\u00e9moigner. Entre les \u00e9preuves difficiles (prenant parfois place \u00e0 plusieurs m\u00e8tres du sol) et les animaux dangereux qui y sont pr\u00e9sents\u2026 Les stars qui ont eu l\u2019opportunit\u00e9 d\u2019y jouer (afin de r\u00e9colter des fonds pour des associations) n\u2019en sont pas toutes ressorties indemnes. Pour cause, ce mardi 5 ao\u00fbt, Elodie Gossuin   <a href=\"https:\/\/www.programme-television.org\/news\/tv\/actualites-audiovisuel\/elodie-gossuin-cash-sur-les-arrivees-de-cyril-hanouna-et-olivier-minne-chez-m6-4743737\" target=\"_self\" rel=\"nofollow noopener\">s\u2019est \u00e9panch\u00e9e sur ses nombreuses participations au c\u00e9l\u00e8bre jeu de France 2<\/a>. Selon ses dires, son 12e passage dans l\u2019\u00e9mission a \u00e9t\u00e9 v\u00e9ritablement traumatisant.<\/p>\n<p><a id=\"eztoc103257933_1\"\/>Elodie Gossuin revient sur son dernier passage dans Fort Boyard<\/p>\n<p>Ce mardi 5 ao\u00fbt, Elodie Gossuin \u00e9tait l\u2019invit\u00e9e de l\u2019\u00e9mission On refait la t\u00e9l\u00e9 sur RTL. Et \u00e0 l\u2019animateur, Eric Dussart, l\u2019ancienne reine de beaut\u00e9, s\u2019est souvenue de son dernier passage \u00e0 Fort Boyard. Et le moins que l\u2019on puisse dire, c\u2019est qu\u2019elle n\u2019en a pas gard\u00e9 un bon souvenir\u2026 \u00ab\u00a0Je me suis retrouv\u00e9e enferm\u00e9e dans un cercueil, dans le noir, des serpents vers\u00e9s sur moi&#8230; Et l\u00e0, vraiment, \u00e7a a \u00e9t\u00e9 un traumatisme, \u00e7a a dur\u00e9 une \u00e9ternit\u00e9. C&rsquo;\u00e9tait tr\u00e8s compliqu\u00e9 \u00e0 vivre\u00a0\u00bb, s\u2019est-elle souvenue. Avant d\u2019ajouter, sur les effets de cette \u00e9preuve : \u00ab\u00a0La derni\u00e8re fois, j\u2019ai eu besoin d\u2019une petite th\u00e9rapie quand m\u00eame, parce que c\u2019\u00e9tait la pire \u00e9preuve jamais v\u00e9cue \u00e0 Fort Boyard [&#8230;] J\u2019\u00e9tais mal, vraiment mal. Mais c\u2019est une th\u00e9rapie en soi, parce que tu te surprends \u00e0 te surpasser.\u00a0\u00bb<\/p>\n<p><a id=\"eztoc103257933_2\"\/>Elodie Gossuin pr\u00eate \u00e0 revenir dans Fort Boyard ? Elle r\u00e9pond !<\/p>\n<p>Mais si elle a \u00e9t\u00e9 marqu\u00e9e par son dernier passage \u00e0 Fort Boyard, Elodie Gossuin n\u2019est pourtant pas formellement oppos\u00e9e \u00e0 revenir un jour dans le programme. Fid\u00e8le \u00e0 ses engagements en faveur de l\u2019Unicef (dont elle est ambassadrice), l\u2019ancienne reine de beaut\u00e9 est pr\u00eate \u00e0 tout (et donc \u00e0 surmonter ses peurs) lorsqu\u2019il faut r\u00e9colter de l\u2019argent pour les enfants dans le besoin. \u00ab\u00a0Donc tu te dis, je n\u2019ai pas le droit de l\u00e2cher\u00a0\u00bb, a-t-elle poursuivi, avant d\u2019illustrer son propos : \u00ab\u00a0C\u2019est la seule fois et le seul endroit o\u00f9 j\u2019ai saut\u00e9 \u00e0 l\u2019\u00e9lastique. Jamais de ma vie, je ne sauterais \u00e0 l\u2019\u00e9lastique ailleurs qu\u2019\u00e0 Fort Boyard !\u00a0\u00bb<\/p>\n<blockquote class=\"twitter-tweet\" data-media-max-width=\"560\">\n<p lang=\"fr\" dir=\"ltr\"> \u26b0\ufe0f \u00ab\u00a0Je me suis retrouv\u00e9e enferm\u00e9e dans un cercueil, dans le noir, des serpents vers\u00e9s sur moi et l\u00e0 vraiment \u00e7a a \u00e9t\u00e9 un traumatisme, \u00e7a a dur\u00e9 une \u00e9ternit\u00e9\u00a0\u00bb. Dans <a href=\"https:\/\/twitter.com\/hashtag\/ORLTV?src=hash&amp;ref_src=twsrc%5Etfw\" rel=\"nofollow noopener\" target=\"_blank\">#ORLTV<\/a>, <a href=\"https:\/\/twitter.com\/Elodiegossuin?ref_src=twsrc%5Etfw\" rel=\"nofollow noopener\" target=\"_blank\">@Elodiegossuin<\/a> revient sur sa derni\u00e8re participation \u00e0 l&rsquo;\u00e9mission <a href=\"https:\/\/twitter.com\/FortBoyardFr?ref_src=twsrc%5Etfw\" rel=\"nofollow noopener\" target=\"_blank\">@FortBoyardFr<\/a> <a href=\"https:\/\/t.co\/u9stvIVmDJ\" rel=\"nofollow\">pic.twitter.com\/u9stvIVmDJ<\/a>\u2014 RTL France (@RTLFrance) <a href=\"https:\/\/twitter.com\/RTLFrance\/status\/1952708667251306714?ref_src=twsrc%5Etfw\" rel=\"nofollow noopener\" target=\"_blank\">August 5, 2025<\/a><\/p>\n<\/blockquote>\n<p>            <script async src=\"https:\/\/platform.twitter.com\/widgets.js\" charset=\"utf-8\"><\/script><\/p>\n","protected":false},"excerpt":{"rendered":"Participer \u00e0 Fort Boyard n\u2019est pas pour les petites natures. Et \u00e7a, toutes les personnalit\u00e9s qui ont pu&hellip;\n","protected":false},"author":2,"featured_media":298743,"comment_status":"","ping_status":"","sticky":false,"template":"","format":"standard","meta":{"footnotes":""},"categories":[1586],"tags":[11,1777,674,1779,1011,27,12,25,1778,364],"class_list":{"0":"post-298742","1":"post","2":"type-post","3":"status-publish","4":"format-standard","5":"has-post-thumbnail","7":"category-europe","8":"tag-actualites","9":"tag-eu","10":"tag-europe","11":"tag-european-union","12":"tag-fr","13":"tag-france","14":"tag-news","15":"tag-republique-francaise","16":"tag-ue","17":"tag-union-europeenne"},"share_on_mastodon":{"url":"https:\/\/pubeurope.com\/@fr\/114977750720144905","error":""},"_links":{"self":[{"href":"https:\/\/www.europesays.com\/fr\/wp-json\/wp\/v2\/posts\/298742","targetHints":{"allow":["GET"]}}],"collection":[{"href":"https:\/\/www.europesays.com\/fr\/wp-json\/wp\/v2\/posts"}],"about":[{"href":"https:\/\/www.europesays.com\/fr\/wp-json\/wp\/v2\/types\/post"}],"author":[{"embeddable":true,"href":"https:\/\/www.europesays.com\/fr\/wp-json\/wp\/v2\/users\/2"}],"replies":[{"embeddable":true,"href":"https:\/\/www.europesays.com\/fr\/wp-json\/wp\/v2\/comments?post=298742"}],"version-history":[{"count":0,"href":"https:\/\/www.europesays.com\/fr\/wp-json\/wp\/v2\/posts\/298742\/revisions"}],"wp:featuredmedia":[{"embeddable":true,"href":"https:\/\/www.europesays.com\/fr\/wp-json\/wp\/v2\/media\/298743"}],"wp:attachment":[{"href":"https:\/\/www.europesays.com\/fr\/wp-json\/wp\/v2\/media?parent=298742"}],"wp:term":[{"taxonomy":"category","embeddable":true,"href":"https:\/\/www.europesays.com\/fr\/wp-json\/wp\/v2\/categories?post=298742"},{"taxonomy":"post_tag","embeddable":true,"href":"https:\/\/www.europesays.com\/fr\/wp-json\/wp\/v2\/tags?post=298742"}],"curies":[{"name":"wp","href":"https:\/\/api.w.org\/{rel}","templated":true}]}}