{"id":298746,"date":"2025-08-05T19:14:11","date_gmt":"2025-08-05T19:14:11","guid":{"rendered":"https:\/\/www.europesays.com\/fr\/298746\/"},"modified":"2025-08-05T19:14:11","modified_gmt":"2025-08-05T19:14:11","slug":"donald-trump-menace-daugmenter-les-droits-de-douane-a-35-sur-les-produits-europeens","status":"publish","type":"post","link":"https:\/\/www.europesays.com\/fr\/298746\/","title":{"rendered":"Donald Trump menace d&rsquo;augmenter les droits de douane \u00e0 35% sur les produits europ\u00e9ens"},"content":{"rendered":"<p>\n  Par&amp;nbsp<b>euronews<\/b>\n<\/p>\n<p>\n         Publi\u00e9 le<br \/>\n            05\/08\/2025 &#8211; 19:10 UTC+2\n            <\/p>\n<p>          <img decoding=\"async\" class=\"c-ad__placeholder__logo\" src=\"https:\/\/static.euronews.com\/website\/images\/logos\/logo-euronews-stacked-outlined-72x72-grey-9.svg\" width=\"72\" height=\"72\" alt=\"\" loading=\"lazy\"\/><br \/>\n          PUBLICIT\u00c9<\/p>\n<p>Interrog\u00e9 dans l&rsquo;\u00e9mission Squawk de la cha\u00eene t\u00e9l\u00e9vis\u00e9e am\u00e9ricaine CNBC, Donald Trump a menac\u00e9 d&rsquo;appliquer des droits de douane am\u00e9ricains de 35% sur les exportations europ\u00e9ennes si Bruxelles n&rsquo;honorait pas son engagement d&rsquo;investir 600 milliards d&rsquo;euros aux \u00c9tats-Unis. <\/p>\n<p>Cet engagement a \u00e9t\u00e9 pris par la pr\u00e9sidente de la Commission, Ursula von der Leyen lors d&rsquo;une rencontre avec le pr\u00e9sident am\u00e9ricain en \u00c9cosse, au cours de laquelle <a href=\"https:\/\/fr.euronews.com\/my-europe\/2025\/07\/27\/lunion-europeenne-et-les-etats-unis-scellent-un-accord-commercial-evitant-une-guerre-tarif\" target=\"_blank\" rel=\"noopener\"><strong>les droits de douane am\u00e9ricains sur les produits en provenance de l&rsquo;UE avaient \u00e9t\u00e9 fix\u00e9 \u00e0 15%<\/strong><\/a>.<\/p>\n<p>Donald Trump affirme que la promesse d&rsquo;investissement faite par l&rsquo;UE est l&rsquo;une des raisons pour lesquelles il a d\u00e9cid\u00e9 de ramener les droits de douane \u00e0 ce taux.<\/p>\n<p>600 milliards d&rsquo;euros, un chiffre indicatif pour Bruxelles<\/p>\n<p>La Commission europ\u00e9enne n&rsquo;est pas en mesure de concevoir et de mettre en \u0153uvre des investissements au nom du secteur priv\u00e9. Les 600 milliards de dollars ont \u00e9t\u00e9 d\u00e9crits par Bruxelles comme une indication bas\u00e9e sur les contacts de l&rsquo;ex\u00e9cutif avec l&rsquo;industrie.<\/p>\n<p>\u00ab\u00a0Ce n&rsquo;est pas quelque chose que l&rsquo;UE, en tant qu&rsquo;autorit\u00e9 publique, peut garantir &#8211; c&rsquo;est quelque chose qui repose sur l&rsquo;intention des entreprises priv\u00e9es\u00a0\u00bb, a expliqu\u00e9 un haut fonctionnaire. <\/p>\n<p>La Commission europ\u00e9enne a suspendu mardi un ensemble de contre-mesures commerciales visant 93 milliards d&rsquo;euros de produits am\u00e9ricains, qui devaient entrer en vigueur le 7 ao\u00fbt, tout en continuant \u00e0 n\u00e9gocier l&rsquo;accord conclu en \u00c9cosse.<\/p>\n","protected":false},"excerpt":{"rendered":"Par&amp;nbspeuronews Publi\u00e9 le 05\/08\/2025 &#8211; 19:10 UTC+2 PUBLICIT\u00c9 Interrog\u00e9 dans l&rsquo;\u00e9mission Squawk de la cha\u00eene t\u00e9l\u00e9vis\u00e9e am\u00e9ricaine CNBC,&hellip;\n","protected":false},"author":2,"featured_media":298747,"comment_status":"","ping_status":"","sticky":false,"template":"","format":"standard","meta":{"footnotes":""},"categories":[2],"tags":[11,75,1011,27,12,25,35266,11342,2544],"class_list":{"0":"post-298746","1":"post","2":"type-post","3":"status-publish","4":"format-standard","5":"has-post-thumbnail","7":"category-actualites","8":"tag-actualites","9":"tag-donald-trump","10":"tag-fr","11":"tag-france","12":"tag-news","13":"tag-republique-francaise","14":"tag-trump-et-ses-taxes","15":"tag-ue-usa","16":"tag-ursula-von-der-leyen"},"share_on_mastodon":{"url":"https:\/\/pubeurope.com\/@fr\/114977758492236504","error":""},"_links":{"self":[{"href":"https:\/\/www.europesays.com\/fr\/wp-json\/wp\/v2\/posts\/298746","targetHints":{"allow":["GET"]}}],"collection":[{"href":"https:\/\/www.europesays.com\/fr\/wp-json\/wp\/v2\/posts"}],"about":[{"href":"https:\/\/www.europesays.com\/fr\/wp-json\/wp\/v2\/types\/post"}],"author":[{"embeddable":true,"href":"https:\/\/www.europesays.com\/fr\/wp-json\/wp\/v2\/users\/2"}],"replies":[{"embeddable":true,"href":"https:\/\/www.europesays.com\/fr\/wp-json\/wp\/v2\/comments?post=298746"}],"version-history":[{"count":0,"href":"https:\/\/www.europesays.com\/fr\/wp-json\/wp\/v2\/posts\/298746\/revisions"}],"wp:featuredmedia":[{"embeddable":true,"href":"https:\/\/www.europesays.com\/fr\/wp-json\/wp\/v2\/media\/298747"}],"wp:attachment":[{"href":"https:\/\/www.europesays.com\/fr\/wp-json\/wp\/v2\/media?parent=298746"}],"wp:term":[{"taxonomy":"category","embeddable":true,"href":"https:\/\/www.europesays.com\/fr\/wp-json\/wp\/v2\/categories?post=298746"},{"taxonomy":"post_tag","embeddable":true,"href":"https:\/\/www.europesays.com\/fr\/wp-json\/wp\/v2\/tags?post=298746"}],"curies":[{"name":"wp","href":"https:\/\/api.w.org\/{rel}","templated":true}]}}