{"id":298748,"date":"2025-08-05T19:15:17","date_gmt":"2025-08-05T19:15:17","guid":{"rendered":"https:\/\/www.europesays.com\/fr\/298748\/"},"modified":"2025-08-05T19:15:17","modified_gmt":"2025-08-05T19:15:17","slug":"bleus-du-basket-lequipe-de-france-prepare-leuro-a-pau","status":"publish","type":"post","link":"https:\/\/www.europesays.com\/fr\/298748\/","title":{"rendered":"BLEUS DU BASKET &#8211; L\u2019\u00e9quipe de France pr\u00e9pare l\u2019Euro \u00e0 Pau"},"content":{"rendered":"<p>Le manager des Fran\u00e7ais retrouve le Palais des Sports pour faire monter ses troupes en puissance avant l\u2019EuroBasket qui se disputera du 27 ao\u00fbt au14 septembre. Il est pr\u00e9vu un match amical contre la Grande-Bretagne, ce vendredi 8 ao\u00fbt (21h) pour cl\u00f4turer ce stage.<br \/>\u00a0<br \/>Les Bleus reviendront \u00e0 Pau le 6 juillet 2026, pour disputer un match officiel contre la Finlande, dans le cadre de la qualification \u00e0 la Coupe du Monde 2027 qui se disputera au Qatar du 27 ao\u00fbt au 12 septembre.<br \/>\u00a0<br \/>Six rencontres de qualifications sont au programme entre novembre 2025 et juillet 2026. Les Tricolores affronteront aussi la Belgique \u00e0 Rouen (28 novembre), un autre adversaire au Mans (1er mars). Dans cette poule, compos\u00e9e de quatre \u00e9quipes, les trois premiers du classement seront qualifi\u00e9s pour la deuxi\u00e8me phase qui se d\u00e9roulera du mois d\u2019ao\u00fbt 2026 au mois de f\u00e9vrier 2027.<\/p>\n","protected":false},"excerpt":{"rendered":"Le manager des Fran\u00e7ais retrouve le Palais des Sports pour faire monter ses troupes en puissance avant l\u2019EuroBasket&hellip;\n","protected":false},"author":2,"featured_media":298749,"comment_status":"","ping_status":"","sticky":false,"template":"","format":"standard","meta":{"footnotes":""},"categories":[4],"tags":[11,1465,1011,27,12,25,517],"class_list":{"0":"post-298748","1":"post","2":"type-post","3":"status-publish","4":"format-standard","5":"has-post-thumbnail","7":"category-france","8":"tag-actualites","9":"tag-basket","10":"tag-fr","11":"tag-france","12":"tag-news","13":"tag-republique-francaise","14":"tag-sport"},"share_on_mastodon":{"url":"https:\/\/pubeurope.com\/@fr\/114977762992245807","error":""},"_links":{"self":[{"href":"https:\/\/www.europesays.com\/fr\/wp-json\/wp\/v2\/posts\/298748","targetHints":{"allow":["GET"]}}],"collection":[{"href":"https:\/\/www.europesays.com\/fr\/wp-json\/wp\/v2\/posts"}],"about":[{"href":"https:\/\/www.europesays.com\/fr\/wp-json\/wp\/v2\/types\/post"}],"author":[{"embeddable":true,"href":"https:\/\/www.europesays.com\/fr\/wp-json\/wp\/v2\/users\/2"}],"replies":[{"embeddable":true,"href":"https:\/\/www.europesays.com\/fr\/wp-json\/wp\/v2\/comments?post=298748"}],"version-history":[{"count":0,"href":"https:\/\/www.europesays.com\/fr\/wp-json\/wp\/v2\/posts\/298748\/revisions"}],"wp:featuredmedia":[{"embeddable":true,"href":"https:\/\/www.europesays.com\/fr\/wp-json\/wp\/v2\/media\/298749"}],"wp:attachment":[{"href":"https:\/\/www.europesays.com\/fr\/wp-json\/wp\/v2\/media?parent=298748"}],"wp:term":[{"taxonomy":"category","embeddable":true,"href":"https:\/\/www.europesays.com\/fr\/wp-json\/wp\/v2\/categories?post=298748"},{"taxonomy":"post_tag","embeddable":true,"href":"https:\/\/www.europesays.com\/fr\/wp-json\/wp\/v2\/tags?post=298748"}],"curies":[{"name":"wp","href":"https:\/\/api.w.org\/{rel}","templated":true}]}}