{"id":298750,"date":"2025-08-05T19:16:38","date_gmt":"2025-08-05T19:16:38","guid":{"rendered":"https:\/\/www.europesays.com\/fr\/298750\/"},"modified":"2025-08-05T19:16:38","modified_gmt":"2025-08-05T19:16:38","slug":"donald-trump-pris-en-flagrant-delit-de-triche-en-ecosse","status":"publish","type":"post","link":"https:\/\/www.europesays.com\/fr\/298750\/","title":{"rendered":"Donald Trump pris en flagrant d\u00e9lit de triche en \u00c9cosse ?"},"content":{"rendered":"<p>\t\t\t\t\t\t<img width=\"770\" height=\"560\" src=\"https:\/\/www.europesays.com\/fr\/wp-content\/uploads\/2025\/08\/063_1230113307.jpg\" class=\"img-responsive wp-post-image\" alt=\"U.S. President Donald Trump Al Drago\/Getty Images\/AFP\" decoding=\"async\" fetchpriority=\"high\"  \/>\t\t\t\t\t<\/p>\n<p>\t\t\t\t\t\t Partager cet article <\/p>\n<p class=\"screen-reader-text juiz_sps_maybe_hidden_text\">Partager la publication \u00ab\u00a0Donald Trump pris en flagrant d\u00e9lit de triche en \u00c9cosse ?\u00a0\u00bb<\/p>\n<p><strong>Sur un green \u00e9cossais, une vid\u00e9o capt\u00e9e discr\u00e8tement montre Donald Trump en train de b\u00e9n\u00e9ficier d\u2019un \u201ccoup de main\u201d peu r\u00e9glementaire. De quoi relancer les accusations de triche qui collent \u00e0 ses crampons depuis des ann\u00e9es.<\/strong><\/p>\n<p>\t\t\t\t\t<a id=\"180488\" href=\"https:\/\/golfplus.fr\/\" target=\"_blank\" rel=\"sponsorised noopener\"><img decoding=\"async\" src=\"data:image\/svg+xml,%3Csvg%20xmlns=\" http:=\"\" class=\"img-responsive\" alt=\"\" data-lazy-src=\"https:\/\/www.europesays.com\/fr\/wp-content\/uploads\/2025\/07\/golfplus-e19-livraison-lieu-vacances-1170x275-1.jpg\"\/><\/a><\/p>\n<p>Une nouvelle vid\u00e9o, film\u00e9e lors du r\u00e9cent voyage de <strong>Donald Trump<\/strong> en \u00c9cosse, relance les accusations de tricherie dont l\u2019ancien pr\u00e9sident am\u00e9ricain est coutumier sur les parcours de golf. Sur les images devenues virales, on aper\u00e7oit Trump ralentir \u00e0 bord de sa voiturette alors qu\u2019un caddie, devant lui, jette discr\u00e8tement une balle derri\u00e8re son passage. Un \u00ab replacement \u00bb peu discret, en totale contradiction avec la r\u00e8gle fondamentale du golf : play it as it lies.<\/p>\n<p>\t\t\t\t<img loading=\"lazy\" decoding=\"async\" src=\"data:image\/svg+xml,%3Csvg%20xmlns=\" http:=\"\" attributionsrc=\"\" border=\"0\" height=\"1\" width=\"1\" alt=\"Advertisement\" data-lazy-src=\"https:\/\/www.europesays.com\/fr\/wp-content\/uploads\/2025\/08\/B33661776.421948095;dc_trk_aid=614321628;dc_trk_cid=235413172;ord=[timestamp];dc_lat=;dc_rdid=;tag_f.gif\"\/><\/p>\n<p>\t\t\t\t\t<a id=\"174697\" href=\"https:\/\/ad.doubleclick.net\/ddm\/trackclk\/N6600.3770024GOLFPLANATE\/B33661776.421948095;dc_trk_aid=614321628;dc_trk_cid=235413172;dc_lat=;dc_rdid=;tag_for_child_directed_treatment=;tfua=;gdpr=${GDPR};gdpr_consent=${GDPR_CONSENT_755};ltd=;dc_tdv=1\" target=\"_blank\" rel=\"sponsorised noopener\"><img decoding=\"async\" src=\"data:image\/svg+xml,%3Csvg%20xmlns=\" http:=\"\" class=\"img-responsive\" alt=\"\" data-lazy-src=\"https:\/\/www.europesays.com\/fr\/wp-content\/uploads\/2025\/06\/amundi-e01-retraite-2506-1170x275-1.jpg\"\/><\/a><\/p>\n<blockquote class=\"twitter-tweet\">\n<p dir=\"ltr\" lang=\"en\">\ud83d\udea8\ud83c\udff4\udb40\udc67\udb40\udc62\udb40\udc73\udb40\udc63\udb40\udc74\udb40\udc7f\u26f3\ufe0f <a href=\"https:\/\/twitter.com\/hashtag\/WATCH?src=hash&amp;ref_src=twsrc%5Etfw\" target=\"_blank\" rel=\"noopener\">#WATCH<\/a> \u2014 A caddie was seen dropping a ball for President Donald Trump during his Scotland golf trip. <\/p>\n<p>Did he make par?<a href=\"https:\/\/t.co\/HgKuzHFXHa\">pic.twitter.com\/HgKuzHFXHa<\/a><\/p>\n<p>\u2014 NUCLR GOLF (@NUCLRGOLF) <a href=\"https:\/\/twitter.com\/NUCLRGOLF\/status\/1949511822068887791?ref_src=twsrc%5Etfw\" target=\"_blank\" rel=\"noopener\">July 27, 2025<\/a><\/p>\n<\/blockquote>\n<p>\t\t\t\t\t<a id=\"181452\" href=\"https:\/\/www.fourseasonsmegevecollectionproam.com\/\" target=\"_blank\" rel=\"sponsorised noopener\"><img decoding=\"async\" src=\"data:image\/svg+xml,%3Csvg%20xmlns=\" http:=\"\" class=\"img-responsive\" alt=\"\" data-lazy-src=\"https:\/\/www.europesays.com\/fr\/wp-content\/uploads\/2025\/08\/swing-e05-proam-megeve25-1170x275-1.gif\"\/><\/a><\/p>\n<p>Ce geste, qualifi\u00e9 par beaucoup de r\u00e9v\u00e9lateur, vient renforcer une r\u00e9putation d\u00e9j\u00e0 bien \u00e9tablie. L\u2019\u00e9crivain sportif <strong>Rick Reilly<\/strong>, auteur du livre <strong>Commander in Cheat: How Golf Explains Trump<\/strong> (2019), y voyait d\u00e9j\u00e0 une m\u00e9taphore du personnage politique : incapable de dissocier performance r\u00e9elle et mise en sc\u00e8ne.<\/p>\n<p>\t\t\t\t\t<a id=\"174987\" href=\"https:\/\/www.sudfrancegolf.com\/fr\/\" target=\"_blank\" rel=\"sponsorised noopener\"><img decoding=\"async\" src=\"data:image\/svg+xml,%3Csvg%20xmlns=\" http:=\"\" class=\"img-responsive\" alt=\"\" data-lazy-src=\"https:\/\/www.europesays.com\/fr\/wp-content\/uploads\/2025\/06\/giesudfrancegolf-e02-egolf-pass-2025-v2-1170x275-1.gif\"\/><\/a><br \/>\nEntre golf, politique et autopromotion<\/p>\n<p>Ce d\u00e9placement officiel, estim\u00e9 \u00e0 pr\u00e8s de 10 millions de dollars pour les contribuables am\u00e9ricains, incluait des \u00e9tapes dans ses deux complexes h\u00f4teliers \u00e9cossais et l\u2019inauguration d\u2019un nouveau parcours 18 trous \u00e0 Aberdeenshire.<\/p>\n<p>Une tourn\u00e9e \u00e0 mi-chemin entre diplomatie, loisirs personnels et strat\u00e9gie d\u2019image, qui suscite de vives critiques de l\u2019autre c\u00f4t\u00e9 de l\u2019Atlantique. Sur place, le passage de l\u2019ancien pr\u00e9sident n\u2019est pas pass\u00e9 inaper\u00e7u, et ses pratiques sur le green non plus.<\/p>\n<p>\t\t\t\t\t<a id=\"177181\" href=\"http:\/\/charleskent-golf.com\/andalucia-majors\/\" target=\"_blank\" rel=\"sponsorised noopener\"><img decoding=\"async\" src=\"data:image\/svg+xml,%3Csvg%20xmlns=\" http:=\"\" class=\"img-responsive\" alt=\"\" data-lazy-src=\"https:\/\/www.europesays.com\/fr\/wp-content\/uploads\/2025\/06\/charleskent-e03-andalucia-majors-1170x275-1.gif\"\/><\/a><\/p>\n<blockquote class=\"twitter-tweet\">\n<p dir=\"ltr\" lang=\"en\">\u00ab\u00a0Please welcome onto the tee, the 45th and 47th President of the United States of America, Donald J. Trump!\u00a0\u00bb \u26f3\ufe0f <a href=\"https:\/\/t.co\/kyq5Y5Wijg\">pic.twitter.com\/kyq5Y5Wijg<\/a><\/p>\n<p>\u2014 Rapid Response 47 (@RapidResponse47) <a href=\"https:\/\/twitter.com\/RapidResponse47\/status\/1950137645461315919?ref_src=twsrc%5Etfw\" target=\"_blank\" rel=\"noopener\">July 29, 2025<\/a><\/p>\n<\/blockquote>\n<p>\t\t\t\t\t<a id=\"181426\" href=\"https:\/\/leclub-golf.com\/fr\/green-fees?online=1&amp;utm_source=golf+planete&amp;utm_medium=referral&amp;utm_campaign=green+fee+en+ligne&amp;utm_id=green+fee+en+ligne_golf+planete_referral_banner\" target=\"_blank\" rel=\"sponsorised noopener\"><img decoding=\"async\" src=\"data:image\/svg+xml,%3Csvg%20xmlns=\" http:=\"\" class=\"img-responsive\" alt=\"\" data-lazy-src=\"https:\/\/www.europesays.com\/fr\/wp-content\/uploads\/2025\/08\/leclubgolf-e09-effet-classique-1170x275png.png\"\/><\/a><\/p>\n<p>\u00a9Al Drago\/Getty Images\/AFP<\/p>\n<p>\t\t\t<script async src=\"https:\/\/platform.twitter.com\/widgets.js\" charset=\"utf-8\"><\/script><\/p>\n","protected":false},"excerpt":{"rendered":"Partager cet article Partager la publication \u00ab\u00a0Donald Trump pris en flagrant d\u00e9lit de triche en \u00c9cosse ?\u00a0\u00bb Sur&hellip;\n","protected":false},"author":2,"featured_media":298751,"comment_status":"","ping_status":"","sticky":false,"template":"","format":"standard","meta":{"footnotes":""},"categories":[1418],"tags":[1011,27,1472,60],"class_list":{"0":"post-298750","1":"post","2":"type-post","3":"status-publish","4":"format-standard","5":"has-post-thumbnail","7":"category-golf","8":"tag-fr","9":"tag-france","10":"tag-golf","11":"tag-sports"},"share_on_mastodon":{"url":"https:\/\/pubeurope.com\/@fr\/114977766338122310","error":""},"_links":{"self":[{"href":"https:\/\/www.europesays.com\/fr\/wp-json\/wp\/v2\/posts\/298750","targetHints":{"allow":["GET"]}}],"collection":[{"href":"https:\/\/www.europesays.com\/fr\/wp-json\/wp\/v2\/posts"}],"about":[{"href":"https:\/\/www.europesays.com\/fr\/wp-json\/wp\/v2\/types\/post"}],"author":[{"embeddable":true,"href":"https:\/\/www.europesays.com\/fr\/wp-json\/wp\/v2\/users\/2"}],"replies":[{"embeddable":true,"href":"https:\/\/www.europesays.com\/fr\/wp-json\/wp\/v2\/comments?post=298750"}],"version-history":[{"count":0,"href":"https:\/\/www.europesays.com\/fr\/wp-json\/wp\/v2\/posts\/298750\/revisions"}],"wp:featuredmedia":[{"embeddable":true,"href":"https:\/\/www.europesays.com\/fr\/wp-json\/wp\/v2\/media\/298751"}],"wp:attachment":[{"href":"https:\/\/www.europesays.com\/fr\/wp-json\/wp\/v2\/media?parent=298750"}],"wp:term":[{"taxonomy":"category","embeddable":true,"href":"https:\/\/www.europesays.com\/fr\/wp-json\/wp\/v2\/categories?post=298750"},{"taxonomy":"post_tag","embeddable":true,"href":"https:\/\/www.europesays.com\/fr\/wp-json\/wp\/v2\/tags?post=298750"}],"curies":[{"name":"wp","href":"https:\/\/api.w.org\/{rel}","templated":true}]}}