{"id":298754,"date":"2025-08-05T19:19:11","date_gmt":"2025-08-05T19:19:11","guid":{"rendered":"https:\/\/www.europesays.com\/fr\/298754\/"},"modified":"2025-08-05T19:19:11","modified_gmt":"2025-08-05T19:19:11","slug":"atp-novak-djokovic-nen-revient-toujours-pas-jai-regarde-cette-video-probablement-un-million-de-fois","status":"publish","type":"post","link":"https:\/\/www.europesays.com\/fr\/298754\/","title":{"rendered":"ATP > Novak Djokovic n&rsquo;en revient toujours pas : \u00ab\u00a0J&rsquo;ai regard\u00e9 cette vid\u00e9o probablement un million de fois\u00a0\u00bb"},"content":{"rendered":"<p>Il y a un an presque jour pour jour, le 4 ao\u00fbt 2024, Novak Djokovic rempor\u00adtait la m\u00e9daille d\u2019or en simple aux Jeux olym\u00adpiques de Paris apr\u00e8s une finale d\u2019un niveau excep\u00adtionnel face \u00e0 Carlos Alcaraz.<\/p>\n<p>Invit\u00e9 \u00e0 revenir sur ce moment tr\u00e8s fort pour Laureus Sport, le Serbe semblait toujours autant \u00e9mu.\u00a0<\/p>\n<p><strong>\u00ab\u202fJ\u2019ai regard\u00e9 cette vid\u00e9o proba\u00adble\u00adment un million de fois. Pas r\u00e9cem\u00adment mais main\u00adte\u00adnant vous me poussez \u00e0 la regarder encore et encore. Cela restera le sommet de ma carri\u00e8re \u00e9tant donn\u00e9 les ann\u00e9es pendant lesquelles j\u2019ai attendu et travaill\u00e9 pour cela. Des d\u00e9faites d\u00e9chi\u00adrantes lors des quatre derniers Jeux olym\u00adpiques auxquels j\u2019ai parti\u00adcip\u00e9 m\u2019ont emp\u00each\u00e9 de fran\u00adchir cette \u00e9tape, d\u2019at\u00adteindre la finale et de me battre pour la m\u00e9daille d\u2019or. C\u2019\u00e9tait la seule grande distinc\u00adtion qui manquait \u00e0 ma carri\u00e8re et, \u00e0 37 ans, c\u2019est quelque chose de compl\u00e8\u00adte\u00adment unique et inou\u00adbliable. Je me souvien\u00addrai de ce moment pour toujours.\u202f\u00bb<\/strong><\/p>\n<p class=\"post-published-date\" style=\"color: silver; font-size: 75%; text-align: left;\">Publi\u00e9 le mardi 5 ao\u00fbt 2025 \u00e0 18:58<\/p>\n","protected":false},"excerpt":{"rendered":"Il y a un an presque jour pour jour, le 4 ao\u00fbt 2024, Novak Djokovic rempor\u00adtait la m\u00e9daille&hellip;\n","protected":false},"author":2,"featured_media":298755,"comment_status":"","ping_status":"","sticky":false,"template":"","format":"standard","meta":{"footnotes":""},"categories":[1415],"tags":[1744,105,1011,27,60,1467],"class_list":{"0":"post-298754","1":"post","2":"type-post","3":"status-publish","4":"format-standard","5":"has-post-thumbnail","7":"category-tennis","8":"tag-alcaraz","9":"tag-djokovic","10":"tag-fr","11":"tag-france","12":"tag-sports","13":"tag-tennis"},"share_on_mastodon":{"url":"https:\/\/pubeurope.com\/@fr\/114977778060892147","error":""},"_links":{"self":[{"href":"https:\/\/www.europesays.com\/fr\/wp-json\/wp\/v2\/posts\/298754","targetHints":{"allow":["GET"]}}],"collection":[{"href":"https:\/\/www.europesays.com\/fr\/wp-json\/wp\/v2\/posts"}],"about":[{"href":"https:\/\/www.europesays.com\/fr\/wp-json\/wp\/v2\/types\/post"}],"author":[{"embeddable":true,"href":"https:\/\/www.europesays.com\/fr\/wp-json\/wp\/v2\/users\/2"}],"replies":[{"embeddable":true,"href":"https:\/\/www.europesays.com\/fr\/wp-json\/wp\/v2\/comments?post=298754"}],"version-history":[{"count":0,"href":"https:\/\/www.europesays.com\/fr\/wp-json\/wp\/v2\/posts\/298754\/revisions"}],"wp:featuredmedia":[{"embeddable":true,"href":"https:\/\/www.europesays.com\/fr\/wp-json\/wp\/v2\/media\/298755"}],"wp:attachment":[{"href":"https:\/\/www.europesays.com\/fr\/wp-json\/wp\/v2\/media?parent=298754"}],"wp:term":[{"taxonomy":"category","embeddable":true,"href":"https:\/\/www.europesays.com\/fr\/wp-json\/wp\/v2\/categories?post=298754"},{"taxonomy":"post_tag","embeddable":true,"href":"https:\/\/www.europesays.com\/fr\/wp-json\/wp\/v2\/tags?post=298754"}],"curies":[{"name":"wp","href":"https:\/\/api.w.org\/{rel}","templated":true}]}}