{"id":298762,"date":"2025-08-05T19:24:11","date_gmt":"2025-08-05T19:24:11","guid":{"rendered":"https:\/\/www.europesays.com\/fr\/298762\/"},"modified":"2025-08-05T19:24:11","modified_gmt":"2025-08-05T19:24:11","slug":"le-onze-probable-dhorneland-avec-toutes-les-recrues","status":"publish","type":"post","link":"https:\/\/www.europesays.com\/fr\/298762\/","title":{"rendered":"le onze probable d\u2019Horneland avec toutes les recrues"},"content":{"rendered":"<p><strong>Supporters st\u00e9phanois, c\u2019est l\u2019heure de votre traditionnelle vid\u00e9o de la semaine. <\/strong><\/p>\n<p>Samedi (20h), <a href=\"https:\/\/www.butfootballclub.fr\/actualites\/ligue-1\/asse\/\" data-type=\"link\" data-id=\"https:\/\/www.butfootballclub.fr\/actualites\/ligue-1\/asse\/\" rel=\"noopener nofollow\" target=\"_blank\">l\u2019AS Saint-\u00c9tienne<\/a> d\u00e9butera officiellement sa saison 2025-2026, et ce par un d\u00e9placement sur la pelouse de Laval, pour le compte de la premi\u00e8re journ\u00e9e de <a href=\"https:\/\/www.butfootballclub.fr\/category\/ligue-2\/\" data-type=\"link\" data-id=\"https:\/\/www.butfootballclub.fr\/category\/ligue-2\/\" rel=\"noopener nofollow\" target=\"_blank\">Ligue 2<\/a>. \u00c0 quelques jours de ce match, Laurent Hess, notre correspondant \u00e0 Saint-\u00c9tienne, et Fabien Chorlet se sont demand\u00e9s si l\u2019\u00e9quipe d\u2019Eirik Horneland \u00e9tait pr\u00eate pour la reprise et ont fait le point sur le mercato estival des Verts, s\u2019attardant sur les arriv\u00e9es imminentes de Joao Ferreira et Ebenezer Annan et les possibles d\u00e9parts de Benjamin Bouchouari et Zuriko Davitashvili. <\/p>\n<p>Dans cette vid\u00e9o, nos journalistes ont aussi concoct\u00e9 l\u2019\u00e9quipe type probable d\u2019Eirik Horneland pour cette saison \u00e0 venir et se demandent quel onze sera align\u00e9 par l\u2019entra\u00eeneur for\u00e9zien samedi \u00e0 Laval. <\/p>\n","protected":false},"excerpt":{"rendered":"Supporters st\u00e9phanois, c\u2019est l\u2019heure de votre traditionnelle vid\u00e9o de la semaine. Samedi (20h), l\u2019AS Saint-\u00c9tienne d\u00e9butera officiellement sa&hellip;\n","protected":false},"author":2,"featured_media":298763,"comment_status":"","ping_status":"","sticky":false,"template":"","format":"standard","meta":{"footnotes":""},"categories":[1410],"tags":[11,448,63,1011,27,66,3388,12,60,10662],"class_list":{"0":"post-298762","1":"post","2":"type-post","3":"status-publish","4":"format-standard","5":"has-post-thumbnail","7":"category-football","8":"tag-actualites","9":"tag-champions-league","10":"tag-football","11":"tag-fr","12":"tag-france","13":"tag-ligue-1","14":"tag-matchs","15":"tag-news","16":"tag-sports","17":"tag-transferts"},"share_on_mastodon":{"url":"https:\/\/pubeurope.com\/@fr\/114977797761701114","error":""},"_links":{"self":[{"href":"https:\/\/www.europesays.com\/fr\/wp-json\/wp\/v2\/posts\/298762","targetHints":{"allow":["GET"]}}],"collection":[{"href":"https:\/\/www.europesays.com\/fr\/wp-json\/wp\/v2\/posts"}],"about":[{"href":"https:\/\/www.europesays.com\/fr\/wp-json\/wp\/v2\/types\/post"}],"author":[{"embeddable":true,"href":"https:\/\/www.europesays.com\/fr\/wp-json\/wp\/v2\/users\/2"}],"replies":[{"embeddable":true,"href":"https:\/\/www.europesays.com\/fr\/wp-json\/wp\/v2\/comments?post=298762"}],"version-history":[{"count":0,"href":"https:\/\/www.europesays.com\/fr\/wp-json\/wp\/v2\/posts\/298762\/revisions"}],"wp:featuredmedia":[{"embeddable":true,"href":"https:\/\/www.europesays.com\/fr\/wp-json\/wp\/v2\/media\/298763"}],"wp:attachment":[{"href":"https:\/\/www.europesays.com\/fr\/wp-json\/wp\/v2\/media?parent=298762"}],"wp:term":[{"taxonomy":"category","embeddable":true,"href":"https:\/\/www.europesays.com\/fr\/wp-json\/wp\/v2\/categories?post=298762"},{"taxonomy":"post_tag","embeddable":true,"href":"https:\/\/www.europesays.com\/fr\/wp-json\/wp\/v2\/tags?post=298762"}],"curies":[{"name":"wp","href":"https:\/\/api.w.org\/{rel}","templated":true}]}}