{"id":298768,"date":"2025-08-05T19:27:24","date_gmt":"2025-08-05T19:27:24","guid":{"rendered":"https:\/\/www.europesays.com\/fr\/298768\/"},"modified":"2025-08-05T19:27:24","modified_gmt":"2025-08-05T19:27:24","slug":"lireka-une-alternative-face-a-la-suppression-du-tarif-special-de-la-poste","status":"publish","type":"post","link":"https:\/\/www.europesays.com\/fr\/298768\/","title":{"rendered":"Lireka, une alternative face \u00e0 la suppression du tarif sp\u00e9cial de La Poste"},"content":{"rendered":"<p style=\"line-height:1.38;margin-top:16px;margin-bottom:16px\" class=\"p-empty\">\u00a0<\/p>\n<p>C\u2019est une d\u00e9cision qui a fait scandale, quelques mois plus t\u00f4t. Depuis juillet 2025, La Poste met fin au tarif sp\u00e9cial Livres et Brochures, une offre \u00ab vitale pour la culture fran\u00e7aise \u00bb, selon le m\u00e9dia <a href=\"https:\/\/actualitte.com\/article\/120316\/economie\/la-poste-arrete-son-offre-livres-et-brochures-en-juillet-2025\" target=\"_blank\" rel=\"nofollow noopener\">Actualitt\u00e9<\/a>, qui permettait d\u2019exp\u00e9dier des livres \u00e0 l\u2019\u00e9tranger \u00e0 moindres frais. D\u00e9sormais, l\u2019envoi d\u2019un album jeunesse ou d\u2019un roman \u00e0 ses petits-enfants expatri\u00e9s devient un luxe. \u00ab Beaucoup de grands-parents utilisaient cette offre pour envoyer des livres \u00e0 leurs petits-enfants. Sa disparition laisse clairement un vide. \u00bb, confie Emma Henry, ex-expatri\u00e9e et cofondatrice de <a href=\"https:\/\/www.lireka.com\/fr?srsltid=AfmBOoqdExuL9DRjz-UvSh16R2kxl2dgAL4qZ0JpDATsGw3W6cjYeRHe\" target=\"_blank\" rel=\"nofollow noopener\">Lireka<\/a>.<\/p>\n<p class=\"p-empty\">\u00a0<\/p>\n<blockquote>\n<p>\u00ab Envoyer des livres \u00e0 l\u2019\u00e9tranger, c\u2019est un vrai m\u00e9tier.\u00a0\u00bb &#8211; Emma\u00a0Henry<\/p>\n<\/blockquote>\n<p class=\"p-empty\">\u00a0<\/p>\n<p>Cette librairie en ligne fond\u00e9e en 2021 s\u2019est sp\u00e9cialis\u00e9e dans l\u2019exp\u00e9dition internationale de livres neufs en fran\u00e7ais. La plateforme permet une livraison gratuite dans le monde entier gr\u00e2ce \u00e0 une logistique millim\u00e9tr\u00e9e et munie d\u2019un catalogue d\u2019un million de titres. \u00ab Envoyer des livres \u00e0 l\u2019\u00e9tranger, c\u2019est un vrai m\u00e9tier. Il faut jongler avec les transporteurs, les frais de douane, les d\u00e9lais. C\u2019est pr\u00e9cis\u00e9ment notre c\u0153ur d\u2019expertise \u00bb, explique Emma Henry.<\/p>\n<p class=\"p-empty\">\u00a0<\/p>\n<p class=\"p-empty\">\u00a0<\/p>\n<p><img alt=\"Les 3 co-fondateurs de Lireka (de gauche \u00e0 droite : Robin Mallein, Emma Henry, Marc Bordier)\" loading=\"lazy\" decoding=\"async\" data-nimg=\"fill\" class=\"drupal__img undefined\" style=\"position:absolute;height:100%;width:100%;left:0;top:0;right:0;bottom:0;object-fit:cover;color:transparent\"   src=\"https:\/\/www.europesays.com\/fr\/wp-content\/uploads\/2025\/08\/1754422044_851_image\"\/>Les 3 co-fondateurs de Lireka (de gauche \u00e0 droite : Robin Mallein, Emma Henry, Marc Bordier)<\/p>\n<p class=\"p-empty\">\u00a0<\/p>\n<p class=\"p-empty\">\u00a0<\/p>\n<p>Une logistique optimis\u00e9e pour l\u2019international<\/p>\n<p>Si la Poste a abandonn\u00e9 ce service, c\u2019est, selon toute vraisemblance, pour des raisons \u00e9conomiques. Officiellement, l\u2019entreprise parle d\u2019une \u00ab \u00e9volution de ses offres face \u00e0 la baisse des volumes et \u00e0 la hausse des co\u00fbts logistiques \u00bb. Emma souligne les complexit\u00e9s croissantes de l\u2019exp\u00e9dition pour Lireka : \u00ab Avant, certains exp\u00e9diaient un simple livre de poche \u00e0 l\u2019autre bout du monde. Ce n\u2019est plus viable. Nous avons mis en place des paniers minimums selon les zones g\u00e9ographiques. 20 dollars aux \u00c9tats-Unis, plus pour l\u2019Afrique\u2026 pour maintenir notre mod\u00e8le. \u00bb<\/p>\n<p class=\"p-empty\">\u00a0<\/p>\n<p class=\"p-empty\">\u00a0<\/p>\n<p><img alt=\"Pre\u0301paration des commandes \u00e0 l'entrepo\u0302t de Grenoble de Lireka\" loading=\"lazy\" decoding=\"async\" data-nimg=\"fill\" class=\"drupal__img undefined\" style=\"position:absolute;height:100%;width:100%;left:0;top:0;right:0;bottom:0;object-fit:cover;color:transparent\"   src=\"https:\/\/www.europesays.com\/fr\/wp-content\/uploads\/2025\/08\/1754422044_125_image\"\/>Pre\u0301paration des commandes \u00e0 l&rsquo;entrepo\u0302t de Grenoble \u00a9 Lireka<\/p>\n<p class=\"p-empty\">\u00a0<\/p>\n<p class=\"p-empty\">\u00a0<\/p>\n<blockquote>\n<p>\u00ab Nos clients n\u2019ont rien \u00e0 faire. Ils s\u00e9lectionnent les livres, indiquent l\u2019adresse, et on s\u2019occupe du reste.\u00a0\u00bb &#8211; Emma\u00a0Henry<\/p>\n<\/blockquote>\n<p class=\"p-empty\">\u00a0<\/p>\n<p>Un service plus accessible que les d\u00e9marches postales<\/p>\n<p>Lireka fait la diff\u00e9rence par sa simplicit\u00e9. Envoyer un livre \u00e0 l\u2019\u00e9tranger via La Poste n\u00e9cessitait d\u2019abord d\u2019acheter le livre en boutique, remplir des formulaires douaniers, faire la queue au guichet\u2026 sans compter les frais suppl\u00e9mentaires qui pouvaient surgir \u00e0 la livraison. Lireka facilite cette d\u00e9marche : \u00ab Nos clients n\u2019ont rien \u00e0 faire. Ils s\u00e9lectionnent les livres, indiquent l\u2019adresse, et on s\u2019occupe du reste. Ils n\u2019ont pas \u00e0 remplir de formulaires douaniers ni \u00e0 se d\u00e9placer. \u00bb, r\u00e9sume la cofondatrice. Une solution particuli\u00e8rement appr\u00e9ci\u00e9e des grands-parents, souvent peu familiers avec les d\u00e9marches administratives en ligne. Tout est pens\u00e9 pour que l\u2019envoi reste un geste sans mauvaise surprise. Une promesse s\u00e9duisante, car la plateforme revendique plus de 85.000 clients dans 183 pays, et 730.000 livres exp\u00e9di\u00e9s depuis sa cr\u00e9ation.\u00a0<\/p>\n<p class=\"p-empty\">\u00a0<\/p>\n<p class=\"p-empty\">\u00a0<\/p>\n<blockquote class=\"instagram-media\" data-instgrm-permalink=\"https:\/\/www.instagram.com\/p\/DLkHtSDtfcO\/?utm_source=ig_embed&amp;utm_campaign=loading\" data-instgrm-version=\"14\" style=\"background:#FFF;border:0;border-radius:3px;box-shadow:0 0 1px 0 rgba(0,0,0,0.5),0 1px 10px 0 rgba(0,0,0,0.15);margin:1px;max-width:540px;min-width:326px;padding:0;width:calc(100% - 2px)\">\n<\/blockquote>\n<p class=\"p-empty\">\u00a0<\/p>\n<p class=\"p-empty\">\u00a0<\/p>\n<p><a href=\"https:\/\/lepetitjournal.com\/expat-mag\/culture\/ou-comment-procurer-livres-francais-expatriation-377066\" class=\"read-more\" target=\"_blank\" rel=\"nofollow noopener\">O\u00f9 et comment se procurer des livres en fran\u00e7ais en expatriation ?<\/a><\/p>\n<p class=\"p-empty\">\u00a0<\/p>\n<p>Un relais affectif et culturel par le livre<\/p>\n<p>Lireka revendique \u00e9galement une v\u00e9ritable mission affective, participant ainsi \u00e0 maintenir un lien culturel entre les familles et la langue fran\u00e7aise. Emma en t\u00e9moigne : \u00ab Je suis moi-m\u00eame maman, et beaucoup de parents ou grands-parents chez Lireka ont cette envie de transmettre. Nous savons \u00e0 quel point les livres peuvent maintenir ce lien, surtout quand nous vivons loin. \u00bb<\/p>\n<p>L\u2019\u00e9quipe, qui compte aujourd\u2019hui une quinzaine de personnes entre Grenoble et Paris, mise aussi sur un fort travail de curation : \u00ab Nous proposons des s\u00e9lections th\u00e9matiques, les coups de c\u0153ur de nos libraires, les critiques presse, et les avis de lecteurs. Les expatri\u00e9s sont souvent d\u00e9connect\u00e9s de l\u2019actualit\u00e9 litt\u00e9raire fran\u00e7aise. Notre r\u00f4le est aussi d\u2019aider \u00e0 s\u2019y retrouver. \u00bb<\/p>\n<p class=\"p-empty\">\u00a0<\/p>\n<p>Une alternative qui m\u00e9rite de se faire conna\u00eetre<\/p>\n<p>Lireka esp\u00e8re aujourd\u2019hui que l\u2019arr\u00eat du tarif de La Poste soit aussi l\u2019occasion de se faire conna\u00eetre d\u2019un public plus large. Pour l\u2019avenir, Lireka lance d\u00e9j\u00e0 son offre Lireka Pro, \u00e0 destination des lyc\u00e9es fran\u00e7ais, biblioth\u00e8ques et alliances. Des projets de partenariat avec des librairies physiques sont \u00e0 l\u2019\u00e9tude. Mais pour l\u2019heure, la priorit\u00e9 reste la m\u00eame. Emma Henry et ses \u00e9quipes se mobilisent pour \u00ab optimiser notre logistique pour que les livres arrivent, partout dans le monde, \u00e0 un tarif accessible. \u00bb<\/p>\n<p class=\"p-empty\">\u00a0<\/p>\n<p><script async src=\"\/\/www.instagram.com\/embed.js\"><\/script><\/p>\n","protected":false},"excerpt":{"rendered":"\u00a0 C\u2019est une d\u00e9cision qui a fait scandale, quelques mois plus t\u00f4t. Depuis juillet 2025, La Poste met&hellip;\n","protected":false},"author":2,"featured_media":298769,"comment_status":"","ping_status":"","sticky":false,"template":"","format":"standard","meta":{"footnotes":""},"categories":[1357],"tags":[1379,58,59,1011,27,1380],"class_list":{"0":"post-298768","1":"post","2":"type-post","3":"status-publish","4":"format-standard","5":"has-post-thumbnail","7":"category-livres","8":"tag-books","9":"tag-divertissement","10":"tag-entertainment","11":"tag-fr","12":"tag-france","13":"tag-livres"},"share_on_mastodon":{"url":"https:\/\/pubeurope.com\/@fr\/114977809651563302","error":""},"_links":{"self":[{"href":"https:\/\/www.europesays.com\/fr\/wp-json\/wp\/v2\/posts\/298768","targetHints":{"allow":["GET"]}}],"collection":[{"href":"https:\/\/www.europesays.com\/fr\/wp-json\/wp\/v2\/posts"}],"about":[{"href":"https:\/\/www.europesays.com\/fr\/wp-json\/wp\/v2\/types\/post"}],"author":[{"embeddable":true,"href":"https:\/\/www.europesays.com\/fr\/wp-json\/wp\/v2\/users\/2"}],"replies":[{"embeddable":true,"href":"https:\/\/www.europesays.com\/fr\/wp-json\/wp\/v2\/comments?post=298768"}],"version-history":[{"count":0,"href":"https:\/\/www.europesays.com\/fr\/wp-json\/wp\/v2\/posts\/298768\/revisions"}],"wp:featuredmedia":[{"embeddable":true,"href":"https:\/\/www.europesays.com\/fr\/wp-json\/wp\/v2\/media\/298769"}],"wp:attachment":[{"href":"https:\/\/www.europesays.com\/fr\/wp-json\/wp\/v2\/media?parent=298768"}],"wp:term":[{"taxonomy":"category","embeddable":true,"href":"https:\/\/www.europesays.com\/fr\/wp-json\/wp\/v2\/categories?post=298768"},{"taxonomy":"post_tag","embeddable":true,"href":"https:\/\/www.europesays.com\/fr\/wp-json\/wp\/v2\/tags?post=298768"}],"curies":[{"name":"wp","href":"https:\/\/api.w.org\/{rel}","templated":true}]}}