{"id":29877,"date":"2025-04-16T20:04:08","date_gmt":"2025-04-16T20:04:08","guid":{"rendered":"https:\/\/www.europesays.com\/fr\/29877\/"},"modified":"2025-04-16T20:04:08","modified_gmt":"2025-04-16T20:04:08","slug":"les-gendarmes-interviennent-au-leroy-merlin-disneauville-que-sest-il-passe","status":"publish","type":"post","link":"https:\/\/www.europesays.com\/fr\/29877\/","title":{"rendered":"Les gendarmes interviennent au Leroy Merlin d&rsquo;Isneauville : que s&rsquo;est-il pass\u00e9\u00a0?"},"content":{"rendered":"<p>            Par<br \/>\n        <strong><br \/>\n            <a href=\"https:\/\/actu.fr\/auteur\/adrien-filoche\" title=\"Consulter tous les articles de Adrien Filoche\" rel=\"nofollow noopener\" target=\"_blank\">Adrien Filoche<\/a><br \/>\n        <\/strong><\/p>\n<p>        Publi\u00e9 le<\/p>\n<p>            16 avr. 2025 \u00e0 19h33        <\/p>\n<p>Selon nos informations, les gendarmes sont intervenus le mercredi 16\u00a0avril 2025 au cours de l\u2019apr\u00e8s-midi au niveau du magasin Leroy Merlin<a href=\"https:\/\/actu.fr\/normandie\/isneauville_76377\" rel=\"nofollow noopener\" target=\"_blank\"> d\u2019Isneauville (Seine-Maritime)<\/a>, pr\u00e8s de <a href=\"https:\/\/actu.fr\/normandie\/rouen_76540\" rel=\"nofollow noopener\" target=\"_blank\">Rouen<\/a>. Que s\u2019est-il pass\u00e9\u2009?<\/p>\n<p>Le magasin \u00e9vacu\u00e9<\/p>\n<p class=\" wall-content\">Interrog\u00e9e, la communication de la gendarmerie de la Seine-Maritime nous confirme qu\u2019une intervention a eu lieu \u00e0 partir de 17h20. \u00ab\u2009Le magasin et le parking de l\u2019enseign\u00e9 ont \u00e9t\u00e9 \u00e9vacu\u00e9s\u2009\u00bb, pr\u00e9cise la communication.<\/p>\n<p class=\" wall-content\">Selon la pr\u00e9fecture de la Seine-Maritime, c\u2019est un \u00ab\u2009colis suspect\u2009\u00bb qui a provoqu\u00e9 l\u2019intervention des militaires. Une lev\u00e9e de doute a \u00e9t\u00e9 effectu\u00e9e, il s\u2019agissait d\u2019une fausse alerte.<\/p>\n<p>Suivez l\u2019actualit\u00e9 de Rouen sur <a href=\"https:\/\/www.whatsapp.com\/channel\/0029VaKfnf99hXF2ddApFB1D\" rel=\"nofollow noopener\" target=\"_blank\">notre cha\u00eene WhatsApp<\/a> et sur <a href=\"https:\/\/www.tiktok.com\/@76actu.fr?lang=fr\" rel=\"nofollow noopener\" target=\"_blank\">notre compte TikTok<\/a><\/p>\n<p class=\" wall-content\">Suivez toute l\u2019actualit\u00e9 de vos villes et m\u00e9dias favoris en vous inscrivant \u00e0 <a href=\"https:\/\/moncompte.actu.fr\" title=\"D\u00e9couvez Mon Actu\" rel=\"nofollow noopener\" data-trk=\"{&quot;cta&quot;:{&quot;action&quot;:&quot;https:\\\/\\\/moncompte.actu.fr&quot;,&quot;category&quot;:&quot;mon compte&quot;,&quot;from&quot;:&quot;article footer&quot;,&quot;name&quot;:&quot;Mon actu&quot;,&quot;type&quot;:&quot;cta&quot;}}\" target=\"_blank\">Mon Actu<\/a>.<\/p>\n<p>                    <script async src=\"\/\/www.tiktok.com\/embed.js\"><\/script><\/p>\n","protected":false},"excerpt":{"rendered":"Par Adrien Filoche Publi\u00e9 le 16 avr. 2025 \u00e0 19h33 Selon nos informations, les gendarmes sont intervenus le&hellip;\n","protected":false},"author":2,"featured_media":29878,"comment_status":"","ping_status":"","sticky":false,"template":"","format":"standard","meta":{"footnotes":""},"categories":[9587],"tags":[1111,11,1777,674,118,1011,27,3381,12,5161,25,9590],"class_list":{"0":"post-29877","1":"post","2":"type-post","3":"status-publish","4":"format-standard","5":"has-post-thumbnail","7":"category-rouen","8":"tag-actu","9":"tag-actualites","10":"tag-eu","11":"tag-europe","12":"tag-faits-divers","13":"tag-fr","14":"tag-france","15":"tag-gendarmerie","16":"tag-news","17":"tag-normandie","18":"tag-republique-francaise","19":"tag-rouen"},"share_on_mastodon":{"url":"https:\/\/pubeurope.com\/@fr\/114349438612513719","error":""},"_links":{"self":[{"href":"https:\/\/www.europesays.com\/fr\/wp-json\/wp\/v2\/posts\/29877","targetHints":{"allow":["GET"]}}],"collection":[{"href":"https:\/\/www.europesays.com\/fr\/wp-json\/wp\/v2\/posts"}],"about":[{"href":"https:\/\/www.europesays.com\/fr\/wp-json\/wp\/v2\/types\/post"}],"author":[{"embeddable":true,"href":"https:\/\/www.europesays.com\/fr\/wp-json\/wp\/v2\/users\/2"}],"replies":[{"embeddable":true,"href":"https:\/\/www.europesays.com\/fr\/wp-json\/wp\/v2\/comments?post=29877"}],"version-history":[{"count":0,"href":"https:\/\/www.europesays.com\/fr\/wp-json\/wp\/v2\/posts\/29877\/revisions"}],"wp:featuredmedia":[{"embeddable":true,"href":"https:\/\/www.europesays.com\/fr\/wp-json\/wp\/v2\/media\/29878"}],"wp:attachment":[{"href":"https:\/\/www.europesays.com\/fr\/wp-json\/wp\/v2\/media?parent=29877"}],"wp:term":[{"taxonomy":"category","embeddable":true,"href":"https:\/\/www.europesays.com\/fr\/wp-json\/wp\/v2\/categories?post=29877"},{"taxonomy":"post_tag","embeddable":true,"href":"https:\/\/www.europesays.com\/fr\/wp-json\/wp\/v2\/tags?post=29877"}],"curies":[{"name":"wp","href":"https:\/\/api.w.org\/{rel}","templated":true}]}}