{"id":298770,"date":"2025-08-05T19:28:16","date_gmt":"2025-08-05T19:28:16","guid":{"rendered":"https:\/\/www.europesays.com\/fr\/298770\/"},"modified":"2025-08-05T19:28:16","modified_gmt":"2025-08-05T19:28:16","slug":"elle-est-vraiment-prete-a-tout-deux-aventuriers-de-koh-lanta-en-couple-une-autre-candidate-ne-le-supporterait-pas-et-cela-irait-loin","status":"publish","type":"post","link":"https:\/\/www.europesays.com\/fr\/298770\/","title":{"rendered":"\u00ab\u00a0Elle est vraiment pr\u00eate \u00e0 tout \u00a0\u00bb : Deux aventuriers de Koh-Lanta en couple, une autre candidate ne le supporterait pas et cela irait loin"},"content":{"rendered":"<p>La suite apr\u00e8s la publicit\u00e9<\/p>\n<p>En 2016, les routes de J\u00e9r\u00e9my et Candice se sont crois\u00e9es sur le tournage de Koh-Lanta, L&rsquo;\u00eele au tr\u00e9sor. Pour ne plus se quitter ensuite pendant dix ans et aller jusqu&rsquo;\u00e0 <a href=\"https:\/\/www.purepeople.com\/article\/candice-et-jeremy-koh-lanta-mariage-et-bebe-en-vue-confidences-exceptionnelles_a413714\/1\" rel=\"nofollow noopener\" target=\"_blank\">se fiancer et songer \u00e0 fonder une famille<\/a>. Oui mais voil\u00e0, en mars dernier la mauvaise nouvelle est tomb\u00e9e. Plus de mariage et clap de fin ! <a href=\"https:\/\/www.purepeople.com\/article\/mariage-annule-deux-candidats-emblematiques-de-koh-lanta-annoncent-leur-separation-denis-brogniart-reagit-a-chaud_a535398\/1\" rel=\"nofollow noopener\" target=\"_blank\">Les deux aventuriers se sont s\u00e9par\u00e9s<\/a>.<\/p>\n<p>\u201cComme vous l\u2019avez s\u00fbrement remarqu\u00e9 ces derniers temps, nous prenons des chemins diff\u00e9rents. On s\u2019est rencontr\u00e9s pour vivre notre r\u00eave, et puis on l\u2019a fait durer quelques ann\u00e9es encore. On a v\u00e9cu vraiment, vraiment des milliers de choses ensemble qui resteront de merveilleux souvenirs\u201d, avaient conjointement \u00e9crit Candice et J\u00e9r\u00e9my. Une annonce inattendue qui n&rsquo;avait pas manqu\u00e9 de faire r\u00e9agir <a href=\"https:\/\/www.purepeople.com\/people\/denis-brogniart_p1113\" rel=\"nofollow noopener\" target=\"_blank\">Denis Brogniart,<\/a> qui pr\u00e9sente Koh-Lanta depuis 2002 et qui les conna\u00eet tr\u00e8s bien. \u00ab\u00a0Pens\u00e9es pour vous deux ! Vous \u00eates 2 tr\u00e8s belles personnes. C\u2019est la vie. Et je vous la souhaite magnifique dans le futur. N\u2019oubliez jamais, la vie est belle. Je vous embrasse\u00a0\u00bb, avait alors comment\u00e9 le pr\u00e9sentateur star de TF1.<\/p>\n<p>Peu de temps apr\u00e8s, des rumeurs ont concern\u00e9 J\u00e9r\u00e9my qui se serait mis en couple avec une autre candidate de Koh-Lanta : Lola qui a particip\u00e9 en 2020 \u00e0 l&rsquo;\u00e9dition des 4 Terres. Certains ont alors accus\u00e9 l&rsquo;ancien aventurier d&rsquo;avoir \u00e9t\u00e9 infid\u00e8le \u00e0 Candice avant la fin de leur histoire. Des accusations qui n&rsquo;ont cess\u00e9 de prendre de l&rsquo;ampleur ces derniers temps. A tel point que Lola et J\u00e9r\u00e9my ont choisi de s&rsquo;exprimer ce mardi 5 ao\u00fbt pour expliquer leur v\u00e9rit\u00e9. Oui ils sont bien en couple mais Lola accuse Candice de ne pas supporter leur histoire d&rsquo;amour et de leur en faire voir de toutes les couleurs&#8230;<\/p>\n<p>Lola et J\u00e9r\u00e9my de Koh-Lanta en couple, ils donnent leurs versions sur Candice<\/p>\n<p>\u00ab\u00a0NON, elle n&rsquo;\u00e9tait plus avec J\u00e9r\u00e9my pendant son voyage \u00e0 Bali. <strong>Elle s&rsquo;accrochait encore \u00e0 un espoir, faisait TOUT pour ne pas le laisser partir. Elle s&rsquo;est invent\u00e9e plein de pr\u00e9textes graves pour le retenir, elle \u00e9tait dans un \u00e9tat de d\u00e9tresse tellement dangereux que, oui, J\u00e9r\u00e9my \u00e9tait encore l\u00e0 pour elle et a TOUT fait pour qu&rsquo;aucun malheur n&rsquo;arrive<\/strong>. Il a m\u00eame retard\u00e9 la vraie rupture parce que, comme il l&rsquo;a dit, il n&rsquo;y aurait jamais eu de bon moment ni de bonne fa\u00e7on avec elle. Elle le d\u00e9peint comme une personne qui l&rsquo;a abandonn\u00e9e alors qu&rsquo;il s&rsquo;est abandonn\u00e9 lui-m\u00eame pour la secourir\u00a0\u00bb, \u00e9crit Lola dans sa story Instagram.<\/p>\n<p>La jeune femme accuse ensuite Candice d&rsquo;avoir voulu nuire \u00e0 son couple et de toujours lui en vouloir d&rsquo;\u00eatre avec son ex J\u00e9r\u00e9my. Au point de raconter des mensonges sur leur histoire d&rsquo;amour : \u00ab\u00a0<strong>C&rsquo;est \u00e0 ce moment-l\u00e0 que je me suis dit : Attention Lola, elle est vraiment pr\u00eate \u00e0 tout.<\/strong>&lsquo;\u00a0\u00bb Bien qu&rsquo;elle comprenne la d\u00e9tresse de Candice, Lola ne peut pas lui excuser ses gestes et notamment les plus r\u00e9cents lorsque des photos vol\u00e9es d&rsquo;elle avec J\u00e9r\u00e9my ont circul\u00e9 sur la Toile. \u00ab\u00a0Je comprends \u00e0 quel point \u00e7a pouvait \u00eatre compliqu\u00e9 pour elle de faire le deuil de cette relation\u00a0\u00bb, \u00e9crit Lola.<\/p>\n<p>De son c\u00f4t\u00e9, J\u00e9r\u00e9my a \u00e9galement publi\u00e9 un message dans sa story Instagram, d\u00e9sempar\u00e9. \u00ab\u00a0<strong>Je n&rsquo;ai jamais voulu faire de mal \u00e0 personne, n&rsquo;ai tromp\u00e9 personne. J&rsquo;ai d\u00e9\u00e7u des gens c&rsquo;est sur. Je n&rsquo;\u00e9tais plus heureux du tout et je ne rendais pas la personne avec moi heureuse non plus. Pourtant j&rsquo;ai tout essay\u00e9 ! J&rsquo;ai voulu partir et les conditions ont \u00e9t\u00e9 tr\u00e8s compliqu\u00e9es<\/strong>\u00ab\u00a0, \u00e9crit-il en \u00e9voquant son histoire d&rsquo;amour avec Candice. A bout, J\u00e9r\u00e9my a annonc\u00e9 prendre ses distances avec les r\u00e9seaux sociaux pendant une semaine, esp\u00e9rant que cela sera suffisant pour que les messages de haine se calment&#8230;<\/p>\n<p>Une histoire qui devrait sans aucun doute avoir une suite malheureusement..<\/p>\n","protected":false},"excerpt":{"rendered":"La suite apr\u00e8s la publicit\u00e9 En 2016, les routes de J\u00e9r\u00e9my et Candice se sont crois\u00e9es sur le&hellip;\n","protected":false},"author":2,"featured_media":298771,"comment_status":"","ping_status":"","sticky":false,"template":"","format":"standard","meta":{"footnotes":""},"categories":[1356],"tags":[58,59,1011,27,252,1364],"class_list":{"0":"post-298770","1":"post","2":"type-post","3":"status-publish","4":"format-standard","5":"has-post-thumbnail","7":"category-television","8":"tag-divertissement","9":"tag-entertainment","10":"tag-fr","11":"tag-france","12":"tag-television","13":"tag-tv"},"share_on_mastodon":{"url":"https:\/\/pubeurope.com\/@fr\/114977814049902810","error":""},"_links":{"self":[{"href":"https:\/\/www.europesays.com\/fr\/wp-json\/wp\/v2\/posts\/298770","targetHints":{"allow":["GET"]}}],"collection":[{"href":"https:\/\/www.europesays.com\/fr\/wp-json\/wp\/v2\/posts"}],"about":[{"href":"https:\/\/www.europesays.com\/fr\/wp-json\/wp\/v2\/types\/post"}],"author":[{"embeddable":true,"href":"https:\/\/www.europesays.com\/fr\/wp-json\/wp\/v2\/users\/2"}],"replies":[{"embeddable":true,"href":"https:\/\/www.europesays.com\/fr\/wp-json\/wp\/v2\/comments?post=298770"}],"version-history":[{"count":0,"href":"https:\/\/www.europesays.com\/fr\/wp-json\/wp\/v2\/posts\/298770\/revisions"}],"wp:featuredmedia":[{"embeddable":true,"href":"https:\/\/www.europesays.com\/fr\/wp-json\/wp\/v2\/media\/298771"}],"wp:attachment":[{"href":"https:\/\/www.europesays.com\/fr\/wp-json\/wp\/v2\/media?parent=298770"}],"wp:term":[{"taxonomy":"category","embeddable":true,"href":"https:\/\/www.europesays.com\/fr\/wp-json\/wp\/v2\/categories?post=298770"},{"taxonomy":"post_tag","embeddable":true,"href":"https:\/\/www.europesays.com\/fr\/wp-json\/wp\/v2\/tags?post=298770"}],"curies":[{"name":"wp","href":"https:\/\/api.w.org\/{rel}","templated":true}]}}