{"id":298774,"date":"2025-08-05T19:30:13","date_gmt":"2025-08-05T19:30:13","guid":{"rendered":"https:\/\/www.europesays.com\/fr\/298774\/"},"modified":"2025-08-05T19:30:13","modified_gmt":"2025-08-05T19:30:13","slug":"la-reecriture-polemique-des-origines-de-superman-sest-revelee-etre-un-retournement-magistral","status":"publish","type":"post","link":"https:\/\/www.europesays.com\/fr\/298774\/","title":{"rendered":"La r\u00e9\u00e9criture pol\u00e9mique des origines de Superman s\u2019est r\u00e9v\u00e9l\u00e9e \u00eatre un retournement magistral"},"content":{"rendered":"<p class=\"chapo\">La r\u00e9cente r\u00e9\u00e9criture des origines de Superman a suscit\u00e9 de vives r\u00e9actions parmi les fans et les critiques. Pourtant, cette d\u00e9cision sc\u00e9naristique, loin de faire l\u2019unanimit\u00e9, s\u2019est r\u00e9v\u00e9l\u00e9e \u00eatre une \u00e9volution narrative particuli\u00e8rement audacieuse pour le personnage.<\/p>\n<p>Tl;dr<\/p>\n<ul>\n<li>James Gunn modifie l\u2019origine de Superman au cin\u00e9ma.<\/li>\n<li>Les parents kryptoniens souhaitent qu\u2019il domine l\u2019humanit\u00e9.<\/li>\n<li>Ce choix accentue l\u2019influence humaine sur Superman.<\/li>\n<\/ul>\n<p>Une origine revisit\u00e9e qui divise les fans<\/p>\n<p>Depuis la sortie mondiale de <strong>Superman<\/strong>, orchestr\u00e9e par James Gunn, le d\u00e9bat enfle autour d\u2019un point pr\u00e9cis : la nouvelle interpr\u00e9tation des origines du c\u00e9l\u00e8bre super-h\u00e9ros. Le long-m\u00e9trage, qui a d\u00e9j\u00e0 r\u00e9colt\u00e9 plus de <strong>551 millions de dollars<\/strong> au box-office, n\u2019a pas manqu\u00e9 de surprendre avec une modification majeure du mythe fondateur.<\/p>\n<p>Cette fois, ce ne sont plus seulement les menaces pesant sur Krypton qui poussent Jor-El et Lara Lor-Van \u00e0 envoyer leur fils vers la Terre : ils souhaitent \u00e9galement qu\u2019il y impose sa domination, un virage inattendu qui bouscule la tradition.<\/p>\n<p>L\u2019influence d\u00e9terminante des Kent<\/p>\n<p>Ce bouleversement ne laisse pas indiff\u00e9rent, loin de l\u00e0. Pour beaucoup, cette r\u00e9\u00e9criture remet en cause la figure rassurante des parents biologiques du h\u00e9ros et pose la question cruciale : qu\u2019est-ce qui fait vraiment de <strong>Clark Kent<\/strong> un symbole d\u2019espoir ?<\/p>\n<p>Ici, le contraste avec John et Martha Kent, ses parents adoptifs terriens, est radicalement accentu\u00e9. Ce sont leurs valeurs humaines \u2013 patience, bont\u00e9, modestie \u2013 qui s\u2019imposent finalement face aux ambitions imp\u00e9rialistes des Kryptoniens.<\/p>\n<p>Derri\u00e8re le choix sc\u00e9naristique\u00a0: identit\u00e9 et libre arbitre<\/p>\n<p>Certains spectateurs <a href=\"https:\/\/www.24matins.fr\/lex-interprete-de-superman-critique-vertement-le-virage-woke-du-dcu-selon-james-gunn-1392480\" target=\"_blank\" rel=\"noopener nofollow\">regrettent une trahison du mat\u00e9riau original<\/a> et esp\u00e8rent une pirouette narrative sign\u00e9e Lex Luthor. Pourtant, ce tournant puise directement dans les r\u00e9cits comics post-Crisis, comme The Man of Steel de John Byrne. Surtout, il permet \u00e0 Gunn d\u2019insister sur un aspect essentiel\u00a0: l\u2019humanit\u00e9 n\u2019est jamais acquise d\u2019office chez Superman ; elle se choisit et se cultive.<\/p>\n<p>Face \u00e0 deux h\u00e9ritages antagonistes, Clark doit trancher et choisir sa voie :<\/p>\n<ul>\n<li>D\u00e9sob\u00e9ir \u00e0 son destin g\u00e9n\u00e9tique pour embrasser l\u2019\u00e9thique terrestre.<\/li>\n<li>S\u2019affirmer contre une filiation impos\u00e9e pour mieux grandir.<\/li>\n<li>Tirer sa force du foyer Kent plut\u00f4t que du sang Kryptonien.<\/li>\n<\/ul>\n<p>Cette tension enrichit le personnage et offre de nouvelles pistes pour explorer ses racines dans les prochains films DCU. Quelles cons\u00e9quences aura ce pass\u00e9 trouble sur Supergirl ou sur d\u2019\u00e9ventuelles civilisations conquises par Krypton ? Les enjeux promettent d\u2019aller bien au-del\u00e0 du simple choc des cultures.<\/p>\n<p>Bilan\u00a0: audace salu\u00e9e ou sacril\u00e8ge ?<\/p>\n<p>En prenant le risque d\u2019alt\u00e9rer un pilier aussi embl\u00e9matique que l\u2019origine de Superman, James Gunn relance une vieille discussion\u00a0: faut-il suivre aveugl\u00e9ment les textes fondateurs ou oser les d\u00e9tourner pour interroger nos mythes modernes ?<\/p>\n<p>Une chose est s\u00fbre\u00a0: cette version donne toute leur place aux choix individuels et \u00e0 la complexit\u00e9 morale. Reste \u00e0 voir jusqu\u2019o\u00f9 le r\u00e9alisateur sera pr\u00eat \u00e0 aller\u2026 mais si jamais il touche aux parents de Batman, la pol\u00e9mique pourrait prendre une tout autre ampleur.<\/p>\n","protected":false},"excerpt":{"rendered":"La r\u00e9cente r\u00e9\u00e9criture des origines de Superman a suscit\u00e9 de vives r\u00e9actions parmi les fans et les critiques.&hellip;\n","protected":false},"author":2,"featured_media":298775,"comment_status":"","ping_status":"","sticky":false,"template":"","format":"standard","meta":{"footnotes":""},"categories":[1354],"tags":[58,59,1346,1011,27,1360],"class_list":{"0":"post-298774","1":"post","2":"type-post","3":"status-publish","4":"format-standard","5":"has-post-thumbnail","7":"category-films","8":"tag-divertissement","9":"tag-entertainment","10":"tag-films","11":"tag-fr","12":"tag-france","13":"tag-movies"},"share_on_mastodon":{"url":"https:\/\/pubeurope.com\/@fr\/114977821489885650","error":""},"_links":{"self":[{"href":"https:\/\/www.europesays.com\/fr\/wp-json\/wp\/v2\/posts\/298774","targetHints":{"allow":["GET"]}}],"collection":[{"href":"https:\/\/www.europesays.com\/fr\/wp-json\/wp\/v2\/posts"}],"about":[{"href":"https:\/\/www.europesays.com\/fr\/wp-json\/wp\/v2\/types\/post"}],"author":[{"embeddable":true,"href":"https:\/\/www.europesays.com\/fr\/wp-json\/wp\/v2\/users\/2"}],"replies":[{"embeddable":true,"href":"https:\/\/www.europesays.com\/fr\/wp-json\/wp\/v2\/comments?post=298774"}],"version-history":[{"count":0,"href":"https:\/\/www.europesays.com\/fr\/wp-json\/wp\/v2\/posts\/298774\/revisions"}],"wp:featuredmedia":[{"embeddable":true,"href":"https:\/\/www.europesays.com\/fr\/wp-json\/wp\/v2\/media\/298775"}],"wp:attachment":[{"href":"https:\/\/www.europesays.com\/fr\/wp-json\/wp\/v2\/media?parent=298774"}],"wp:term":[{"taxonomy":"category","embeddable":true,"href":"https:\/\/www.europesays.com\/fr\/wp-json\/wp\/v2\/categories?post=298774"},{"taxonomy":"post_tag","embeddable":true,"href":"https:\/\/www.europesays.com\/fr\/wp-json\/wp\/v2\/tags?post=298774"}],"curies":[{"name":"wp","href":"https:\/\/api.w.org\/{rel}","templated":true}]}}