{"id":298784,"date":"2025-08-05T19:35:15","date_gmt":"2025-08-05T19:35:15","guid":{"rendered":"https:\/\/www.europesays.com\/fr\/298784\/"},"modified":"2025-08-05T19:35:15","modified_gmt":"2025-08-05T19:35:15","slug":"ils-allaient-le-tuer-comment-un-village-sest-mobilise-pour-sauver-deux-retraites-tabasses-par-des-cambrioleurs","status":"publish","type":"post","link":"https:\/\/www.europesays.com\/fr\/298784\/","title":{"rendered":"\u00ab\u00a0Ils allaient le tuer\u00a0\u00bb\u00a0: comment un village s\u2019est mobilis\u00e9 pour sauver deux retrait\u00e9s tabass\u00e9s par des cambrioleurs"},"content":{"rendered":"<p class=\"paragraph text_align_left lp-f-body-02\">\u00ab Je suis mont\u00e9 \u00e0 l\u2019escabeau au-dessus du muret, mon voisin est arriv\u00e9 vers moi le visage en sang ! J\u2019ai cri\u00e9 bien fort pour mettre les agresseurs en fuite et je lui ai dit Ne t\u2019inqui\u00e8te pas, tu n\u2019es pas seul \u00bb. Cette nuit du 4 au 5 ao\u00fbt, Renald n\u2019a pas dormi sur ses deux oreilles. Ce lundi soir, cet habitant de <a href=\"https:\/\/www.leparisien.fr\/oise-60\/pontpoint-60700\/\" target=\"_blank\" rel=\"noreferrer noopener\">Pontpoint<\/a>, une petite ville de 3 200 habitants \u00e0 l\u2019est de Creil, <a href=\"https:\/\/www.leparisien.fr\/oise-60\/\" target=\"_self\" rel=\"noopener\">dans l\u2019Oise<\/a>, a v\u00e9cu une sc\u00e8ne digne d\u2019un film d\u2019horreur.<\/p>\n<p class=\"paragraph text_align_left lp-f-body-02\">Alors qu\u2019il rentre chez lui apr\u00e8s avoir bu un verre avec des amis vers 20h15, il entend derri\u00e8re la haie de ses voisins, un couple de retrait\u00e9s \u00e2g\u00e9s de 73 et 74 ans, un cri de femme et un bruit de vitre cass\u00e9e.<\/p>\n","protected":false},"excerpt":{"rendered":"\u00ab Je suis mont\u00e9 \u00e0 l\u2019escabeau au-dessus du muret, mon voisin est arriv\u00e9 vers moi le visage en&hellip;\n","protected":false},"author":2,"featured_media":298785,"comment_status":"","ping_status":"","sticky":false,"template":"","format":"standard","meta":{"footnotes":""},"categories":[6],"tags":[35,33,34,118,1011,27,1944,1940],"class_list":{"0":"post-298784","1":"post","2":"type-post","3":"status-publish","4":"format-standard","5":"has-post-thumbnail","7":"category-economie","8":"tag-business","9":"tag-economie","10":"tag-economy","11":"tag-faits-divers","12":"tag-fr","13":"tag-france","14":"tag-ma-ville","15":"tag-oise"},"share_on_mastodon":{"url":"https:\/\/pubeurope.com\/@fr\/114977841065881619","error":""},"_links":{"self":[{"href":"https:\/\/www.europesays.com\/fr\/wp-json\/wp\/v2\/posts\/298784","targetHints":{"allow":["GET"]}}],"collection":[{"href":"https:\/\/www.europesays.com\/fr\/wp-json\/wp\/v2\/posts"}],"about":[{"href":"https:\/\/www.europesays.com\/fr\/wp-json\/wp\/v2\/types\/post"}],"author":[{"embeddable":true,"href":"https:\/\/www.europesays.com\/fr\/wp-json\/wp\/v2\/users\/2"}],"replies":[{"embeddable":true,"href":"https:\/\/www.europesays.com\/fr\/wp-json\/wp\/v2\/comments?post=298784"}],"version-history":[{"count":0,"href":"https:\/\/www.europesays.com\/fr\/wp-json\/wp\/v2\/posts\/298784\/revisions"}],"wp:featuredmedia":[{"embeddable":true,"href":"https:\/\/www.europesays.com\/fr\/wp-json\/wp\/v2\/media\/298785"}],"wp:attachment":[{"href":"https:\/\/www.europesays.com\/fr\/wp-json\/wp\/v2\/media?parent=298784"}],"wp:term":[{"taxonomy":"category","embeddable":true,"href":"https:\/\/www.europesays.com\/fr\/wp-json\/wp\/v2\/categories?post=298784"},{"taxonomy":"post_tag","embeddable":true,"href":"https:\/\/www.europesays.com\/fr\/wp-json\/wp\/v2\/tags?post=298784"}],"curies":[{"name":"wp","href":"https:\/\/api.w.org\/{rel}","templated":true}]}}