{"id":298786,"date":"2025-08-05T19:36:12","date_gmt":"2025-08-05T19:36:12","guid":{"rendered":"https:\/\/www.europesays.com\/fr\/298786\/"},"modified":"2025-08-05T19:36:12","modified_gmt":"2025-08-05T19:36:12","slug":"apres-deux-violations-par-des-drones-presumes-russes-la-lituanie-demande-a-lotan-de-renforcer-sa-defense-aerienne","status":"publish","type":"post","link":"https:\/\/www.europesays.com\/fr\/298786\/","title":{"rendered":"Apr\u00e8s deux violations par des drones pr\u00e9sum\u00e9s russes, la Lituanie demande \u00e0 l&rsquo;Otan de renforcer sa d\u00e9fense a\u00e9rienne"},"content":{"rendered":"<p><img fetchpriority=\"high\" decoding=\"async\" src=\"https:\/\/www.europesays.com\/fr\/wp-content\/uploads\/2025\/08\/gerbera-20250805.jpg\" alt=\"\" width=\"600\" height=\"483\" class=\"alignnone size-full wp-image-83290\"  \/><\/p>\n<p>Depuis le d\u00e9but de la guerre en Ukraine, il est arriv\u00e9 \u00e0 plusieurs reprises que des missiles et des drones ukrainiens et, le plus souvent, russes, se soient \u00e9gar\u00e9s dans les espaces a\u00e9riens de pays frontaliers, comme la Pologne, la Roumanie ou encore la Roumanie. Mais ces derniers ne sont pas les seuls \u00e0 d\u00e9plorer de tels incidents. <\/p>\n<p>Ainsi, en mars 2022, un drone de reconnaissance Tu-141 \u00ab\u00a0Strizh\u00a0\u00bb, de conception sovi\u00e9tique, s\u2019\u00e9tait \u00e9cras\u00e9 sur un quartier de Zagreb [Croatie] apr\u00e8s avoir survol\u00e9 la Roumanie et la Hongrie. Si elle avait confirm\u00e9 que cet appareil portait une bombe \u00e0 fragmentation OFAB 100-120, l\u2019enqu\u00eate n\u2019avait pas permis de pr\u00e9ciser son origine. <\/p>\n<p>Plus r\u00e9cemment, un drone \u00ab\u00a0kamikaze\u00a0\u00bb Shahed-136 [ou  Geran-2] avait \u00e9t\u00e9 d\u00e9couvert en Lettonie, pr\u00e8s de la localit\u00e9 de de Rezekne. \u00ab\u00a0L\u2019ogive explosive s\u2019est enfonc\u00e9e d\u2019un demi-m\u00e8tre dans le sol et a \u00e9t\u00e9 neutralis\u00e9e sur place\u00a0\u00bb, avait expliqu\u00e9 l\u2019\u00e9tat-major des forces arm\u00e9es lettones. Et de pr\u00e9ciser que, ayant d\u00e9vi\u00e9 de sa trajectoire, ce drone n\u2019avait \u00ab\u00a0pas vis\u00e9 de cible militaire\u00a0\u00bb. <\/p>\n<p>Encore plus \u00e9loign\u00e9e de l\u2019Ukraine mais partageant une fronti\u00e8re avec la Russie, via Kaliningrad, la Lituanie a fait \u00e9tat, en juillet, de deux violations de son espace a\u00e9rien par des drones pr\u00e9sum\u00e9s russes. <\/p>\n<p>La premi\u00e8re a lieu le 10 juillet. L\u2019appareil en question, de type Gerbera, c\u2019est-\u00e0-dire un drone utilis\u00e9 par les forces russes pour leurrer les d\u00e9fenses adverses, a bri\u00e8vement viol\u00e9 l\u2019espace a\u00e9rien de la Lituanie, ce qui a conduit certains responsables du pays, dont le Premier ministre et le pr\u00e9sident du Parlement, \u00e0 se r\u00e9fugier dans un abri.  <\/p>\n<p>Ce drone avait \u00e9t\u00e9 suivi par les forces lituaniennes quand il volait au-dessus de la Bi\u00e9lorussie. \u00ab\u00a0Nous pouvons confirmer qu\u2019il s\u2019agit d\u2019un Gerbera. Pour le moment, nous n\u2019avons aucune donn\u00e9e indiquant que l\u2019objet a \u00e9t\u00e9 envoy\u00e9 d\u00e9lib\u00e9r\u00e9ment sur notre territoire\u00a0\u00bb, avait ensuite expliqu\u00e9 Dovil\u0117 \u0160akalien\u0117, la ministre lituanienne de la D\u00e9fense. Et d\u2019ajouter : \u00ab\u00a0L\u2019objet est tomb\u00e9 tr\u00e8s rapidement et [\u2026] n\u2019a d\u00e9finitivement pas pr\u00e9sent\u00e9 de menace\u00a0\u00bb. D\u2019ailleurs, les avions de chasse d\u00e9ploy\u00e9s \u00e0 \u0160iauliai, dans le cadre de la mission Baltic Air Policing de l\u2019Otan, n\u2019avaient pas \u00e9t\u00e9 sollicit\u00e9s. <\/p>\n<p>Comme ils ne l\u2019ont pas \u00e9t\u00e9 pour un deuxi\u00e8me incident du m\u00eame genre, survenu le 28 juillet. Ce jour-l\u00e0, en provenance de Bi\u00e9lorussie, un drone pr\u00e9sum\u00e9 russe a survol\u00e9 Vilnius avant de dispara\u00eetre. Il n\u2019a \u00e9t\u00e9 retrouv\u00e9 que le 1er ao\u00fbt, dans le p\u00e9rim\u00e8tre du terrain d\u2019entra\u00eenement militaire de Gai\u017ei\u016bnai, situ\u00e9 pr\u00e8s de la ville de Rukla, qui accueille un bataillon multinational de l\u2019Otan. <\/p>\n<p>\u00ab\u00a0Il est probable qu\u2019il s\u2019agisse du m\u00eame drone qui a p\u00e9n\u00e9tr\u00e9 sur le territoire lituanien lundi. D\u2019apr\u00e8s les premi\u00e8res informations, il s\u2019agirait d\u2019un drone Gerbera, mais les d\u00e9tails seront pr\u00e9cis\u00e9s ult\u00e9rieurement\u00a0\u00bb, a alors indiqu\u00e9 l\u2019\u00e9tat-major lituanien. <\/p>\n<p>Au passage, s\u2019il est utilis\u00e9 comme leurre, le drone Gerbera peut \u00eatre \u00e9quip\u00e9 d\u2019une cam\u00e9ra et d\u2019une petite charge explosive. Construit en polystyr\u00e8ne, en mousse plastique et en contreplaqu\u00e9, il int\u00e8gre des composants \u00e9lectroniques disponibles sur le march\u00e9 grand public. <\/p>\n<p>Quoi qu\u2019il en soit, ce 5 ao\u00fbt, Mme le procureur g\u00e9n\u00e9ral lituanien, Nida Grunskien\u0117, a fait savoir que le drone trouv\u00e9 \u00e0 Gai\u017ei\u016bnai portait un \u00ab\u00a0engin explosif qui a \u00e9t\u00e9 neutralis\u00e9 avec succ\u00e8s sur place\u00a0\u00bb. \u00ab\u00a0L\u2019une des principales hypoth\u00e8ses de l\u2019enqu\u00eate est que cet appareil a p\u00e9n\u00e9tr\u00e9 accidentellement sur le territoire lituanien\u00a0\u00bb, a-t-elle dit, avant de pr\u00e9ciser que \u00ab\u00a0d\u2019autres th\u00e9ories font l\u2019objet d\u2019une enqu\u00eate parall\u00e8le\u00a0\u00bb. <\/p>\n<p>Dans la foul\u00e9e, le gouvernement lituanien a fait savoir qu\u2019il avait demand\u00e9 \u00e0 l\u2019Otan de prendre des \u00ab\u00a0mesures imm\u00e9diates\u00a0\u00bb. <\/p>\n<blockquote class=\"twitter-tweet\">\n<p lang=\"en\" dir=\"ltr\">Last Monday, a Russian military drone violated Lithuanian airspace. This marks the second such incident in less than a month. Similar airspace violations have also been reported recently by other Allies.<\/p>\n<p>These repeated incidents represent an alarming sign of the spillover of\u2026<\/p>\n<p>\u2014 K\u0119stutis Budrys (@BudrysKestutis) <a href=\"https:\/\/twitter.com\/BudrysKestutis\/status\/1952740692381348081?ref_src=twsrc%5Etfw\" target=\"_blank\" rel=\"noopener\">August 5, 2025<\/a><\/p>\n<\/blockquote>\n<p>\u00ab\u00a0Il s\u2019agit du deuxi\u00e8me incident de ce type en moins d\u2019un mois. Des violations similaires de l\u2019espace a\u00e9rien ont \u00e9galement \u00e9t\u00e9 signal\u00e9es r\u00e9cemment par d\u2019autres Alli\u00e9s. Ces incidents r\u00e9p\u00e9t\u00e9s repr\u00e9sentent un signe alarmant du d\u00e9bordement de l\u2019agression de la Russie contre l\u2019Ukraine sur le territoire de l\u2019Otan\u00a0\u00bb, a fait valoir K\u0119stutis Budrys, le ministre lituanien des Affaires \u00e9trang\u00e8res, via le r\u00e9seau social X. <\/p>\n<p>Aussi, il a fait savoir que, avec Mme \u0160akalien\u0117, il avait adress\u00e9 une lettre \u00e0 Mark Rutte, le secr\u00e9taire g\u00e9n\u00e9ral de l\u2019Otan, pour qu\u2019il prenne des \u00ab\u00a0mesures imm\u00e9diates pour renforcer les capacit\u00e9s de d\u00e9fense a\u00e9rienne de la Lituanie\u00a0\u00bb. <\/p>\n<p>\u00ab\u00a0La d\u00e9fense a\u00e9rienne est essentielle \u00e0 la s\u00e9curit\u00e9 des Alli\u00e9s. La s\u00e9curisation du flanc oriental de l\u2019Otan doit rester une priorit\u00e9 absolue pour l\u2019Alliance\u00a0\u00bb, a insist\u00e9 M. Budrys.<\/p>\n<p>Par ailleurs, le chef de la diplomatie lituanienne a point\u00e9 la responsabilit\u00e9 de la Bi\u00e9lorussie dans ces deux incidents. \u00ab\u00a0Si celle-ci ne prend pas de mesure pour minimiser les dommages potentiels de notre c\u00f4t\u00e9, alors nous r\u00e9pondrons par des mesures politiques et autres\u00a0\u00bb, a-t-il pr\u00e9venu. <\/p>\n<p>Photo : Drone Gerbera \u2013 illustration<\/p>\n<p>\t\t\t\t\t\t\t\t\t\t\t\t\t<script async src=\"https:\/\/platform.twitter.com\/widgets.js\" charset=\"utf-8\"><\/script><\/p>\n","protected":false},"excerpt":{"rendered":"Depuis le d\u00e9but de la guerre en Ukraine, il est arriv\u00e9 \u00e0 plusieurs reprises que des missiles et&hellip;\n","protected":false},"author":2,"featured_media":298787,"comment_status":"","ping_status":"","sticky":false,"template":"","format":"standard","meta":{"footnotes":""},"categories":[5],"tags":[11,17059,15470,564,39123,1011,27,43878,131,14,2050,12,136,132,43879,28],"class_list":{"0":"post-298786","1":"post","2":"type-post","3":"status-publish","4":"format-standard","5":"has-post-thumbnail","7":"category-international","8":"tag-actualites","9":"tag-bielorussie","10":"tag-defense-aerienne","11":"tag-drone","12":"tag-espace-aerien","13":"tag-fr","14":"tag-france","15":"tag-gerbera","16":"tag-guerre-en-ukraine","17":"tag-international","18":"tag-lituanie","19":"tag-news","20":"tag-otan","21":"tag-russie","22":"tag-violation","23":"tag-world"},"share_on_mastodon":{"url":"https:\/\/pubeurope.com\/@fr\/114977845090491378","error":""},"_links":{"self":[{"href":"https:\/\/www.europesays.com\/fr\/wp-json\/wp\/v2\/posts\/298786","targetHints":{"allow":["GET"]}}],"collection":[{"href":"https:\/\/www.europesays.com\/fr\/wp-json\/wp\/v2\/posts"}],"about":[{"href":"https:\/\/www.europesays.com\/fr\/wp-json\/wp\/v2\/types\/post"}],"author":[{"embeddable":true,"href":"https:\/\/www.europesays.com\/fr\/wp-json\/wp\/v2\/users\/2"}],"replies":[{"embeddable":true,"href":"https:\/\/www.europesays.com\/fr\/wp-json\/wp\/v2\/comments?post=298786"}],"version-history":[{"count":0,"href":"https:\/\/www.europesays.com\/fr\/wp-json\/wp\/v2\/posts\/298786\/revisions"}],"wp:featuredmedia":[{"embeddable":true,"href":"https:\/\/www.europesays.com\/fr\/wp-json\/wp\/v2\/media\/298787"}],"wp:attachment":[{"href":"https:\/\/www.europesays.com\/fr\/wp-json\/wp\/v2\/media?parent=298786"}],"wp:term":[{"taxonomy":"category","embeddable":true,"href":"https:\/\/www.europesays.com\/fr\/wp-json\/wp\/v2\/categories?post=298786"},{"taxonomy":"post_tag","embeddable":true,"href":"https:\/\/www.europesays.com\/fr\/wp-json\/wp\/v2\/tags?post=298786"}],"curies":[{"name":"wp","href":"https:\/\/api.w.org\/{rel}","templated":true}]}}