{"id":298793,"date":"2025-08-05T19:41:11","date_gmt":"2025-08-05T19:41:11","guid":{"rendered":"https:\/\/www.europesays.com\/fr\/298793\/"},"modified":"2025-08-05T19:41:11","modified_gmt":"2025-08-05T19:41:11","slug":"meurthe-et-moselle-un-petit-groupe-de-caravanes-menace-dexpulsion-par-carrefour-a-essey-les-nancy","status":"publish","type":"post","link":"https:\/\/www.europesays.com\/fr\/298793\/","title":{"rendered":"Meurthe-et-Moselle. Un petit groupe de caravanes menac\u00e9 d\u2019expulsion par Carrefour \u00e0 Essey-l\u00e8s-Nancy"},"content":{"rendered":"<p>Ce ne sont que cinq ou six caravanes appartenant \u00e0 un petit groupe de gens du voyage. Elles ont\u00a0fait leur apparition \ufeffd\u00e9but\u00a0juillet dans ce qui ressemble \u00e0 un champ qui jouxte l\u2019hypermarch\u00e9 Carrefour d\u2019Essey.\u00a0On est loin des envahissements massifs de terrains redout\u00e9s actuellement\u00a0par certaines communes et agriculteurs <a href=\"https:\/\/www.estrepublicain.fr\/faits-divers-justice\/2025\/08\/04\/gens-du-voyage-un-dossier-sensible-en-lorraine\" target=\"_blank\" rel=\"noopener\">en raison de la tenue \u00e0 la fin du mois d\u2019un grand rassemblement \u00e9vang\u00e9lique \u00e0 Grostenquin en Moselle.<\/a><\/p>\n<p>Mais aussi limit\u00e9e soit-elle, l\u2019occupation d\u2019une parcelle sans autorisation reste ill\u00e9gale et Carrefour qui est propri\u00e9taire des espaces d\u2019herbe \u00ab\u00a0squatt\u00e9s\u00a0\u00bb \u00e0 la sortie de sa station-service d\u2019Essey, a d\u00e9cid\u00e9 de r\u00e9agir. L\u2019enseigne a envoy\u00e9 un huissier le 11\u00a0juillet pour constater la pr\u00e9sence de la demi-douzaine de caravanes.<\/p>\n<p>\u00ab\u00a0L\u2019huissier a aussi constat\u00e9 que l\u2019armoire m\u00e9tallique contenant l\u2019installation \u00e9lectrique du centre commercial et de la galerie marchande avait \u00e9t\u00e9 ouverte et que les gens du voyage s\u2019en \u00e9taient donc servis pour alimenter en \u00e9lectricit\u00e9 leurs caravanes\u00a0\u00bb, souligne l\u2019un des avocats de l\u2019enseigne, Me Raoul\u00a0Gottlich.<\/p>\n<p>  D\u00e9cision vendredi et\u00a0d\u00e9part promis ce\u00a0dimanche<\/p>\n<p>Avec sa cons\u0153ur de Lille, Me Clotilde Hauwel, il a lanc\u00e9 une proc\u00e9dure pour obtenir l\u2019expulsion des caravanes. La demande a \u00e9t\u00e9 d\u00e9pos\u00e9e en r\u00e9f\u00e9r\u00e9, c\u2019est-\u00e0-dire en urgence, ce mardi, devant le tribunal judiciaire. Les avocats de Carrefour\u00a0n\u2019ont pas eu besoin de\u00a0plaider.<\/p>\n<p>Car ils n\u2019ont eu aucun adversaire face \u00e0 eux. Aucun des membres du petit groupe de gens du voyage n\u2019a assist\u00e9 \u00e0 l\u2019audience et aucun avocat n\u2019a plaid\u00e9 leur cause. Il faut dire que le r\u00e9sultat des courses judiciaires ne fait pas vraiment de doute. Le tribunal a mis sa d\u00e9cision en d\u00e9lib\u00e9r\u00e9 \u00e0 vendredi mais il devrait sans surprise faire droit \u00e0 la demande de Carrefour et ordonner l\u2019expulsion \u00ab\u00a0imm\u00e9diate et sans d\u00e9lai\u00a0\u00bb des caravanes avec le \u00ab\u00a0concours de la force publique\u00a0\u00bb s\u2019il le faut.<\/p>\n<p>L\u2019intervention de la police ou de la gendarmerie ne devrait toutefois pas \u00eatre n\u00e9cessaire. Interrog\u00e9e sur place, l\u2019une des membres du groupe de gens du voyage qui \u00e9tait parfaitement au courant de la proc\u00e9dure judiciaire en cours, affirme en effet que \u00ab\u00a0tout le monde va partir ce dimanche\u00a0\u00bb.<\/p>\n","protected":false},"excerpt":{"rendered":"Ce ne sont que cinq ou six caravanes appartenant \u00e0 un petit groupe de gens du voyage. Elles&hellip;\n","protected":false},"author":2,"featured_media":298794,"comment_status":"","ping_status":"","sticky":false,"template":"","format":"standard","meta":{"footnotes":""},"categories":[9635],"tags":[1111,11,1707,1704,1706,1705,11361,1777,674,274,1011,27,775,11362,3457,1702,12,25],"class_list":{"0":"post-298793","1":"post","2":"type-post","3":"status-publish","4":"format-standard","5":"has-post-thumbnail","7":"category-nancy","8":"tag-actu","9":"tag-actualites","10":"tag-edition-luneville","11":"tag-edition-nancy-et-agglomeration","12":"tag-edition-pont-a-mousson","13":"tag-edition-toul","14":"tag-essey-les-nancy","15":"tag-eu","16":"tag-europe","17":"tag-faits-divers-justice","18":"tag-fr","19":"tag-france","20":"tag-grand-est","21":"tag-metropole-du-grand-nancy-54b3","22":"tag-meurthe-et-moselle","23":"tag-nancy","24":"tag-news","25":"tag-republique-francaise"},"share_on_mastodon":{"url":"https:\/\/pubeurope.com\/@fr\/114977864579190169","error":""},"_links":{"self":[{"href":"https:\/\/www.europesays.com\/fr\/wp-json\/wp\/v2\/posts\/298793","targetHints":{"allow":["GET"]}}],"collection":[{"href":"https:\/\/www.europesays.com\/fr\/wp-json\/wp\/v2\/posts"}],"about":[{"href":"https:\/\/www.europesays.com\/fr\/wp-json\/wp\/v2\/types\/post"}],"author":[{"embeddable":true,"href":"https:\/\/www.europesays.com\/fr\/wp-json\/wp\/v2\/users\/2"}],"replies":[{"embeddable":true,"href":"https:\/\/www.europesays.com\/fr\/wp-json\/wp\/v2\/comments?post=298793"}],"version-history":[{"count":0,"href":"https:\/\/www.europesays.com\/fr\/wp-json\/wp\/v2\/posts\/298793\/revisions"}],"wp:featuredmedia":[{"embeddable":true,"href":"https:\/\/www.europesays.com\/fr\/wp-json\/wp\/v2\/media\/298794"}],"wp:attachment":[{"href":"https:\/\/www.europesays.com\/fr\/wp-json\/wp\/v2\/media?parent=298793"}],"wp:term":[{"taxonomy":"category","embeddable":true,"href":"https:\/\/www.europesays.com\/fr\/wp-json\/wp\/v2\/categories?post=298793"},{"taxonomy":"post_tag","embeddable":true,"href":"https:\/\/www.europesays.com\/fr\/wp-json\/wp\/v2\/tags?post=298793"}],"curies":[{"name":"wp","href":"https:\/\/api.w.org\/{rel}","templated":true}]}}