{"id":298804,"date":"2025-08-05T19:54:18","date_gmt":"2025-08-05T19:54:18","guid":{"rendered":"https:\/\/www.europesays.com\/fr\/298804\/"},"modified":"2025-08-05T19:54:18","modified_gmt":"2025-08-05T19:54:18","slug":"un-attaquant-dans-le-viseur-du-corinthians","status":"publish","type":"post","link":"https:\/\/www.europesays.com\/fr\/298804\/","title":{"rendered":"un attaquant dans le viseur du Corinthians"},"content":{"rendered":"<p>Le march\u00e9 des transferts br\u00e9silien s\u00a0\u00bbanime autour d&rsquo;<strong>Andr\u00e9s Gomez<\/strong>, l&rsquo;ailier international colombien du Stade Rennais qui suscite un v\u00e9ritable engouement outre-Atlantique. Alors que les n\u00e9gociations avec le Vasco de Gama semblaient bien avanc\u00e9es, l&rsquo;entr\u00e9e en sc\u00e8ne du <strong>Corinthians de S\u00e3o Paulo<\/strong> vient bouleverser la donne et relancer la bataille pour s&rsquo;attacher les services du joueur de 23 ans. Cette situation t\u00e9moigne de l&rsquo;attractivit\u00e9 croissante du championnat br\u00e9silien pour les talents sud-am\u00e9ricains \u00e9voluant en Europe, particuli\u00e8rement ceux qui peinent \u00e0 s&rsquo;imposer dans leurs clubs actuels. L&rsquo;int\u00e9r\u00eat simultan\u00e9 de deux formations prestigieuses du football br\u00e9silien pour Gomez illustre parfaitement les dynamiques du mercato moderne, o\u00f9 les clubs cherchent \u00e0 optimiser leurs investissements par des formules de pr\u00eat avec option d&rsquo;achat. Pour Rennes, cette situation repr\u00e9sente une opportunit\u00e9 de valoriser un joueur qui n&rsquo;a pas encore pleinement convaincu en Ligue 1, tout en conservant un contr\u00f4le sur son avenir gr\u00e2ce aux clauses contractuelles.<\/p>\n<p>                                <img decoding=\"async\" src=\"https:\/\/www.europesays.com\/fr\/wp-content\/uploads\/2025\/04\/1744123449_543_logo.png\" alt=\"Logo\"\/><\/p>\n<p>100\u20ac offerts sur ton 1er pari !<\/p>\n<p>                            <a href=\"https:\/\/bit.ly\/4j5wl4k\" class=\"headband-button\" rel=\"nofollow noopener\" target=\"_blank\">J&rsquo;en profite<\/a><\/p>\n<p>                                                                <img loading=\"lazy\" decoding=\"async\" src=\"https:\/\/www.europesays.com\/fr\/wp-content\/uploads\/2025\/08\/mercato-rennes-un-attaquant-dans-le-viseur-du-corinthians.jpg\" alt=\"Illustration : &quot;Mercato Rennes : un attaquant dans le viseur du Corinthians&quot;\" class=\"figure-img img-fluid\" width=\"780\" height=\"478\"\/><\/p>\n<p>                                    \u00a9 Site officiel du Stade Rennais                                <\/p>\n<p>Une concurrence f\u00e9roce entre g\u00e9ants br\u00e9siliens<\/p>\n<p>La bataille pour <strong>Andr\u00e9s Gomez<\/strong> prend une nouvelle dimension avec l&rsquo;intervention du Corinthians, qui propose exactement les m\u00eames conditions financi\u00e8res que son concurrent direct. Les deux clubs br\u00e9siliens s&rsquo;alignent sur une formule identique : <strong>un pr\u00eat payant assorti d&rsquo;une option d&rsquo;achat automatique fix\u00e9e \u00e0 7,5 millions d&rsquo;euros<\/strong>. Cette strat\u00e9gie r\u00e9v\u00e8le la valeur que les dirigeants br\u00e9siliens accordent au profil de l&rsquo;international colombien, malgr\u00e9 ses difficult\u00e9s d&rsquo;adaptation en Bretagne. Le Corinthians, club historique de S\u00e3o Paulo avec ses millions de supporters, dispose d&rsquo;arguments de poids pour convaincre le joueur, notamment sa r\u00e9putation internationale et ses ambitions continentales. Cette concurrence directe place d\u00e9sormais Rennes dans une position de force pour n\u00e9gocier les meilleures conditions possibles, les deux pr\u00e9tendants \u00e9tant contraints de surench\u00e9rir ou d&rsquo;am\u00e9liorer leurs offres respectives. L&rsquo;enjeu d\u00e9passe le simple aspect financier, car il s&rsquo;agit pour ces clubs br\u00e9siliens de renforcer significativement leur secteur offensif avec un joueur form\u00e9 en Europe et disposant d&rsquo;une exp\u00e9rience internationale.<\/p>\n<p>Un parcours rennais en demi-teinte qui justifie le d\u00e9part<\/p>\n<p>Depuis son arriv\u00e9e en <strong>ao\u00fbt 2024<\/strong> en Bretagne, Andr\u00e9s Gomez peine \u00e0 justifier les espoirs plac\u00e9s en lui par les dirigeants rennais. Ses statistiques parlent d&rsquo;elles-m\u00eames : <strong>17 matches de championnat disput\u00e9s dont seulement 2 comme titulaire pour 3 buts inscrits<\/strong>, un bilan qui t\u00e9moigne des difficult\u00e9s du Colombien \u00e0 s&rsquo;imposer dans le syst\u00e8me de jeu breton. Cette situation d\u00e9licate s&rsquo;explique par plusieurs facteurs, notamment l&rsquo;adaptation n\u00e9cessaire au rythme et \u00e0 l&rsquo;intensit\u00e9 de la Ligue 1, ainsi que la concurrence f\u00e9roce au sein de l&rsquo;effectif rennais. Le contraste entre ses performances prometteuses en Colombie et ses difficult\u00e9s europ\u00e9ennes illustre parfaitement les d\u00e9fis auxquels font face de nombreux joueurs sud-am\u00e9ricains lors de leur premi\u00e8re exp\u00e9rience en Europe. Pour le Stade Rennais, cette situation repr\u00e9sente un dilemme : conserver un joueur sous contrat jusqu&rsquo;en <strong>2029<\/strong> en esp\u00e9rant une am\u00e9lioration, ou accepter un d\u00e9part temporaire qui pourrait permettre au joueur de retrouver confiance et temps de jeu. L&rsquo;option du pr\u00eat appara\u00eet donc comme un compromis intelligent, permettant de pr\u00e9server l&rsquo;investissement tout en offrant \u00e0 Gomez l&rsquo;opportunit\u00e9 de relancer sa carri\u00e8re.<\/p>\n<p>Enjeux strat\u00e9giques et perspectives d&rsquo;avenir<\/p>\n<p>Cette bataille br\u00e9silienne pour Andr\u00e9s Gomez r\u00e9v\u00e8le les nouvelles tendances du march\u00e9 des transferts, o\u00f9 les clubs sud-am\u00e9ricains n&rsquo;h\u00e9sitent plus \u00e0 investir massivement pour r\u00e9cup\u00e9rer leurs talents expatri\u00e9s en Europe. Le montant de <strong>7,5 millions d&rsquo;euros<\/strong> propos\u00e9 par les deux clubs t\u00e9moigne de leur ambition et de leur capacit\u00e9 financi\u00e8re \u00e0 concurrencer les formations europ\u00e9ennes. Pour Gomez, ce retour en Am\u00e9rique du Sud pourrait repr\u00e9senter l&rsquo;opportunit\u00e9 de retrouver un environnement culturel et footballistique plus familier, susceptible de lib\u00e9rer tout son potentiel. L&rsquo;issue de cette n\u00e9gociation tripartite d\u00e9pendra finalement de la capacit\u00e9 de chaque club \u00e0 convaincre le joueur de leur projet sportif, au-del\u00e0 des consid\u00e9rations purement financi\u00e8res qui semblent d\u00e9j\u00e0 align\u00e9es entre les diff\u00e9rents protagonistes.<\/p>\n<p>Vendredi 15 ao\u00fbt, la Ligue 1 reprend ses droits avec un choc entre le Stade Rennais et l\u2019Olympique de Marseille au Roazhon Park. \u00c0 cette occasion, profitez de 100\u20ac offerts pour votre premi\u00e8re inscription sur Parions Sport en Ligne. <a href=\"http:\/\/bit.ly\/4hgs1yE\" rel=\"nofollow noopener\" target=\"_blank\"><strong>Une victoire du Stade Rennais devant son public face \u00e0 l\u2019OM vous rapporte jusqu\u2019\u00e0 315\u20ac !<\/strong><\/a><\/p>\n<p><strong>Pour en profiter, c\u2019est tr\u00e8s simple :<\/strong><\/p>\n<p>&#8211;              Cr\u00e9ez votre compte joueur en seulement 2 \u00e9tapes <a href=\"http:\/\/bit.ly\/4hgs1yE\" rel=\"nofollow noopener\" target=\"_blank\"><strong>ici<\/strong><\/a><\/p>\n<p>&#8211;              R\u00e9alisez votre 1er d\u00e9p\u00f4t puis placez votre 1er pari (Minimum 5\u20ac)<\/p>\n<p>&#8211;              Une fois votre 1er d\u00e9p\u00f4t et votre 1er pari r\u00e9alis\u00e9s, l\u2019int\u00e9gralit\u00e9 du montant de ce 1er pari sera cr\u00e9dit\u00e9e sur votre compte joueur dans la limite de 100\u20ac maximum et sous la forme de cr\u00e9dits de jeu non retirables. Le cr\u00e9dit s\u2019effectuera alors en une seule \u00e9tape et sous 3 jours<\/p>\n<p>Jouer comporte des risques : endettement, d\u00e9pendance\u2026 Appelez le 09 74 75 13 13 (appel non surtax\u00e9)<\/p>\n","protected":false},"excerpt":{"rendered":"Le march\u00e9 des transferts br\u00e9silien s\u00a0\u00bbanime autour d&rsquo;Andr\u00e9s Gomez, l&rsquo;ailier international colombien du Stade Rennais qui suscite un&hellip;\n","protected":false},"author":2,"featured_media":298805,"comment_status":"","ping_status":"","sticky":false,"template":"","format":"standard","meta":{"footnotes":""},"categories":[2821],"tags":[1111,11,829,1777,674,1011,27,12,584,25],"class_list":{"0":"post-298804","1":"post","2":"type-post","3":"status-publish","4":"format-standard","5":"has-post-thumbnail","7":"category-rennes","8":"tag-actu","9":"tag-actualites","10":"tag-bretagne","11":"tag-eu","12":"tag-europe","13":"tag-fr","14":"tag-france","15":"tag-news","16":"tag-rennes","17":"tag-republique-francaise"},"share_on_mastodon":{"url":"https:\/\/pubeurope.com\/@fr\/114977915720897935","error":""},"_links":{"self":[{"href":"https:\/\/www.europesays.com\/fr\/wp-json\/wp\/v2\/posts\/298804","targetHints":{"allow":["GET"]}}],"collection":[{"href":"https:\/\/www.europesays.com\/fr\/wp-json\/wp\/v2\/posts"}],"about":[{"href":"https:\/\/www.europesays.com\/fr\/wp-json\/wp\/v2\/types\/post"}],"author":[{"embeddable":true,"href":"https:\/\/www.europesays.com\/fr\/wp-json\/wp\/v2\/users\/2"}],"replies":[{"embeddable":true,"href":"https:\/\/www.europesays.com\/fr\/wp-json\/wp\/v2\/comments?post=298804"}],"version-history":[{"count":0,"href":"https:\/\/www.europesays.com\/fr\/wp-json\/wp\/v2\/posts\/298804\/revisions"}],"wp:featuredmedia":[{"embeddable":true,"href":"https:\/\/www.europesays.com\/fr\/wp-json\/wp\/v2\/media\/298805"}],"wp:attachment":[{"href":"https:\/\/www.europesays.com\/fr\/wp-json\/wp\/v2\/media?parent=298804"}],"wp:term":[{"taxonomy":"category","embeddable":true,"href":"https:\/\/www.europesays.com\/fr\/wp-json\/wp\/v2\/categories?post=298804"},{"taxonomy":"post_tag","embeddable":true,"href":"https:\/\/www.europesays.com\/fr\/wp-json\/wp\/v2\/tags?post=298804"}],"curies":[{"name":"wp","href":"https:\/\/api.w.org\/{rel}","templated":true}]}}