{"id":298806,"date":"2025-08-05T19:56:21","date_gmt":"2025-08-05T19:56:21","guid":{"rendered":"https:\/\/www.europesays.com\/fr\/298806\/"},"modified":"2025-08-05T19:56:21","modified_gmt":"2025-08-05T19:56:21","slug":"le-saviez-vous-laeroport-de-bale-mulhouse-a-une-particularite-unique-au-monde","status":"publish","type":"post","link":"https:\/\/www.europesays.com\/fr\/298806\/","title":{"rendered":"Le saviez-vous ? L&rsquo;a\u00e9roport de B\u00e2le-Mulhouse a une particularit\u00e9 unique au monde"},"content":{"rendered":"<p>            Par<br \/>\n        <strong><br \/>\n            <a href=\"https:\/\/actu.fr\/auteur\/olivia-kouassi\" title=\"Consulter tous les articles de Olivia Kouassi\" target=\"_blank\" rel=\"noopener\">Olivia Kouassi<\/a><br \/>\n        <\/strong><\/p>\n<p>        Publi\u00e9 le<\/p>\n<p>            5 ao\u00fbt 2025 \u00e0 14h24        <\/p>\n<p>Si vous avez d\u00e9j\u00e0 <a href=\"https:\/\/actu.fr\/tag\/voyage\" target=\"_blank\" rel=\"noopener\">voyag\u00e9<\/a> en passant par <strong>l\u2019a\u00e9roport international de B\u00e2le-Mulhouse<\/strong> (ou EuroAirport Basel-Mulhouse-Freiburg de son nom commercial), vous avez s\u00fbrement remarqu\u00e9 sa <strong>particularit\u00e9<\/strong>. Mais saviez-vous qu\u2019elle est <strong>unique au monde<\/strong>\u2009?<\/p>\n<p class=\" wall-content\">Avec plus de huit millions de passagers en 2023, l\u2019a\u00e9roport est le plus important du Grand Est situ\u00e9 au carrefour de <strong>trois pays entre la France, la Suisse et l\u2019Allemagne <\/strong>\u00e0 moins d\u20191h30 de <a href=\"https:\/\/actu.fr\/strasbourg\/\" target=\"_blank\" rel=\"noopener\">Strasbourg<\/a><strong>.<\/strong> Bien qu\u2019implant\u00e9 sur les communes alsaciennes de Saint-Louis, H\u00e9singue et Blotzheim, l\u2019EuroAirport est en r\u00e9alit\u00e9 un <strong>\u00e9tablissement binational\u2026<\/strong> g\u00e9r\u00e9 par <strong>la France et la Suisse<\/strong>. C\u2019est l\u00e0 sa particularit\u00e9 unique au monde, et voici ce qu\u2019elle implique.\u00a0<\/p>\n<p>Concr\u00e8tement, \u00e7a veut dire quoi binational\u2009?<\/p>\n<p class=\" wall-content\">L\u2019a\u00e9roport de B\u00e2le-Mulhouse est le seul a\u00e9roport binational au monde, r\u00e9gi par une <strong>convention franco-suisse<\/strong> sign\u00e9e en 1949.<\/p>\n<p class=\" wall-content\">L\u2019a\u00e9roport est donc situ\u00e9 enti\u00e8rement sur le territoire fran\u00e7ais, mais dispose d\u2019une<strong> zone douani\u00e8re suisse,<\/strong> accessible directement depuis la Suisse par la route douani\u00e8re entre B\u00e2le et l\u2019a\u00e9roport. Les avions atterrissent et d\u00e9collent en France, toutefois la Suisse participe pleinement \u00e0 sa gestion, au financement et \u00e0 la planification strat\u00e9gique de l\u2019a\u00e9roport.<\/p>\n<p class=\" wall-content\">Le site est administr\u00e9 conjointement par les deux pays, avec une gouvernance partag\u00e9e, \u00ab\u2009un mod\u00e8le unique au monde\u2009\u00bb, se f\u00e9licite l\u2019\u00e9tablissement.<\/p>\n<p class=\" wall-content\">Il y a ainsi un c\u00f4t\u00e9 Fran\u00e7ais o\u00f9 les <strong>euros<\/strong> sont accept\u00e9s et un c\u00f4t\u00e9 Suisse o\u00f9 l\u2019on peut payer en <strong>francs<\/strong>. La <strong>fronti\u00e8re<\/strong> entre les deux pays est enti\u00e8rement ouverte et<strong> peut \u00eatre travers\u00e9e depuis le hall<\/strong> de d\u00e9part niveau 3. Des contr\u00f4les aux fronti\u00e8res peuvent en revanche \u00eatre effectu\u00e9s.<\/p>\n<p>Une coop\u00e9ration polici\u00e8re conjointe et un trilinguisme des \u00e9quipes<\/p>\n<p class=\" wall-content\">A\u00e9roport binational oblige, le <strong>contr\u00f4le aux fronti\u00e8res est assur\u00e9 conjointement<\/strong> par la Police aux Fronti\u00e8res (PAF) et par l\u2019Office f\u00e9d\u00e9ral de la douane et de la s\u00e9curit\u00e9 des fronti\u00e8res (OFDF) pour ce qui est du secteur douanier suisse.<\/p>\n<p class=\" wall-content\">L\u2019a\u00e9roport, qui dessert pr\u00e8s de 100 destinations et est devenu un hub important pour les vols <strong>low-cost<\/strong> et internationaux, fonctionne officiellement en<strong> trois langues<\/strong>\u2009: le fran\u00e7ais, l\u2019allemand et l\u2019anglais. Tout y est traduit en trois fois et les employ\u00e9s sont trilingues.<\/p>\n<p class=\" wall-content\">Suivez toute l\u2019actualit\u00e9 de vos villes et m\u00e9dias favoris en vous inscrivant \u00e0 <a href=\"https:\/\/moncompte.actu.fr\" title=\"D\u00e9couvez Mon Actu\" rel=\"nofollow noopener\" data-trk=\"{&quot;cta&quot;:{&quot;action&quot;:&quot;https:\\\/\\\/moncompte.actu.fr&quot;,&quot;category&quot;:&quot;mon compte&quot;,&quot;from&quot;:&quot;article footer&quot;,&quot;name&quot;:&quot;Mon actu&quot;,&quot;type&quot;:&quot;cta&quot;}}\" target=\"_blank\">Mon Actu<\/a>.<\/p>\n","protected":false},"excerpt":{"rendered":"Par Olivia Kouassi Publi\u00e9 le 5 ao\u00fbt 2025 \u00e0 14h24 Si vous avez d\u00e9j\u00e0 voyag\u00e9 en passant par&hellip;\n","protected":false},"author":2,"featured_media":298807,"comment_status":"","ping_status":"","sticky":false,"template":"","format":"standard","meta":{"footnotes":""},"categories":[2820],"tags":[1111,11,1777,674,1011,27,775,12,25,104,640,586],"class_list":{"0":"post-298806","1":"post","2":"type-post","3":"status-publish","4":"format-standard","5":"has-post-thumbnail","7":"category-strasbourg","8":"tag-actu","9":"tag-actualites","10":"tag-eu","11":"tag-europe","12":"tag-fr","13":"tag-france","14":"tag-grand-est","15":"tag-news","16":"tag-republique-francaise","17":"tag-societe","18":"tag-strasbourg","19":"tag-voyage"},"share_on_mastodon":{"url":"https:\/\/pubeurope.com\/@fr\/114977923591565582","error":""},"_links":{"self":[{"href":"https:\/\/www.europesays.com\/fr\/wp-json\/wp\/v2\/posts\/298806","targetHints":{"allow":["GET"]}}],"collection":[{"href":"https:\/\/www.europesays.com\/fr\/wp-json\/wp\/v2\/posts"}],"about":[{"href":"https:\/\/www.europesays.com\/fr\/wp-json\/wp\/v2\/types\/post"}],"author":[{"embeddable":true,"href":"https:\/\/www.europesays.com\/fr\/wp-json\/wp\/v2\/users\/2"}],"replies":[{"embeddable":true,"href":"https:\/\/www.europesays.com\/fr\/wp-json\/wp\/v2\/comments?post=298806"}],"version-history":[{"count":0,"href":"https:\/\/www.europesays.com\/fr\/wp-json\/wp\/v2\/posts\/298806\/revisions"}],"wp:featuredmedia":[{"embeddable":true,"href":"https:\/\/www.europesays.com\/fr\/wp-json\/wp\/v2\/media\/298807"}],"wp:attachment":[{"href":"https:\/\/www.europesays.com\/fr\/wp-json\/wp\/v2\/media?parent=298806"}],"wp:term":[{"taxonomy":"category","embeddable":true,"href":"https:\/\/www.europesays.com\/fr\/wp-json\/wp\/v2\/categories?post=298806"},{"taxonomy":"post_tag","embeddable":true,"href":"https:\/\/www.europesays.com\/fr\/wp-json\/wp\/v2\/tags?post=298806"}],"curies":[{"name":"wp","href":"https:\/\/api.w.org\/{rel}","templated":true}]}}