{"id":29881,"date":"2025-04-16T20:06:21","date_gmt":"2025-04-16T20:06:21","guid":{"rendered":"https:\/\/www.europesays.com\/fr\/29881\/"},"modified":"2025-04-16T20:06:21","modified_gmt":"2025-04-16T20:06:21","slug":"grenoble-un-feu-se-declare-au-troisieme-etage-dun-immeuble-de-la-place-grenette","status":"publish","type":"post","link":"https:\/\/www.europesays.com\/fr\/29881\/","title":{"rendered":"Grenoble. Un feu se d\u00e9clare au troisi\u00e8me \u00e9tage d\u2019un immeuble de la place Grenette"},"content":{"rendered":"<p>Un incendie d\u2019origine accidentelle s\u2019est d\u00e9clar\u00e9 vers 9 heures ce mercredi 16\u00a0avril dans la cuisine d\u2019un appartement en colocation, situ\u00e9 au troisi\u00e8me \u00e9tage d\u2019un immeuble qui en compte cinq, place Grenette dans l\u2019hyper centre de Grenoble.<\/p>\n<p>Ce contenu est bloqu\u00e9 car vous n&rsquo;avez pas accept\u00e9 les cookies et autres traceurs.<\/p>\n<p>En cliquant sur \u00ab J\u2019accepte \u00bb, les cookies et autres traceurs seront d\u00e9pos\u00e9s et vous pourrez visualiser les contenus  (<a href=\"\" class=\"consentModule_policy\" target=\"_blank\" title=\"Consulter la politique de protection des donn\u00e9es du fournisseur\">plus d&rsquo;informations<\/a>).<\/p>\n<p>En cliquant sur \u00ab J\u2019accepte tous les cookies \u00bb, vous autorisez des d\u00e9p\u00f4ts de cookies et autres traceurs pour le stockage de vos donn\u00e9es sur nos sites et applications \u00e0 des fins de personnalisation et de ciblage publicitaire.<\/p>\n<p class=\"consentModule_secondaryText\">Vous gardez la possibilit\u00e9 de retirer votre consentement \u00e0 tout moment en consultant notre <a href=\"https:\/\/www.ledauphine.com\/protection-des-donnees\" target=\"_blank\" title=\"Consulter notre politique de protection des donn\u00e9es\" rel=\"noopener\">politique de protection des donn\u00e9es<\/a>. <br \/>&#13;<br \/>\n            <a href=\"https:\/\/www.ledauphine.com\/faits-divers-justice\/2025\/04\/16\/javascript:Didomi.notice.show()\" class=\"consentModule_cmp\" target=\"_blank\" rel=\"noopener\">G\u00e9rer mes choix<\/a>&#13;\n        <\/p>\n<p>&#13;<br \/>\n                        J&rsquo;accepte&#13;<br \/>\n            J&rsquo;accepte tous les cookies&#13;\n        <\/p>\n<p>Les colocataires \u00e9taient alors absents et aucun bless\u00e9 n\u2019est \u00e0 d\u00e9plorer mais les trois habitants de l\u2019\u00e9tage sup\u00e9rieur, envahi par les fum\u00e9es, ont d\u00fb \u00eatre \u00e9vacu\u00e9s par les sapeurs-pompiers.<\/p>\n<p>Ils ont pu regagner leur logement apr\u00e8s le d\u00e9senfumage des lieux.<\/p>\n<p>Les trois occupants de l\u2019appartement sinistr\u00e9 devront, en revanche, \u00eatre relog\u00e9s.<\/p>\n","protected":false},"excerpt":{"rendered":"Un incendie d\u2019origine accidentelle s\u2019est d\u00e9clar\u00e9 vers 9 heures ce mercredi 16\u00a0avril dans la cuisine d\u2019un appartement en&hellip;\n","protected":false},"author":2,"featured_media":29882,"comment_status":"","ping_status":"","sticky":false,"template":"","format":"standard","meta":{"footnotes":""},"categories":[9566],"tags":[1111,11,2430,112,1777,674,274,107,1011,27,2731,2732,1310,108,12,25],"class_list":{"0":"post-29881","1":"post","2":"type-post","3":"status-publish","4":"format-standard","5":"has-post-thumbnail","7":"category-grenoble","8":"tag-actu","9":"tag-actualites","10":"tag-auvergne-rhone-alpes","11":"tag-edition-grenoble-agglomeration","12":"tag-eu","13":"tag-europe","14":"tag-faits-divers-justice","15":"tag-fil-info","16":"tag-fr","17":"tag-france","18":"tag-grenoble","19":"tag-grenoble-bassin","20":"tag-incendie","21":"tag-isere","22":"tag-news","23":"tag-republique-francaise"},"share_on_mastodon":{"url":"https:\/\/pubeurope.com\/@fr\/114349446522829816","error":""},"_links":{"self":[{"href":"https:\/\/www.europesays.com\/fr\/wp-json\/wp\/v2\/posts\/29881","targetHints":{"allow":["GET"]}}],"collection":[{"href":"https:\/\/www.europesays.com\/fr\/wp-json\/wp\/v2\/posts"}],"about":[{"href":"https:\/\/www.europesays.com\/fr\/wp-json\/wp\/v2\/types\/post"}],"author":[{"embeddable":true,"href":"https:\/\/www.europesays.com\/fr\/wp-json\/wp\/v2\/users\/2"}],"replies":[{"embeddable":true,"href":"https:\/\/www.europesays.com\/fr\/wp-json\/wp\/v2\/comments?post=29881"}],"version-history":[{"count":0,"href":"https:\/\/www.europesays.com\/fr\/wp-json\/wp\/v2\/posts\/29881\/revisions"}],"wp:featuredmedia":[{"embeddable":true,"href":"https:\/\/www.europesays.com\/fr\/wp-json\/wp\/v2\/media\/29882"}],"wp:attachment":[{"href":"https:\/\/www.europesays.com\/fr\/wp-json\/wp\/v2\/media?parent=29881"}],"wp:term":[{"taxonomy":"category","embeddable":true,"href":"https:\/\/www.europesays.com\/fr\/wp-json\/wp\/v2\/categories?post=29881"},{"taxonomy":"post_tag","embeddable":true,"href":"https:\/\/www.europesays.com\/fr\/wp-json\/wp\/v2\/tags?post=29881"}],"curies":[{"name":"wp","href":"https:\/\/api.w.org\/{rel}","templated":true}]}}