{"id":298810,"date":"2025-08-05T19:58:12","date_gmt":"2025-08-05T19:58:12","guid":{"rendered":"https:\/\/www.europesays.com\/fr\/298810\/"},"modified":"2025-08-05T19:58:12","modified_gmt":"2025-08-05T19:58:12","slug":"un-cadre-de-logc-nice-en-route-vers-la-premier-league-france-ogc-nice","status":"publish","type":"post","link":"https:\/\/www.europesays.com\/fr\/298810\/","title":{"rendered":"Un cadre de l&rsquo;OGC Nice en route vers la Premier League &#8211; France &#8211; OGC Nice"},"content":{"rendered":"<p>L\u2019Angleterre \u00e0 l\u2019assaut de la Farmers League, \u00e9pisode 456563.<\/p>\n<p><strong>Evann Guessand va tr\u00e8s probablement quitter l\u2019OGC Nice pour rejoindre la Premier League et Aston Villa<\/strong>. Ce mardi soir, les deux clubs sont tomb\u00e9s d\u2019accord autour d\u2019un transfert de 35 millions d\u2019euros, selon <a target=\"_blank\" href=\"https:\/\/www.lequipe.fr\/Football\/Actualites\/Accord-nice-aston-villa-a-hauteur-de-35-millions-d-euros-pour-le-transfert-d-evann-guessand\/1583299\" rel=\"nofollow noopener\">L\u2019\u00c9quipe<\/a>. Les dirigeants ni\u00e7ois r\u00e9cup\u00e8rent un joli montant avec la vente de leur attaquant de 24 ans, <a target=\"_blank\" href=\"https:\/\/www.sofoot.com\/breves\/sur-le-depart-evann-guessand-devrait-manquer-la-rencontre-aller-contre-le-benfica-a-cause-dune-blessure\" rel=\"nofollow noopener\">qui de toute fa\u00e7on \u00e9tait forfait pour le troisi\u00e8me tour pr\u00e9liminaire<\/a> de la Ligue des champions ce mercredi face au Benfica Lisbonne.<\/p>\n<p>Pendant que ses futurs ex-co\u00e9quipiers seront \u00e0 quelques heures d\u2019un rendez-vous capital, <strong>Guessand effectuera sa visite m\u00e9dicale chez les Villans, qu\u2019il devrait rejoindre pour cinq ans<\/strong>. Approch\u00e9 \u00e9galement outre-Manche par Crystal Palace et par le nouvel eldorado saoudien Neom SC, l\u2019international ivoirien (10 s\u00e9lections pour un but) a opt\u00e9 pour Birmingham, o\u00f9 il devra se frotter \u00e0 une rude concurrence sur le front de l\u2019attaque, au milieu des Ollie Watkins, Donyell Malen et Leon Bailey.<\/p>\n<p>Attention \u00e0 ce joueur !<\/p>\n<p>\t\t\t\t\t\t\t\t\t\t<a class=\"lien-connexe\" href=\"https:\/\/www.sofoot.com\/breves\/ransford-yeboah-konigsdorffer-hambourg-recale-a-la-visite-medicale-par-logc-nice\" rel=\"nofollow noopener\" target=\"_blank\">Un attaquant recal\u00e9 \u00e0 la visite m\u00e9dicale par l&rsquo;OGC Nice<\/a>\t\t\t\t\t<\/p>\n","protected":false},"excerpt":{"rendered":"L\u2019Angleterre \u00e0 l\u2019assaut de la Farmers League, \u00e9pisode 456563. Evann Guessand va tr\u00e8s probablement quitter l\u2019OGC Nice pour&hellip;\n","protected":false},"author":2,"featured_media":298811,"comment_status":"","ping_status":"","sticky":false,"template":"","format":"standard","meta":{"footnotes":""},"categories":[2819],"tags":[1111,47,11,61,69,65,64,1777,674,63,1011,27,68,66,12,62,2401,70,882,25,67],"class_list":{"0":"post-298810","1":"post","2":"type-post","3":"status-publish","4":"format-standard","5":"has-post-thumbnail","7":"category-nice","8":"tag-actu","9":"tag-actualite","10":"tag-actualites","11":"tag-actus-football","12":"tag-bundesliga","13":"tag-championnats-europeens","14":"tag-equipe-de-france","15":"tag-eu","16":"tag-europe","17":"tag-football","18":"tag-fr","19":"tag-france","20":"tag-ligua","21":"tag-ligue-1","22":"tag-news","23":"tag-news-foot","24":"tag-nice","25":"tag-premier-league","26":"tag-provence-alpes-cote-dazur","27":"tag-republique-francaise","28":"tag-serie-a"},"share_on_mastodon":{"url":"https:\/\/pubeurope.com\/@fr\/114977931464529327","error":""},"_links":{"self":[{"href":"https:\/\/www.europesays.com\/fr\/wp-json\/wp\/v2\/posts\/298810","targetHints":{"allow":["GET"]}}],"collection":[{"href":"https:\/\/www.europesays.com\/fr\/wp-json\/wp\/v2\/posts"}],"about":[{"href":"https:\/\/www.europesays.com\/fr\/wp-json\/wp\/v2\/types\/post"}],"author":[{"embeddable":true,"href":"https:\/\/www.europesays.com\/fr\/wp-json\/wp\/v2\/users\/2"}],"replies":[{"embeddable":true,"href":"https:\/\/www.europesays.com\/fr\/wp-json\/wp\/v2\/comments?post=298810"}],"version-history":[{"count":0,"href":"https:\/\/www.europesays.com\/fr\/wp-json\/wp\/v2\/posts\/298810\/revisions"}],"wp:featuredmedia":[{"embeddable":true,"href":"https:\/\/www.europesays.com\/fr\/wp-json\/wp\/v2\/media\/298811"}],"wp:attachment":[{"href":"https:\/\/www.europesays.com\/fr\/wp-json\/wp\/v2\/media?parent=298810"}],"wp:term":[{"taxonomy":"category","embeddable":true,"href":"https:\/\/www.europesays.com\/fr\/wp-json\/wp\/v2\/categories?post=298810"},{"taxonomy":"post_tag","embeddable":true,"href":"https:\/\/www.europesays.com\/fr\/wp-json\/wp\/v2\/tags?post=298810"}],"curies":[{"name":"wp","href":"https:\/\/api.w.org\/{rel}","templated":true}]}}