{"id":298812,"date":"2025-08-05T19:59:23","date_gmt":"2025-08-05T19:59:23","guid":{"rendered":"https:\/\/www.europesays.com\/fr\/298812\/"},"modified":"2025-08-05T19:59:23","modified_gmt":"2025-08-05T19:59:23","slug":"sur-le-marche-de-la-petite-hollande-a-nantes-on-prend-ce-que-la-vie-nous-offre","status":"publish","type":"post","link":"https:\/\/www.europesays.com\/fr\/298812\/","title":{"rendered":"Sur le march\u00e9 de la Petite-Hollande, \u00e0 Nantes\u00a0: \u00ab\u00a0On prend ce que la vie nous offre\u00a0\u00bb"},"content":{"rendered":"<p>Depuis qu\u2019ils sont arriv\u00e9s \u00e0 Nantes, en janvier, Valentine, Lise, Gustave et Charles ont une routine. Tous les samedis, ils se rendent au march\u00e9 de la Petite-Hollande, o\u00f9 quelque 300\u00a0commer\u00e7ants, dont plus de 220\u00a0r\u00e9guliers, se retrouvent chaque semaine sur l\u2019\u00eele Gloriette. Tandis qu\u2019ils patientent dans la queue de<strong> \u00ab\u00a0l\u2019une des meilleures boulangeries\u00a0\u00bb <\/strong>\u00e0 leurs yeux, Lise interpelle ses amis\u00a0: <strong>\u00ab\u00a0On n\u2019a pas pris de menthe\u00a0!\u00a0\u00bb<\/strong><\/p>\n<p><strong>\u00ab\u00a0Fruits, l\u00e9gumes, viande, galette\u2026 Il y a tellement de<\/strong>\u00a0<strong>choix.\u00a0\u00bb<\/strong> Sur le march\u00e9, le groupe se laisse porter\u00a0: <strong>\u00ab\u00a0On prend ce que la vie nous offre\u00a0!\u00a0\u00bb <\/strong>Ce samedi 26\u00a0juillet, ils ach\u00e8teront aussi du fromage et des dattes, des produits r\u00e9currents dans leur panier..<\/p>\n<p>Le samedi, de 8\u00a0h \u00e0 13\u00a0h, sur le terre-plein de l\u2019\u00eele Gloriette, \u00e0 Nantes, tram 1, arr\u00eat M\u00e9diath\u00e8que.<\/p>\n<p>\u00a0<\/p>\n","protected":false},"excerpt":{"rendered":"Depuis qu\u2019ils sont arriv\u00e9s \u00e0 Nantes, en janvier, Valentine, Lise, Gustave et Charles ont une routine. Tous les&hellip;\n","protected":false},"author":2,"featured_media":298813,"comment_status":"","ping_status":"","sticky":false,"template":"","format":"standard","meta":{"footnotes":""},"categories":[2818],"tags":[1111,11,1777,674,1011,27,2089,766,12,5235,2636,6416,6020,25,4717],"class_list":{"0":"post-298812","1":"post","2":"type-post","3":"status-publish","4":"format-standard","5":"has-post-thumbnail","7":"category-nantes","8":"tag-actu","9":"tag-actualites","10":"tag-eu","11":"tag-europe","12":"tag-fr","13":"tag-france","14":"tag-marche","15":"tag-nantes","16":"tag-news","17":"tag-offre","18":"tag-pays-de-la-loire","19":"tag-petite-hollande","20":"tag-prend","21":"tag-republique-francaise","22":"tag-vie"},"share_on_mastodon":{"url":"https:\/\/pubeurope.com\/@fr\/114977935398013184","error":""},"_links":{"self":[{"href":"https:\/\/www.europesays.com\/fr\/wp-json\/wp\/v2\/posts\/298812","targetHints":{"allow":["GET"]}}],"collection":[{"href":"https:\/\/www.europesays.com\/fr\/wp-json\/wp\/v2\/posts"}],"about":[{"href":"https:\/\/www.europesays.com\/fr\/wp-json\/wp\/v2\/types\/post"}],"author":[{"embeddable":true,"href":"https:\/\/www.europesays.com\/fr\/wp-json\/wp\/v2\/users\/2"}],"replies":[{"embeddable":true,"href":"https:\/\/www.europesays.com\/fr\/wp-json\/wp\/v2\/comments?post=298812"}],"version-history":[{"count":0,"href":"https:\/\/www.europesays.com\/fr\/wp-json\/wp\/v2\/posts\/298812\/revisions"}],"wp:featuredmedia":[{"embeddable":true,"href":"https:\/\/www.europesays.com\/fr\/wp-json\/wp\/v2\/media\/298813"}],"wp:attachment":[{"href":"https:\/\/www.europesays.com\/fr\/wp-json\/wp\/v2\/media?parent=298812"}],"wp:term":[{"taxonomy":"category","embeddable":true,"href":"https:\/\/www.europesays.com\/fr\/wp-json\/wp\/v2\/categories?post=298812"},{"taxonomy":"post_tag","embeddable":true,"href":"https:\/\/www.europesays.com\/fr\/wp-json\/wp\/v2\/tags?post=298812"}],"curies":[{"name":"wp","href":"https:\/\/api.w.org\/{rel}","templated":true}]}}