{"id":298818,"date":"2025-08-05T20:02:19","date_gmt":"2025-08-05T20:02:19","guid":{"rendered":"https:\/\/www.europesays.com\/fr\/298818\/"},"modified":"2025-08-05T20:02:19","modified_gmt":"2025-08-05T20:02:19","slug":"pres-de-bordeaux-des-jeunes-sintroduisent-dans-une-piscine-municipale-en-pleine-nuit-et-defequent-dans-les-bassins","status":"publish","type":"post","link":"https:\/\/www.europesays.com\/fr\/298818\/","title":{"rendered":"Pr\u00e8s de Bordeaux, des jeunes s\u2019introduisent dans une piscine municipale en pleine nuit et d\u00e9f\u00e8quent dans les bassins"},"content":{"rendered":"<p>Les faits se sont d\u00e9roul\u00e9s dans la nuit de dimanche \u00e0 lundi, \u00e0 Floirac, en Gironde.<\/p>\n<p class=\"fig-paragraph\">Ce lundi 4 ao\u00fbt, la commune de Floirac (<a href=\"http:\/\/www.lefigaro.fr\/faits-divers\/gironde-un-homme-retrouve-mort-apres-une-soiree-d-anniversaire-20250802\" data-fig-type=\"NewsFlash\" data-gtm-custom-categorie=\"navigation\" data-gtm-custom-action=\"crossclick\" data-gtm-custom-label=\"Contextuel\" data-gtm-event=\"customEventSPE\" data-fig-domain=\"LEFIGARO\" target=\"_blank\" rel=\"noopener\">Gironde<\/a>) a \u00e9t\u00e9 contrainte de fermer sa\u00a0<a href=\"https:\/\/www.lefigaro.fr\/nice\/antibes-portes-disparus-deux-enfants-de-8-ans-retrouves-morts-dans-une-piscine-20250805?msockid=258c4318a154643d05395665a0ed65f9\" target=\"_blank\" data-fig-type=\"NewsFlash\" rel=\"sponsored noopener\" data-gtm-custom-categorie=\"navigation\" data-gtm-custom-action=\"crossclick\" data-gtm-custom-label=\"Contextuel\" data-gtm-event=\"customEventSPE\" data-fig-domain=\"LEFIGARO\">piscine<\/a>\u00a0municipale. La raison\u00a0? Dans la nuit de dimanche \u00e0 lundi, un groupe de jeunes s\u2019est introduit dans l\u2019\u00e9tablissement et a commis des d\u00e9gradations. D\u2019apr\u00e8s une information du quotidien r\u00e9gional Sud-Ouest confirm\u00e9e au Figaro, ils auraient notamment d\u00e9f\u00e9qu\u00e9 dans les bassins nautiques, avant de s\u2019enfuir.<\/p>\n<p class=\"fig-paragraph\">Contact\u00e9, le maire de Floirac n\u2019a pas souhait\u00e9 faire de commentaires sur les faits. La mairie nous indique cependant que la piscine, essentiellement en plein air, a bien rouvert ses portes ce mardi apr\u00e8s avoir \u00e9t\u00e9 \u00abnettoy\u00e9e selon les protocoles sanitaires\u00bb.\u00a0\u00abUne plainte sera d\u00e9pos\u00e9e comme apr\u00e8s chaque intrusion dans la piscine en dehors des horaires d\u2019ouverture\u00bb, pr\u00e9cise la commune.<\/p>\n<p>                                    <a class=\"fig-a11y-skip a11y-hidden\" href=\"#fig-a11y-skip-main-inarticle\"><br \/>\n        Passer la publicit\u00e9<br \/>\n    <\/a><\/p>\n<p>Des faits similaires en Espagne<\/p>\n<p class=\"fig-paragraph\">En Espagne, le mois dernier,\u00a0<a href=\"https:\/\/www.lefigaro.fr\/international\/des-gens-vomissent-en-voyant-ou-ils-se-sont-baignes-un-mysterieux-phenomene-oblige-des-dizaines-de-piscines-espagnoles-a-fermer-20250803?msockid=258c4318a154643d05395665a0ed65f9\" target=\"_blank\" data-fig-type=\"Article\" rel=\"sponsored noopener\" data-gtm-custom-categorie=\"navigation\" data-gtm-custom-action=\"crossclick\" data-gtm-custom-label=\"Contextuel\" data-gtm-event=\"customEventSPE\" data-fig-domain=\"LEFIGARO\">plus de cinquante piscines ont \u00e9t\u00e9 contraintes de fermer leurs portes pour des faits similaires<\/a>. Les m\u00e9dias espagnols \u00e9voquent un \u00abd\u00e9fi viral\u00bb, des individus d\u00e9poseraient d\u00e9lib\u00e9r\u00e9ment des excr\u00e9ments dans des piscines publiques.<\/p>\n<p class=\"fig-paragraph\">Selon la presse, la Catalogne serait la r\u00e9gion la plus touch\u00e9e, tandis que d\u2019autres incidents ont \u00e9t\u00e9 attribu\u00e9s \u00e0 de jeunes enfants ou \u00e0 des actes isol\u00e9s de vandalisme. Les d\u00e9couvertes ont notamment provoqu\u00e9 des r\u00e9actions film\u00e9es partag\u00e9es par des tiktokeurs populaires, qui ont amplifi\u00e9 le ph\u00e9nom\u00e8ne.<\/p>\n","protected":false},"excerpt":{"rendered":"Les faits se sont d\u00e9roul\u00e9s dans la nuit de dimanche \u00e0 lundi, \u00e0 Floirac, en Gironde. Ce lundi&hellip;\n","protected":false},"author":2,"featured_media":298819,"comment_status":"","ping_status":"","sticky":false,"template":"","format":"standard","meta":{"footnotes":""},"categories":[2817],"tags":[1111,11,1997,2950,1777,674,1011,27,12,2219,18812,25],"class_list":{"0":"post-298818","1":"post","2":"type-post","3":"status-publish","4":"format-standard","5":"has-post-thumbnail","7":"category-bordeaux","8":"tag-actu","9":"tag-actualites","10":"tag-bordeaux","11":"tag-delinquance","12":"tag-eu","13":"tag-europe","14":"tag-fr","15":"tag-france","16":"tag-news","17":"tag-nouvelle-aquitaine","18":"tag-piscines","19":"tag-republique-francaise"},"share_on_mastodon":{"url":"https:\/\/pubeurope.com\/@fr\/114977947249828637","error":""},"_links":{"self":[{"href":"https:\/\/www.europesays.com\/fr\/wp-json\/wp\/v2\/posts\/298818","targetHints":{"allow":["GET"]}}],"collection":[{"href":"https:\/\/www.europesays.com\/fr\/wp-json\/wp\/v2\/posts"}],"about":[{"href":"https:\/\/www.europesays.com\/fr\/wp-json\/wp\/v2\/types\/post"}],"author":[{"embeddable":true,"href":"https:\/\/www.europesays.com\/fr\/wp-json\/wp\/v2\/users\/2"}],"replies":[{"embeddable":true,"href":"https:\/\/www.europesays.com\/fr\/wp-json\/wp\/v2\/comments?post=298818"}],"version-history":[{"count":0,"href":"https:\/\/www.europesays.com\/fr\/wp-json\/wp\/v2\/posts\/298818\/revisions"}],"wp:featuredmedia":[{"embeddable":true,"href":"https:\/\/www.europesays.com\/fr\/wp-json\/wp\/v2\/media\/298819"}],"wp:attachment":[{"href":"https:\/\/www.europesays.com\/fr\/wp-json\/wp\/v2\/media?parent=298818"}],"wp:term":[{"taxonomy":"category","embeddable":true,"href":"https:\/\/www.europesays.com\/fr\/wp-json\/wp\/v2\/categories?post=298818"},{"taxonomy":"post_tag","embeddable":true,"href":"https:\/\/www.europesays.com\/fr\/wp-json\/wp\/v2\/tags?post=298818"}],"curies":[{"name":"wp","href":"https:\/\/api.w.org\/{rel}","templated":true}]}}