{"id":298820,"date":"2025-08-05T20:03:12","date_gmt":"2025-08-05T20:03:12","guid":{"rendered":"https:\/\/www.europesays.com\/fr\/298820\/"},"modified":"2025-08-05T20:03:12","modified_gmt":"2025-08-05T20:03:12","slug":"ouverture-de-la-billetterie-de-la-39eme-edition-du-festival-jazz-sur-son-31-haute-garonne","status":"publish","type":"post","link":"https:\/\/www.europesays.com\/fr\/298820\/","title":{"rendered":"Ouverture de la billetterie de la 39\u00e8me \u00e9dition du festival Jazz sur son 31 &#8211; Haute Garonne"},"content":{"rendered":"<p><strong>La <b>39\u1d49<\/b> \u00e9dition du festival Jazz sur son 31 revient du <b>8<\/b> au <b>19 octobre 2025<\/b>, avec pr\u00e8s de <b>49<\/b> manifestations dont <b>40<\/b> gratuites, dans <b>33<\/b> communes du d\u00e9partement.<\/strong>&#13;<br \/>\n&#13;<br \/>\nLa billetterie des concerts payants est ouverte depuis le lundi 4 ao\u00fbt \u00e0 12h sur le site du festival cd31.net\/jazz, billetterie.festik.net\/jazz31, hautegaronnetourisme.com, aupr\u00e8s des salles partenaires du festival et au point de vente de Haute-Garonne Tourisme.&#13;<br \/>\n&#13;<br \/>\nPour sa 39\u1d49 \u00e9dition, le festival restera fid\u00e8le \u00e0 son identit\u00e9, croisant les esth\u00e9tiques musicales, qui r\u00e9sonneront au c\u0153ur du d\u00e9partement, dans de nombreuses communes hors m\u00e9tropole, aux c\u00f4t\u00e9s de ses partenaires comme la F\u00e9d\u00e9ration des Foyers Ruraux 31\u201365, la F\u00e9d\u00e9ration des Maisons des Jeunes et de la Culture 31, les communes d\u2019accueil partenaires, les structures m\u00e9tropolitaines ou le Collectif Culture Bar-Bars.&#13;<br \/>\n&#13;<br \/>\n35 formations artistiques, dont 26 haut-garonnaises, 6 nationales et 3 internationales rythmeront la programmation 2025 du festival entre concerts gratuits, actions culturelles et concerts payants.&#13;<br \/>\n&#13;<br \/>\nParmi les temps forts, la soir\u00e9e d\u2019ouverture gratuite aura lieu le 8 octobre au Pavillon R\u00e9publique, \u00e0 l\u2019H\u00f4tel du D\u00e9partement, pour une rencontre entre jazz cubain et chanson, avec le projet Les Grandes Bouches \/ Cuba Collectif + Invit\u00e9s.&#13;<br \/>\n&#13;<br \/>\nLa diversit\u00e9 des genres de la sc\u00e8ne haut-garonnaise sera mise \u00e0 l&rsquo;honneur dans les concerts gratuits, avec notamment les rythmes africains de Zingab\u00e9 Afrobeat, une cr\u00e9ation in\u00e9dite de Lakhdar Hanou, le collectif Troisi\u00e8me Face pour une cr\u00e9ation \u00e9lectro-jazz innovante, l\u2019univers de Cuarteto Tafi, le trio d&rsquo;\u00c9tienne Manchon ou le groupe Bedmakers et son free jazz intense et libre.&#13;<br \/>\n&#13;<br \/>\nLe samedi 11 octobre, la Halle aux Grains accueillera Electro Deluxe Big Band pour un concert unique, m\u00ealant la puissance d\u2019un orchestre big band \u00e0 l&rsquo;\u00e9nergie du groove \u00e9lectro.&#13;<br \/>\n&#13;<br \/>\nLes artistes nationaux et internationaux se produiront dans les salles partenaires avec notamment Kyle Eastwood 5tet \u00e0 Altigone, le duo Airelle Besson et Lionel Suarez \u00e0 la Salle Nougaro ou encore l&rsquo;univers du projet IVIV d&rsquo;Oriane Lacaille \u00e0 l&rsquo;Aria \u00e0 Cornebarrieu.<\/p>\n<p>                Cet article est r\u00e9serv\u00e9 aux abonn\u00e9s.<\/p>\n<p class=\"signature\" itemscope=\"\" itemprop=\"Author\" itemtype=\"http:\/\/schema.org\/Person\">\n                MS31\n            <\/p>\n","protected":false},"excerpt":{"rendered":"La 39\u1d49 \u00e9dition du festival Jazz sur son 31 revient du 8 au 19 octobre 2025, avec pr\u00e8s&hellip;\n","protected":false},"author":2,"featured_media":23669,"comment_status":"","ping_status":"","sticky":false,"template":"","format":"standard","meta":{"footnotes":""},"categories":[2816],"tags":[1111,11,1777,674,1011,27,12,2680,301,25,2312],"class_list":{"0":"post-298820","1":"post","2":"type-post","3":"status-publish","4":"format-standard","5":"has-post-thumbnail","7":"category-toulouse","8":"tag-actu","9":"tag-actualites","10":"tag-eu","11":"tag-europe","12":"tag-fr","13":"tag-france","14":"tag-news","15":"tag-occitanie","16":"tag-premium","17":"tag-republique-francaise","18":"tag-toulouse"},"share_on_mastodon":{"url":"https:\/\/pubeurope.com\/@fr\/114977951202002090","error":""},"_links":{"self":[{"href":"https:\/\/www.europesays.com\/fr\/wp-json\/wp\/v2\/posts\/298820","targetHints":{"allow":["GET"]}}],"collection":[{"href":"https:\/\/www.europesays.com\/fr\/wp-json\/wp\/v2\/posts"}],"about":[{"href":"https:\/\/www.europesays.com\/fr\/wp-json\/wp\/v2\/types\/post"}],"author":[{"embeddable":true,"href":"https:\/\/www.europesays.com\/fr\/wp-json\/wp\/v2\/users\/2"}],"replies":[{"embeddable":true,"href":"https:\/\/www.europesays.com\/fr\/wp-json\/wp\/v2\/comments?post=298820"}],"version-history":[{"count":0,"href":"https:\/\/www.europesays.com\/fr\/wp-json\/wp\/v2\/posts\/298820\/revisions"}],"wp:featuredmedia":[{"embeddable":true,"href":"https:\/\/www.europesays.com\/fr\/wp-json\/wp\/v2\/media\/23669"}],"wp:attachment":[{"href":"https:\/\/www.europesays.com\/fr\/wp-json\/wp\/v2\/media?parent=298820"}],"wp:term":[{"taxonomy":"category","embeddable":true,"href":"https:\/\/www.europesays.com\/fr\/wp-json\/wp\/v2\/categories?post=298820"},{"taxonomy":"post_tag","embeddable":true,"href":"https:\/\/www.europesays.com\/fr\/wp-json\/wp\/v2\/tags?post=298820"}],"curies":[{"name":"wp","href":"https:\/\/api.w.org\/{rel}","templated":true}]}}